{"id":7502,"date":"2022-10-26T20:19:12","date_gmt":"2022-10-26T18:19:12","guid":{"rendered":"https:\/\/www.passports.top\/?p=7502"},"modified":"2022-10-30T19:09:23","modified_gmt":"2022-10-30T17:09:23","slug":"paris","status":"publish","type":"post","link":"https:\/\/www.passports.top\/en\/paris\/","title":{"rendered":"City of Love, City of Light or Capital of Fashion? \u2013 Paris"},"content":{"rendered":"<p data-syno-style=\"{&quot;lineHeight&quot;:&quot;&quot;,&quot;paddingBottom&quot;:&quot;&quot;,&quot;paddingTop&quot;:&quot;&quot;,&quot;paddingLeft&quot;:&quot;&quot;,&quot;textAlign&quot;:&quot;&quot;}\" data-syno-marks=\"[{&quot;_&quot;:&quot;font_size&quot;,&quot;value&quot;:&quot;11pt&quot;},{&quot;_&quot;:&quot;font_family&quot;,&quot;value&quot;:&quot;Arial&quot;}]\"><span style=\"font-family: arial, helvetica, sans-serif\"><span class=\"goog-text-highlight\">When it comes to Paris, there are plenty of reasons to visit the most romantic city in the world.<\/span><\/span><\/p>\n<p data-syno-style=\"{&quot;lineHeight&quot;:&quot;&quot;,&quot;paddingBottom&quot;:&quot;&quot;,&quot;paddingTop&quot;:&quot;&quot;,&quot;paddingLeft&quot;:&quot;&quot;,&quot;textAlign&quot;:&quot;&quot;}\" data-syno-marks=\"[{&quot;_&quot;:&quot;font_size&quot;,&quot;value&quot;:&quot;11pt&quot;},{&quot;_&quot;:&quot;font_family&quot;,&quot;value&quot;:&quot;Arial&quot;}]\"><span style=\"font-family: arial, helvetica, sans-serif\"><!--more--><\/span><\/p>\n<p data-syno-style=\"{&quot;lineHeight&quot;:&quot;&quot;,&quot;paddingBottom&quot;:&quot;&quot;,&quot;paddingTop&quot;:&quot;&quot;,&quot;paddingLeft&quot;:&quot;&quot;,&quot;textAlign&quot;:&quot;&quot;}\" data-syno-marks=\"[{&quot;_&quot;:&quot;font_size&quot;,&quot;value&quot;:&quot;11pt&quot;},{&quot;_&quot;:&quot;font_family&quot;,&quot;value&quot;:&quot;Arial&quot;}]\"><span style=\"font-family: arial, helvetica, sans-serif\"><img loading=\"lazy\" decoding=\"async\" class=\"size-full wp-image-3686 aligncenter\" src=\"https:\/\/www.passports.top\/en\/wp-content\/uploads\/sites\/2\/2019\/12\/DSC_0119.jpg\" alt=\"\" width=\"2000\" height=\"1267\" srcset=\"https:\/\/www.passports.top\/en\/wp-content\/uploads\/sites\/2\/2019\/12\/DSC_0119.jpg 2000w, https:\/\/www.passports.top\/en\/wp-content\/uploads\/sites\/2\/2019\/12\/DSC_0119-300x190.jpg 300w, https:\/\/www.passports.top\/en\/wp-content\/uploads\/sites\/2\/2019\/12\/DSC_0119-1024x649.jpg 1024w, https:\/\/www.passports.top\/en\/wp-content\/uploads\/sites\/2\/2019\/12\/DSC_0119-768x487.jpg 768w, https:\/\/www.passports.top\/en\/wp-content\/uploads\/sites\/2\/2019\/12\/DSC_0119-1536x973.jpg 1536w\" sizes=\"auto, (max-width: 2000px) 100vw, 2000px\" \/><\/span><\/p>\n<p data-syno-style=\"{&quot;lineHeight&quot;:&quot;&quot;,&quot;paddingBottom&quot;:&quot;&quot;,&quot;paddingTop&quot;:&quot;&quot;,&quot;paddingLeft&quot;:&quot;&quot;,&quot;textAlign&quot;:&quot;&quot;}\" data-syno-marks=\"[{&quot;_&quot;:&quot;font_size&quot;,&quot;value&quot;:&quot;11pt&quot;},{&quot;_&quot;:&quot;font_family&quot;,&quot;value&quot;:&quot;Arial&quot;}]\"><span style=\"font-family: arial, helvetica, sans-serif\">From the rich history, to the architecture that adorns the city, from the scenic walks along the Seine to the gastronomic paradise, Paris is a must-visit city, whatever the season. <span class=\"goog-text-highlight\">Called the &#8220;<\/span><em><span class=\"goog-text-highlight\">City of Light<\/span><\/em><span class=\"goog-text-highlight\">&#8220;, the &#8220;<\/span><em><span class=\"goog-text-highlight\">City of Love<\/span><\/em><span class=\"goog-text-highlight\">&#8221; or the &#8220;<\/span><em><span class=\"goog-text-highlight\">Capital of Fashion<\/span><\/em><span class=\"goog-text-highlight\">&#8220;, Paris is not only full of internationally renowned attractions, but is a destination that has a lot to offer: art, food, drink, culture, landscapes, history.<\/span><\/span><\/p>\n<p data-syno-style=\"{&quot;lineHeight&quot;:&quot;&quot;,&quot;paddingBottom&quot;:&quot;&quot;,&quot;paddingTop&quot;:&quot;&quot;,&quot;paddingLeft&quot;:&quot;&quot;,&quot;textAlign&quot;:&quot;&quot;}\" data-syno-marks=\"[{&quot;_&quot;:&quot;font_size&quot;,&quot;value&quot;:&quot;11pt&quot;},{&quot;_&quot;:&quot;font_family&quot;,&quot;value&quot;:&quot;Arial&quot;}]\"><span style=\"font-family: arial, helvetica, sans-serif\"><img loading=\"lazy\" decoding=\"async\" class=\"size-full wp-image-3748 aligncenter\" src=\"https:\/\/www.passports.top\/en\/wp-content\/uploads\/sites\/2\/2019\/12\/DSC_0363.jpg\" alt=\"\" width=\"2000\" height=\"1333\" srcset=\"https:\/\/www.passports.top\/en\/wp-content\/uploads\/sites\/2\/2019\/12\/DSC_0363.jpg 2000w, https:\/\/www.passports.top\/en\/wp-content\/uploads\/sites\/2\/2019\/12\/DSC_0363-300x200.jpg 300w, https:\/\/www.passports.top\/en\/wp-content\/uploads\/sites\/2\/2019\/12\/DSC_0363-1024x682.jpg 1024w, https:\/\/www.passports.top\/en\/wp-content\/uploads\/sites\/2\/2019\/12\/DSC_0363-768x512.jpg 768w, https:\/\/www.passports.top\/en\/wp-content\/uploads\/sites\/2\/2019\/12\/DSC_0363-1536x1024.jpg 1536w\" sizes=\"auto, (max-width: 2000px) 100vw, 2000px\" \/><\/span><\/p>\n<p data-syno-style=\"{&quot;lineHeight&quot;:&quot;&quot;,&quot;paddingBottom&quot;:&quot;&quot;,&quot;paddingTop&quot;:&quot;&quot;,&quot;paddingLeft&quot;:&quot;&quot;,&quot;textAlign&quot;:&quot;&quot;}\" data-syno-marks=\"[{&quot;_&quot;:&quot;font_size&quot;,&quot;value&quot;:&quot;11pt&quot;},{&quot;_&quot;:&quot;font_family&quot;,&quot;value&quot;:&quot;Arial&quot;}]\"><span style=\"font-family: arial, helvetica, sans-serif\" data-syno-text=\"true\"><span class=\"goog-text-highlight\">We made a list of some of the Paris attractions that we visited, that we liked and that we want to share with you.<\/span><\/span><\/p>\n<p data-syno-style=\"{&quot;lineHeight&quot;:&quot;&quot;,&quot;paddingBottom&quot;:&quot;&quot;,&quot;paddingTop&quot;:&quot;&quot;,&quot;paddingLeft&quot;:&quot;&quot;,&quot;textAlign&quot;:&quot;&quot;}\" data-syno-marks=\"[{&quot;_&quot;:&quot;font_size&quot;,&quot;value&quot;:&quot;11pt&quot;},{&quot;_&quot;:&quot;font_family&quot;,&quot;value&quot;:&quot;Arial&quot;}]\"><span style=\"font-family: arial, helvetica, sans-serif\"><img loading=\"lazy\" decoding=\"async\" class=\"size-full wp-image-3738 aligncenter\" src=\"https:\/\/www.passports.top\/en\/wp-content\/uploads\/sites\/2\/2019\/12\/DSC_0332.jpg\" alt=\"\" width=\"2000\" height=\"1597\" srcset=\"https:\/\/www.passports.top\/en\/wp-content\/uploads\/sites\/2\/2019\/12\/DSC_0332.jpg 2000w, https:\/\/www.passports.top\/en\/wp-content\/uploads\/sites\/2\/2019\/12\/DSC_0332-300x240.jpg 300w, https:\/\/www.passports.top\/en\/wp-content\/uploads\/sites\/2\/2019\/12\/DSC_0332-1024x818.jpg 1024w, https:\/\/www.passports.top\/en\/wp-content\/uploads\/sites\/2\/2019\/12\/DSC_0332-768x613.jpg 768w, https:\/\/www.passports.top\/en\/wp-content\/uploads\/sites\/2\/2019\/12\/DSC_0332-1536x1226.jpg 1536w\" sizes=\"auto, (max-width: 2000px) 100vw, 2000px\" \/><\/span><\/p>\n<p data-syno-style=\"{&quot;lineHeight&quot;:&quot;&quot;,&quot;paddingBottom&quot;:&quot;&quot;,&quot;paddingTop&quot;:&quot;&quot;,&quot;paddingLeft&quot;:&quot;&quot;,&quot;textAlign&quot;:&quot;&quot;}\" data-syno-marks=\"[{&quot;_&quot;:&quot;font_size&quot;,&quot;value&quot;:&quot;11pt&quot;},{&quot;_&quot;:&quot;font_family&quot;,&quot;value&quot;:&quot;Arial&quot;},{&quot;_&quot;:&quot;strong&quot;}]\"><span style=\"font-family: arial, helvetica, sans-serif\"><strong>The Arc de Triomphe<\/strong> (<strong>Arc de triomphe de l&#8217;\u00c9toile<\/strong>) is the largest arch in the world and one of the most famous commemorative monuments, located in the center <em>of the Charles de Gaulle Square<\/em>\u00a0(formerly called\u00a0<em>the Place de l&#8217;Etoile<\/em>) from which 12 boulevards radiate, forming a star (<em>\u00e9toile<\/em>).<\/span><\/p>\n<p data-syno-style=\"{&quot;lineHeight&quot;:&quot;&quot;,&quot;paddingBottom&quot;:&quot;&quot;,&quot;paddingTop&quot;:&quot;&quot;,&quot;paddingLeft&quot;:&quot;&quot;,&quot;textAlign&quot;:&quot;&quot;}\" data-syno-marks=\"[{&quot;_&quot;:&quot;font_size&quot;,&quot;value&quot;:&quot;11pt&quot;},{&quot;_&quot;:&quot;font_family&quot;,&quot;value&quot;:&quot;Arial&quot;},{&quot;_&quot;:&quot;strong&quot;}]\"><span style=\"font-family: arial, helvetica, sans-serif\"><img loading=\"lazy\" decoding=\"async\" class=\"size-full wp-image-3740 aligncenter\" src=\"https:\/\/www.passports.top\/en\/wp-content\/uploads\/sites\/2\/2019\/12\/DSC_0342.jpg\" alt=\"\" width=\"2000\" height=\"1487\" srcset=\"https:\/\/www.passports.top\/en\/wp-content\/uploads\/sites\/2\/2019\/12\/DSC_0342.jpg 2000w, https:\/\/www.passports.top\/en\/wp-content\/uploads\/sites\/2\/2019\/12\/DSC_0342-300x223.jpg 300w, https:\/\/www.passports.top\/en\/wp-content\/uploads\/sites\/2\/2019\/12\/DSC_0342-1024x761.jpg 1024w, https:\/\/www.passports.top\/en\/wp-content\/uploads\/sites\/2\/2019\/12\/DSC_0342-768x571.jpg 768w, https:\/\/www.passports.top\/en\/wp-content\/uploads\/sites\/2\/2019\/12\/DSC_0342-1536x1142.jpg 1536w, https:\/\/www.passports.top\/en\/wp-content\/uploads\/sites\/2\/2019\/12\/DSC_0342-100x75.jpg 100w\" sizes=\"auto, (max-width: 2000px) 100vw, 2000px\" \/><\/span><\/p>\n<p data-syno-style=\"{&quot;lineHeight&quot;:&quot;&quot;,&quot;paddingBottom&quot;:&quot;&quot;,&quot;paddingTop&quot;:&quot;&quot;,&quot;paddingLeft&quot;:&quot;&quot;,&quot;textAlign&quot;:&quot;&quot;}\" data-syno-marks=\"[{&quot;_&quot;:&quot;font_size&quot;,&quot;value&quot;:&quot;11pt&quot;}]\"><span style=\"font-family: arial, helvetica, sans-serif\" data-syno-text=\"true\"><span class=\"goog-text-highlight\">Napoleon I commissioned the Arc de Triomphe in 1806 \u2013 after his great victory at the\u00a0<\/span><a href=\"https:\/\/en.wikipedia.org\/wiki\/Battle_of_Austerlitz\"><span class=\"goog-text-highlight\">Battle of Austerlitz<\/span><\/a><span class=\"goog-text-highlight\">\u00a0(1805) \u2013 to celebrate the military achievements of the French armies.\u00a0<\/span>The arch, designed by Jean-Fran\u00e7ois-Th\u00e9r\u00e8se Chalgrin, is 50 meters high and 45 meters wide.<\/span><\/p>\n<p data-syno-style=\"{&quot;lineHeight&quot;:&quot;&quot;,&quot;paddingBottom&quot;:&quot;&quot;,&quot;paddingTop&quot;:&quot;&quot;,&quot;paddingLeft&quot;:&quot;&quot;,&quot;textAlign&quot;:&quot;&quot;}\" data-syno-marks=\"[{&quot;_&quot;:&quot;font_size&quot;,&quot;value&quot;:&quot;11pt&quot;}]\"><span style=\"font-family: arial, helvetica, sans-serif\"><img loading=\"lazy\" decoding=\"async\" class=\"size-full wp-image-3739 aligncenter\" src=\"https:\/\/www.passports.top\/en\/wp-content\/uploads\/sites\/2\/2019\/12\/DSC_0340.jpg\" alt=\"\" width=\"2000\" height=\"1478\" srcset=\"https:\/\/www.passports.top\/en\/wp-content\/uploads\/sites\/2\/2019\/12\/DSC_0340.jpg 2000w, https:\/\/www.passports.top\/en\/wp-content\/uploads\/sites\/2\/2019\/12\/DSC_0340-300x222.jpg 300w, https:\/\/www.passports.top\/en\/wp-content\/uploads\/sites\/2\/2019\/12\/DSC_0340-1024x757.jpg 1024w, https:\/\/www.passports.top\/en\/wp-content\/uploads\/sites\/2\/2019\/12\/DSC_0340-768x568.jpg 768w, https:\/\/www.passports.top\/en\/wp-content\/uploads\/sites\/2\/2019\/12\/DSC_0340-1536x1135.jpg 1536w, https:\/\/www.passports.top\/en\/wp-content\/uploads\/sites\/2\/2019\/12\/DSC_0340-100x75.jpg 100w\" sizes=\"auto, (max-width: 2000px) 100vw, 2000px\" \/><\/span><\/p>\n<p data-syno-style=\"{&quot;lineHeight&quot;:&quot;&quot;,&quot;paddingBottom&quot;:&quot;&quot;,&quot;paddingTop&quot;:&quot;&quot;,&quot;paddingLeft&quot;:&quot;&quot;,&quot;textAlign&quot;:&quot;&quot;}\" data-syno-marks=\"[{&quot;_&quot;:&quot;font_size&quot;,&quot;value&quot;:&quot;11pt&quot;},{&quot;_&quot;:&quot;font_family&quot;,&quot;value&quot;:&quot;Arial&quot;}]\"><span style=\"font-family: arial, helvetica, sans-serif\"><span class=\"goog-text-highlight\">Under the arch is the\u00a0<\/span><strong><span class=\"goog-text-highlight\">Tomb of the Unknown Soldier<\/span><\/strong><span class=\"goog-text-highlight\">, and every evening at 6:30 p.m. its flame is rekindled \u2013 a tradition that was not interrupted even during the Nazi Occupation of Paris.<\/span><\/span><\/p>\n<p data-syno-style=\"{&quot;lineHeight&quot;:&quot;&quot;,&quot;paddingBottom&quot;:&quot;&quot;,&quot;paddingTop&quot;:&quot;&quot;,&quot;paddingLeft&quot;:&quot;&quot;,&quot;textAlign&quot;:&quot;&quot;}\" data-syno-marks=\"[{&quot;_&quot;:&quot;font_size&quot;,&quot;value&quot;:&quot;11pt&quot;},{&quot;_&quot;:&quot;font_family&quot;,&quot;value&quot;:&quot;Arial&quot;}]\"><span style=\"font-family: arial, helvetica, sans-serif\"><img loading=\"lazy\" decoding=\"async\" class=\"size-full wp-image-3754 aligncenter\" src=\"https:\/\/www.passports.top\/en\/wp-content\/uploads\/sites\/2\/2019\/12\/DSC_0389.jpg\" alt=\"\" width=\"2000\" height=\"1333\" srcset=\"https:\/\/www.passports.top\/en\/wp-content\/uploads\/sites\/2\/2019\/12\/DSC_0389.jpg 2000w, https:\/\/www.passports.top\/en\/wp-content\/uploads\/sites\/2\/2019\/12\/DSC_0389-300x200.jpg 300w, https:\/\/www.passports.top\/en\/wp-content\/uploads\/sites\/2\/2019\/12\/DSC_0389-1024x682.jpg 1024w, https:\/\/www.passports.top\/en\/wp-content\/uploads\/sites\/2\/2019\/12\/DSC_0389-768x512.jpg 768w, https:\/\/www.passports.top\/en\/wp-content\/uploads\/sites\/2\/2019\/12\/DSC_0389-1536x1024.jpg 1536w\" sizes=\"auto, (max-width: 2000px) 100vw, 2000px\" \/><\/span><\/p>\n<p data-syno-style=\"{&quot;lineHeight&quot;:&quot;&quot;,&quot;paddingBottom&quot;:&quot;&quot;,&quot;paddingTop&quot;:&quot;&quot;,&quot;paddingLeft&quot;:&quot;&quot;,&quot;textAlign&quot;:&quot;&quot;}\" data-syno-marks=\"[{&quot;_&quot;:&quot;font_size&quot;,&quot;value&quot;:&quot;11pt&quot;},{&quot;_&quot;:&quot;font_family&quot;,&quot;value&quot;:&quot;Arial&quot;}]\"><span style=\"font-family: arial, helvetica, sans-serif\" data-syno-text=\"true\"><span class=\"goog-text-highlight\">Whether you want to enjoy a walk around the base and under the arches of the Arc de Triomphe for free, or pay a \u20ac13 fee to climb the approximately 280 steps to the top (tickets can also be purchased\u00a0<\/span><a href=\"http:\/\/www.paris-arc-de-triomphe.fr\/en\/\"><span class=\"goog-text-highlight\">online<\/span><\/a><span class=\"goog-text-highlight\">) and have part of a wonderful view of Paris, you should definitely not miss the most important tourist attraction in Paris.<\/span><\/span><\/p>\n<p data-syno-style=\"{&quot;lineHeight&quot;:&quot;&quot;,&quot;paddingBottom&quot;:&quot;&quot;,&quot;paddingTop&quot;:&quot;&quot;,&quot;paddingLeft&quot;:&quot;&quot;,&quot;textAlign&quot;:&quot;&quot;}\" data-syno-marks=\"[{&quot;_&quot;:&quot;font_size&quot;,&quot;value&quot;:&quot;11pt&quot;},{&quot;_&quot;:&quot;font_family&quot;,&quot;value&quot;:&quot;Arial&quot;}]\"><span style=\"font-family: arial, helvetica, sans-serif\"><img loading=\"lazy\" decoding=\"async\" class=\"size-full wp-image-3750 aligncenter\" src=\"https:\/\/www.passports.top\/en\/wp-content\/uploads\/sites\/2\/2019\/12\/DSC_0366.jpg\" alt=\"\" width=\"2000\" height=\"1333\" srcset=\"https:\/\/www.passports.top\/en\/wp-content\/uploads\/sites\/2\/2019\/12\/DSC_0366.jpg 2000w, https:\/\/www.passports.top\/en\/wp-content\/uploads\/sites\/2\/2019\/12\/DSC_0366-300x200.jpg 300w, https:\/\/www.passports.top\/en\/wp-content\/uploads\/sites\/2\/2019\/12\/DSC_0366-1024x682.jpg 1024w, https:\/\/www.passports.top\/en\/wp-content\/uploads\/sites\/2\/2019\/12\/DSC_0366-768x512.jpg 768w, https:\/\/www.passports.top\/en\/wp-content\/uploads\/sites\/2\/2019\/12\/DSC_0366-1536x1024.jpg 1536w\" sizes=\"auto, (max-width: 2000px) 100vw, 2000px\" \/><\/span><\/p>\n<p data-syno-style=\"{&quot;lineHeight&quot;:&quot;&quot;,&quot;paddingBottom&quot;:&quot;&quot;,&quot;paddingTop&quot;:&quot;&quot;,&quot;paddingLeft&quot;:&quot;&quot;,&quot;textAlign&quot;:&quot;&quot;}\" data-syno-marks=\"[{&quot;_&quot;:&quot;font_size&quot;,&quot;value&quot;:&quot;11pt&quot;},{&quot;_&quot;:&quot;font_family&quot;,&quot;value&quot;:&quot;Arial&quot;}]\"><span style=\"font-family: arial, helvetica, sans-serif\" data-syno-text=\"true\">Once you reach the terrace of the Arc, the panorama of the city is truly spectacular, and on a clear day you can see most of the tourist attractions in the city, especially the Eiffel Tower.<\/span><\/p>\n<p data-syno-style=\"{&quot;lineHeight&quot;:&quot;&quot;,&quot;paddingBottom&quot;:&quot;&quot;,&quot;paddingTop&quot;:&quot;&quot;,&quot;paddingLeft&quot;:&quot;&quot;,&quot;textAlign&quot;:&quot;&quot;}\" data-syno-marks=\"[{&quot;_&quot;:&quot;font_size&quot;,&quot;value&quot;:&quot;11pt&quot;},{&quot;_&quot;:&quot;font_family&quot;,&quot;value&quot;:&quot;Arial&quot;}]\"><span style=\"font-family: arial, helvetica, sans-serif\"><img loading=\"lazy\" decoding=\"async\" class=\"size-full wp-image-3690 aligncenter\" src=\"https:\/\/www.passports.top\/en\/wp-content\/uploads\/sites\/2\/2019\/12\/DSC_0149.jpg\" alt=\"\" width=\"2000\" height=\"1463\" srcset=\"https:\/\/www.passports.top\/en\/wp-content\/uploads\/sites\/2\/2019\/12\/DSC_0149.jpg 2000w, https:\/\/www.passports.top\/en\/wp-content\/uploads\/sites\/2\/2019\/12\/DSC_0149-300x219.jpg 300w, https:\/\/www.passports.top\/en\/wp-content\/uploads\/sites\/2\/2019\/12\/DSC_0149-1024x749.jpg 1024w, https:\/\/www.passports.top\/en\/wp-content\/uploads\/sites\/2\/2019\/12\/DSC_0149-768x562.jpg 768w, https:\/\/www.passports.top\/en\/wp-content\/uploads\/sites\/2\/2019\/12\/DSC_0149-1536x1124.jpg 1536w\" sizes=\"auto, (max-width: 2000px) 100vw, 2000px\" \/><\/span><\/p>\n<p data-syno-style=\"{&quot;lineHeight&quot;:&quot;&quot;,&quot;paddingBottom&quot;:&quot;&quot;,&quot;paddingTop&quot;:&quot;&quot;,&quot;paddingLeft&quot;:&quot;&quot;,&quot;textAlign&quot;:&quot;&quot;}\" data-syno-marks=\"[{&quot;_&quot;:&quot;font_size&quot;,&quot;value&quot;:&quot;11pt&quot;},{&quot;_&quot;:&quot;font_family&quot;,&quot;value&quot;:&quot;Arial&quot;}]\"><span style=\"font-family: arial, helvetica, sans-serif\">It was supposed to be a temporary structure, but today,\u00a0<strong>the Eiffel Tower<\/strong>\u00a0is the symbol of Paris.\u00a0The original plan was for the tower to be dismantled after 20 years, but designer Gustave Eiffel added a radio antenna and telegraph transmitter to the top, and the French government decided that these would make the tower too useful to tear down.\u00a0The French ended up using one of the transmitters to jam German radio communications in World War I.<\/span><\/p>\n<p data-syno-style=\"{&quot;lineHeight&quot;:&quot;&quot;,&quot;paddingBottom&quot;:&quot;&quot;,&quot;paddingTop&quot;:&quot;&quot;,&quot;paddingLeft&quot;:&quot;&quot;,&quot;textAlign&quot;:&quot;&quot;}\" data-syno-marks=\"[{&quot;_&quot;:&quot;font_size&quot;,&quot;value&quot;:&quot;11pt&quot;},{&quot;_&quot;:&quot;font_family&quot;,&quot;value&quot;:&quot;Arial&quot;}]\"><span style=\"font-family: arial, helvetica, sans-serif\"><img loading=\"lazy\" decoding=\"async\" class=\"size-full wp-image-3756 aligncenter\" src=\"https:\/\/www.passports.top\/en\/wp-content\/uploads\/sites\/2\/2019\/12\/DSC_0424.jpg\" alt=\"\" width=\"2000\" height=\"1333\" srcset=\"https:\/\/www.passports.top\/en\/wp-content\/uploads\/sites\/2\/2019\/12\/DSC_0424.jpg 2000w, https:\/\/www.passports.top\/en\/wp-content\/uploads\/sites\/2\/2019\/12\/DSC_0424-300x200.jpg 300w, https:\/\/www.passports.top\/en\/wp-content\/uploads\/sites\/2\/2019\/12\/DSC_0424-1024x682.jpg 1024w, https:\/\/www.passports.top\/en\/wp-content\/uploads\/sites\/2\/2019\/12\/DSC_0424-768x512.jpg 768w, https:\/\/www.passports.top\/en\/wp-content\/uploads\/sites\/2\/2019\/12\/DSC_0424-1536x1024.jpg 1536w\" sizes=\"auto, (max-width: 2000px) 100vw, 2000px\" \/><\/span><\/p>\n<p data-syno-style=\"{&quot;lineHeight&quot;:&quot;&quot;,&quot;paddingBottom&quot;:&quot;&quot;,&quot;paddingTop&quot;:&quot;&quot;,&quot;paddingLeft&quot;:&quot;&quot;,&quot;textAlign&quot;:&quot;&quot;}\" data-syno-marks=\"[{&quot;_&quot;:&quot;font_size&quot;,&quot;value&quot;:&quot;11pt&quot;},{&quot;_&quot;:&quot;font_family&quot;,&quot;value&quot;:&quot;Arial&quot;}]\"><span style=\"font-family: arial, helvetica, sans-serif\" data-syno-text=\"true\">The Eiffel Tower celebrated its 130th anniversary in 2019 \u2013 it was inaugurated on March 31, 1889 and opened to the public on May 15 of the same year.<\/span><\/p>\n<p data-syno-style=\"{&quot;lineHeight&quot;:&quot;&quot;,&quot;paddingBottom&quot;:&quot;&quot;,&quot;paddingTop&quot;:&quot;&quot;,&quot;paddingLeft&quot;:&quot;&quot;,&quot;textAlign&quot;:&quot;&quot;}\" data-syno-marks=\"[{&quot;_&quot;:&quot;font_size&quot;,&quot;value&quot;:&quot;11pt&quot;},{&quot;_&quot;:&quot;font_family&quot;,&quot;value&quot;:&quot;Arial&quot;}]\"><span style=\"font-family: arial, helvetica, sans-serif\"><img loading=\"lazy\" decoding=\"async\" class=\"size-full wp-image-3751 aligncenter\" src=\"https:\/\/www.passports.top\/en\/wp-content\/uploads\/sites\/2\/2019\/12\/DSC_0369.jpg\" alt=\"\" width=\"2000\" height=\"1615\" srcset=\"https:\/\/www.passports.top\/en\/wp-content\/uploads\/sites\/2\/2019\/12\/DSC_0369.jpg 2000w, https:\/\/www.passports.top\/en\/wp-content\/uploads\/sites\/2\/2019\/12\/DSC_0369-300x242.jpg 300w, https:\/\/www.passports.top\/en\/wp-content\/uploads\/sites\/2\/2019\/12\/DSC_0369-1024x827.jpg 1024w, https:\/\/www.passports.top\/en\/wp-content\/uploads\/sites\/2\/2019\/12\/DSC_0369-768x620.jpg 768w, https:\/\/www.passports.top\/en\/wp-content\/uploads\/sites\/2\/2019\/12\/DSC_0369-1536x1240.jpg 1536w\" sizes=\"auto, (max-width: 2000px) 100vw, 2000px\" \/><\/span><\/p>\n<p data-syno-style=\"{&quot;lineHeight&quot;:&quot;&quot;,&quot;paddingBottom&quot;:&quot;&quot;,&quot;paddingTop&quot;:&quot;&quot;,&quot;paddingLeft&quot;:&quot;&quot;,&quot;textAlign&quot;:&quot;&quot;}\" data-syno-marks=\"[{&quot;_&quot;:&quot;font_size&quot;,&quot;value&quot;:&quot;11pt&quot;},{&quot;_&quot;:&quot;font_family&quot;,&quot;value&quot;:&quot;Arial&quot;}]\"><span style=\"font-family: arial, helvetica, sans-serif\" data-syno-text=\"true\">More than seven million people visit the tower annually, making it the most popular and busiest tourist attraction in Paris.\u00a0<span class=\"goog-text-highlight\">Approximately 300 million visitors have been to the tower since its opening.<\/span><\/span><\/p>\n<p data-syno-style=\"{&quot;lineHeight&quot;:&quot;&quot;,&quot;paddingBottom&quot;:&quot;&quot;,&quot;paddingTop&quot;:&quot;&quot;,&quot;paddingLeft&quot;:&quot;&quot;,&quot;textAlign&quot;:&quot;&quot;}\" data-syno-marks=\"[{&quot;_&quot;:&quot;font_size&quot;,&quot;value&quot;:&quot;11pt&quot;},{&quot;_&quot;:&quot;font_family&quot;,&quot;value&quot;:&quot;Arial&quot;}]\"><span style=\"font-family: arial, helvetica, sans-serif\"><img loading=\"lazy\" decoding=\"async\" class=\"size-full wp-image-3679 aligncenter\" src=\"https:\/\/www.passports.top\/en\/wp-content\/uploads\/sites\/2\/2019\/12\/DSC_0092.jpg\" alt=\"\" width=\"2000\" height=\"1479\" srcset=\"https:\/\/www.passports.top\/en\/wp-content\/uploads\/sites\/2\/2019\/12\/DSC_0092.jpg 2000w, https:\/\/www.passports.top\/en\/wp-content\/uploads\/sites\/2\/2019\/12\/DSC_0092-300x222.jpg 300w, https:\/\/www.passports.top\/en\/wp-content\/uploads\/sites\/2\/2019\/12\/DSC_0092-1024x757.jpg 1024w, https:\/\/www.passports.top\/en\/wp-content\/uploads\/sites\/2\/2019\/12\/DSC_0092-768x568.jpg 768w, https:\/\/www.passports.top\/en\/wp-content\/uploads\/sites\/2\/2019\/12\/DSC_0092-1536x1136.jpg 1536w, https:\/\/www.passports.top\/en\/wp-content\/uploads\/sites\/2\/2019\/12\/DSC_0092-100x75.jpg 100w\" sizes=\"auto, (max-width: 2000px) 100vw, 2000px\" \/><\/span><\/p>\n<p data-syno-style=\"{&quot;lineHeight&quot;:&quot;&quot;,&quot;paddingBottom&quot;:&quot;&quot;,&quot;paddingTop&quot;:&quot;&quot;,&quot;paddingLeft&quot;:&quot;&quot;,&quot;textAlign&quot;:&quot;&quot;}\" data-syno-marks=\"[{&quot;_&quot;:&quot;font_size&quot;,&quot;value&quot;:&quot;11pt&quot;},{&quot;_&quot;:&quot;font_family&quot;,&quot;value&quot;:&quot;Arial&quot;}]\"><span style=\"font-family: arial, helvetica, sans-serif\" data-syno-text=\"true\">To avoid the huge queues at the entrance, we recommend visiting the tower in less crowded months such as January, February, the first half of March and November.\u00a0<span class=\"goog-text-highlight\">During the peak season, from mid-June to early September, you can wait up to two hours or even longer.<\/span><\/span><\/p>\n<div class=\"epyt-video-wrapper\">\n<div  id=\"_ytid_75520\"  width=\"800\" height=\"450\"  data-origwidth=\"800\" data-origheight=\"450\" data-facadesrc=\"https:\/\/www.youtube.com\/embed\/beyEs62It0g?enablejsapi=1&#038;autoplay=0&#038;cc_load_policy=1&#038;cc_lang_pref=&#038;iv_load_policy=1&#038;loop=0&#038;rel=0&#038;fs=1&#038;playsinline=1&#038;autohide=2&#038;hl=en_US&#038;theme=dark&#038;color=red&#038;controls=1&#038;disablekb=0&#038;\" class=\"__youtube_prefs__ epyt-facade epyt-is-override  no-lazyload\" data-epautoplay=\"1\" ><img decoding=\"async\" data-spai-excluded=\"true\" class=\"epyt-facade-poster skip-lazy\" loading=\"lazy\"  alt=\"YouTube player\"  src=\"https:\/\/i.ytimg.com\/vi\/beyEs62It0g\/maxresdefault.jpg\"  \/><button class=\"epyt-facade-play\" aria-label=\"Play\"><svg data-no-lazy=\"1\" height=\"100%\" version=\"1.1\" viewBox=\"0 0 68 48\" width=\"100%\"><path class=\"ytp-large-play-button-bg\" d=\"M66.52,7.74c-0.78-2.93-2.49-5.41-5.42-6.19C55.79,.13,34,0,34,0S12.21,.13,6.9,1.55 C3.97,2.33,2.27,4.81,1.48,7.74C0.06,13.05,0,24,0,24s0.06,10.95,1.48,16.26c0.78,2.93,2.49,5.41,5.42,6.19 C12.21,47.87,34,48,34,48s21.79-0.13,27.1-1.55c2.93-0.78,4.64-3.26,5.42-6.19C67.94,34.95,68,24,68,24S67.94,13.05,66.52,7.74z\" fill=\"#f00\"><\/path><path d=\"M 45,24 27,14 27,34\" fill=\"#fff\"><\/path><\/svg><\/button><\/div>\n<\/div>\n<p data-syno-style=\"{&quot;lineHeight&quot;:&quot;&quot;,&quot;paddingBottom&quot;:&quot;&quot;,&quot;paddingTop&quot;:&quot;&quot;,&quot;paddingLeft&quot;:&quot;&quot;,&quot;textAlign&quot;:&quot;&quot;}\" data-syno-marks=\"[{&quot;_&quot;:&quot;font_size&quot;,&quot;value&quot;:&quot;11pt&quot;},{&quot;_&quot;:&quot;font_family&quot;,&quot;value&quot;:&quot;Arial&quot;}]\"><span style=\"font-family: arial, helvetica, sans-serif\" data-syno-text=\"true\">You can buy tickets on\u00a0<a href=\"https:\/\/www.toureiffel.paris\/en\/planning-smooth-visit\/attendance\">the Eiffel Tower website<\/a>\u00a0two months in advance and that way you will wait much less at the entrance.\u00a0The ticket costs between \u20ac10 and \u20ac26.\u00a0On the official website, you can find all the details, available in several languages, from the history, to the schedule, the waiting time and the best time to visit.<\/span><\/p>\n<p data-syno-style=\"{&quot;lineHeight&quot;:&quot;&quot;,&quot;paddingBottom&quot;:&quot;&quot;,&quot;paddingTop&quot;:&quot;&quot;,&quot;paddingLeft&quot;:&quot;&quot;,&quot;textAlign&quot;:&quot;&quot;}\" data-syno-marks=\"[{&quot;_&quot;:&quot;font_size&quot;,&quot;value&quot;:&quot;11pt&quot;},{&quot;_&quot;:&quot;font_family&quot;,&quot;value&quot;:&quot;Arial&quot;}]\"><span style=\"font-family: arial, helvetica, sans-serif\"><img loading=\"lazy\" decoding=\"async\" class=\"size-full wp-image-3755 aligncenter\" src=\"https:\/\/www.passports.top\/en\/wp-content\/uploads\/sites\/2\/2019\/12\/DSC_0415.jpg\" alt=\"\" width=\"2000\" height=\"1435\" srcset=\"https:\/\/www.passports.top\/en\/wp-content\/uploads\/sites\/2\/2019\/12\/DSC_0415.jpg 2000w, https:\/\/www.passports.top\/en\/wp-content\/uploads\/sites\/2\/2019\/12\/DSC_0415-300x215.jpg 300w, https:\/\/www.passports.top\/en\/wp-content\/uploads\/sites\/2\/2019\/12\/DSC_0415-1024x735.jpg 1024w, https:\/\/www.passports.top\/en\/wp-content\/uploads\/sites\/2\/2019\/12\/DSC_0415-768x551.jpg 768w, https:\/\/www.passports.top\/en\/wp-content\/uploads\/sites\/2\/2019\/12\/DSC_0415-1536x1102.jpg 1536w\" sizes=\"auto, (max-width: 2000px) 100vw, 2000px\" \/><\/span><\/p>\n<p data-syno-style=\"{&quot;lineHeight&quot;:&quot;&quot;,&quot;paddingBottom&quot;:&quot;&quot;,&quot;paddingTop&quot;:&quot;&quot;,&quot;paddingLeft&quot;:&quot;&quot;,&quot;textAlign&quot;:&quot;&quot;}\" data-syno-marks=\"[{&quot;_&quot;:&quot;font_size&quot;,&quot;value&quot;:&quot;11pt&quot;},{&quot;_&quot;:&quot;font_family&quot;,&quot;value&quot;:&quot;Arial&quot;}]\"><span style=\"font-family: arial, helvetica, sans-serif\">There are plenty of metro stations that will take you to the Eiffel Tower, but\u00a0<strong>Place de Trocad\u00e9ro<\/strong> offers perhaps the most impressive view of the &#8220;<em>Iron Lady<\/em>&#8221; in all her glory.\u00a0It&#8217;s the perfect place to capture a full-length photo of the tower and watch the evening light show.<\/span><\/p>\n<p data-syno-style=\"{&quot;lineHeight&quot;:&quot;&quot;,&quot;paddingBottom&quot;:&quot;&quot;,&quot;paddingTop&quot;:&quot;&quot;,&quot;paddingLeft&quot;:&quot;&quot;,&quot;textAlign&quot;:&quot;&quot;}\" data-syno-marks=\"[{&quot;_&quot;:&quot;font_size&quot;,&quot;value&quot;:&quot;11pt&quot;},{&quot;_&quot;:&quot;font_family&quot;,&quot;value&quot;:&quot;Arial&quot;}]\"><span style=\"font-family: arial, helvetica, sans-serif\"><img loading=\"lazy\" decoding=\"async\" class=\"size-full wp-image-3710 aligncenter\" src=\"https:\/\/www.passports.top\/en\/wp-content\/uploads\/sites\/2\/2019\/12\/DSC_0231.jpg\" alt=\"\" width=\"2000\" height=\"1368\" srcset=\"https:\/\/www.passports.top\/en\/wp-content\/uploads\/sites\/2\/2019\/12\/DSC_0231.jpg 2000w, https:\/\/www.passports.top\/en\/wp-content\/uploads\/sites\/2\/2019\/12\/DSC_0231-300x205.jpg 300w, https:\/\/www.passports.top\/en\/wp-content\/uploads\/sites\/2\/2019\/12\/DSC_0231-1024x700.jpg 1024w, https:\/\/www.passports.top\/en\/wp-content\/uploads\/sites\/2\/2019\/12\/DSC_0231-768x525.jpg 768w, https:\/\/www.passports.top\/en\/wp-content\/uploads\/sites\/2\/2019\/12\/DSC_0231-1536x1051.jpg 1536w\" sizes=\"auto, (max-width: 2000px) 100vw, 2000px\" \/><\/span><\/p>\n<p data-syno-style=\"{&quot;lineHeight&quot;:&quot;&quot;,&quot;paddingBottom&quot;:&quot;&quot;,&quot;paddingTop&quot;:&quot;&quot;,&quot;paddingLeft&quot;:&quot;&quot;,&quot;textAlign&quot;:&quot;&quot;}\" data-syno-marks=\"[{&quot;_&quot;:&quot;font_size&quot;,&quot;value&quot;:&quot;11pt&quot;},{&quot;_&quot;:&quot;font_family&quot;,&quot;value&quot;:&quot;Arial&quot;}]\"><span style=\"font-family: arial, helvetica, sans-serif\"><strong>Moulin Rouge<\/strong>\u00a0is a French cabaret opened in Paris in 1889. It has offered different types of shows over the years, in the beginning\u00a0<em>Moulin Rouge<\/em>\u00a0was a music hall where people discovered the Cancan dance.\u00a0<a href=\"http:\/\/www.moulinrouge.fr\/\">The Moulin Rouge<\/a>&#8216;s popularity\u00a0has waxed and waned over time, but the venue has always provided guests with a great, glamorous atmosphere.\u00a0The show they are putting on now is a beautiful dance and song show with glittering costumes and amazing choreography called &#8220;<em>F\u00e9erie<\/em>&#8221; (Fairy\/Wonderful Show).<\/span><\/p>\n<p data-syno-style=\"{&quot;lineHeight&quot;:&quot;&quot;,&quot;paddingBottom&quot;:&quot;&quot;,&quot;paddingTop&quot;:&quot;&quot;,&quot;paddingLeft&quot;:&quot;&quot;,&quot;textAlign&quot;:&quot;&quot;}\" data-syno-marks=\"[{&quot;_&quot;:&quot;font_size&quot;,&quot;value&quot;:&quot;11pt&quot;},{&quot;_&quot;:&quot;font_family&quot;,&quot;value&quot;:&quot;Arial&quot;}]\"><span style=\"font-family: arial, helvetica, sans-serif\"><img loading=\"lazy\" decoding=\"async\" class=\"size-full wp-image-3735 aligncenter\" src=\"https:\/\/www.passports.top\/en\/wp-content\/uploads\/sites\/2\/2019\/12\/DSC_0323.jpg\" alt=\"\" width=\"2000\" height=\"1369\" srcset=\"https:\/\/www.passports.top\/en\/wp-content\/uploads\/sites\/2\/2019\/12\/DSC_0323.jpg 2000w, https:\/\/www.passports.top\/en\/wp-content\/uploads\/sites\/2\/2019\/12\/DSC_0323-300x205.jpg 300w, https:\/\/www.passports.top\/en\/wp-content\/uploads\/sites\/2\/2019\/12\/DSC_0323-1024x701.jpg 1024w, https:\/\/www.passports.top\/en\/wp-content\/uploads\/sites\/2\/2019\/12\/DSC_0323-768x526.jpg 768w, https:\/\/www.passports.top\/en\/wp-content\/uploads\/sites\/2\/2019\/12\/DSC_0323-1536x1051.jpg 1536w\" sizes=\"auto, (max-width: 2000px) 100vw, 2000px\" \/><\/span><\/p>\n<p data-syno-style=\"{&quot;lineHeight&quot;:&quot;&quot;,&quot;paddingBottom&quot;:&quot;&quot;,&quot;paddingTop&quot;:&quot;&quot;,&quot;paddingLeft&quot;:&quot;&quot;,&quot;textAlign&quot;:&quot;&quot;}\" data-syno-marks=\"[{&quot;_&quot;:&quot;font_size&quot;,&quot;value&quot;:&quot;11pt&quot;},{&quot;_&quot;:&quot;font_family&quot;,&quot;value&quot;:&quot;Arial&quot;}]\"><span style=\"font-family: arial, helvetica, sans-serif\"><strong>The Champs-\u00c9lys\u00e9es<\/strong>, one of the most famous boulevards in the world, connects\u00a0<em>the Louvre Museum<\/em>\u00a0to the\u00a0<em>Arc de Triomphe <\/em>through the famous\u00a0<em>Place de la Concorde<\/em>\u00a0and the\u00a0<em>Jardin des Tuileries<\/em>.\u00a0It is known to be the most glamorous shopping area in Paris, with all the luxury stores on either side of it.<\/span><\/p>\n<p data-syno-style=\"{&quot;lineHeight&quot;:&quot;&quot;,&quot;paddingBottom&quot;:&quot;&quot;,&quot;paddingTop&quot;:&quot;&quot;,&quot;paddingLeft&quot;:&quot;&quot;,&quot;textAlign&quot;:&quot;&quot;}\" data-syno-marks=\"[{&quot;_&quot;:&quot;font_size&quot;,&quot;value&quot;:&quot;11pt&quot;},{&quot;_&quot;:&quot;font_family&quot;,&quot;value&quot;:&quot;Arial&quot;}]\"><span style=\"font-family: arial, helvetica, sans-serif\"><img loading=\"lazy\" decoding=\"async\" class=\"size-full wp-image-3737 aligncenter\" src=\"https:\/\/www.passports.top\/en\/wp-content\/uploads\/sites\/2\/2019\/12\/DSC_0329.jpg\" alt=\"\" width=\"2000\" height=\"1389\" srcset=\"https:\/\/www.passports.top\/en\/wp-content\/uploads\/sites\/2\/2019\/12\/DSC_0329.jpg 2000w, https:\/\/www.passports.top\/en\/wp-content\/uploads\/sites\/2\/2019\/12\/DSC_0329-300x208.jpg 300w, https:\/\/www.passports.top\/en\/wp-content\/uploads\/sites\/2\/2019\/12\/DSC_0329-1024x711.jpg 1024w, https:\/\/www.passports.top\/en\/wp-content\/uploads\/sites\/2\/2019\/12\/DSC_0329-768x533.jpg 768w, https:\/\/www.passports.top\/en\/wp-content\/uploads\/sites\/2\/2019\/12\/DSC_0329-1536x1067.jpg 1536w\" sizes=\"auto, (max-width: 2000px) 100vw, 2000px\" \/><\/span><\/p>\n<p data-syno-style=\"{&quot;lineHeight&quot;:&quot;&quot;,&quot;paddingBottom&quot;:&quot;&quot;,&quot;paddingTop&quot;:&quot;&quot;,&quot;paddingLeft&quot;:&quot;&quot;,&quot;textAlign&quot;:&quot;&quot;}\" data-syno-marks=\"[{&quot;_&quot;:&quot;font_size&quot;,&quot;value&quot;:&quot;11pt&quot;},{&quot;_&quot;:&quot;font_family&quot;,&quot;value&quot;:&quot;Arial&quot;}]\"><span style=\"font-family: arial, helvetica, sans-serif\">Every day it is visited by approximately 300,000 tourists who come to shop, admire the majestic monuments or participate in the festive events that take place here.<\/span><\/p>\n<p data-syno-style=\"{&quot;lineHeight&quot;:&quot;&quot;,&quot;paddingBottom&quot;:&quot;&quot;,&quot;paddingTop&quot;:&quot;&quot;,&quot;paddingLeft&quot;:&quot;&quot;,&quot;textAlign&quot;:&quot;&quot;}\" data-syno-marks=\"[{&quot;_&quot;:&quot;font_size&quot;,&quot;value&quot;:&quot;11pt&quot;},{&quot;_&quot;:&quot;font_family&quot;,&quot;value&quot;:&quot;Arial&quot;}]\"><span style=\"font-family: arial, helvetica, sans-serif\"><img loading=\"lazy\" decoding=\"async\" class=\"size-full wp-image-3704 aligncenter\" src=\"https:\/\/www.passports.top\/en\/wp-content\/uploads\/sites\/2\/2019\/12\/DSC_0197.jpg\" alt=\"\" width=\"2000\" height=\"1373\" srcset=\"https:\/\/www.passports.top\/en\/wp-content\/uploads\/sites\/2\/2019\/12\/DSC_0197.jpg 2000w, https:\/\/www.passports.top\/en\/wp-content\/uploads\/sites\/2\/2019\/12\/DSC_0197-300x206.jpg 300w, https:\/\/www.passports.top\/en\/wp-content\/uploads\/sites\/2\/2019\/12\/DSC_0197-1024x703.jpg 1024w, https:\/\/www.passports.top\/en\/wp-content\/uploads\/sites\/2\/2019\/12\/DSC_0197-768x527.jpg 768w, https:\/\/www.passports.top\/en\/wp-content\/uploads\/sites\/2\/2019\/12\/DSC_0197-1536x1054.jpg 1536w\" sizes=\"auto, (max-width: 2000px) 100vw, 2000px\" \/><\/span><\/p>\n<p data-syno-style=\"{&quot;lineHeight&quot;:&quot;1.5&quot;,&quot;paddingBottom&quot;:&quot;&quot;,&quot;paddingTop&quot;:&quot;&quot;,&quot;paddingLeft&quot;:&quot;&quot;,&quot;textAlign&quot;:&quot;left&quot;}\" data-syno-marks=\"[{&quot;_&quot;:&quot;font_size&quot;,&quot;value&quot;:&quot;11pt&quot;},{&quot;_&quot;:&quot;font_family&quot;,&quot;value&quot;:&quot;Arial&quot;}]\"><span style=\"font-family: arial, helvetica, sans-serif\"><strong>Place Louise-Michel<\/strong>\u00a0is a green area known for the 222 steps that lead to the Sacr\u00e9-C\u0153ur Basilica.\u00a0The market extends to the top of the hill through a series of terraces with lawns, flowers, shrubs and a variety of tree species, including hazelnuts, chestnuts, magnolias, pomegranates and oranges.<\/span><\/p>\n<p data-syno-style=\"{&quot;lineHeight&quot;:&quot;1.5&quot;,&quot;paddingBottom&quot;:&quot;&quot;,&quot;paddingTop&quot;:&quot;&quot;,&quot;paddingLeft&quot;:&quot;&quot;,&quot;textAlign&quot;:&quot;left&quot;}\" data-syno-marks=\"[{&quot;_&quot;:&quot;font_size&quot;,&quot;value&quot;:&quot;11pt&quot;},{&quot;_&quot;:&quot;font_family&quot;,&quot;value&quot;:&quot;Arial&quot;}]\"><span style=\"font-family: arial, helvetica, sans-serif\"><img loading=\"lazy\" decoding=\"async\" class=\"size-full wp-image-3702 aligncenter\" src=\"https:\/\/www.passports.top\/en\/wp-content\/uploads\/sites\/2\/2019\/12\/DSC_0190.jpg\" alt=\"\" width=\"2000\" height=\"1492\" srcset=\"https:\/\/www.passports.top\/en\/wp-content\/uploads\/sites\/2\/2019\/12\/DSC_0190.jpg 2000w, https:\/\/www.passports.top\/en\/wp-content\/uploads\/sites\/2\/2019\/12\/DSC_0190-300x224.jpg 300w, https:\/\/www.passports.top\/en\/wp-content\/uploads\/sites\/2\/2019\/12\/DSC_0190-1024x764.jpg 1024w, https:\/\/www.passports.top\/en\/wp-content\/uploads\/sites\/2\/2019\/12\/DSC_0190-768x573.jpg 768w, https:\/\/www.passports.top\/en\/wp-content\/uploads\/sites\/2\/2019\/12\/DSC_0190-1536x1146.jpg 1536w, https:\/\/www.passports.top\/en\/wp-content\/uploads\/sites\/2\/2019\/12\/DSC_0190-360x270.jpg 360w, https:\/\/www.passports.top\/en\/wp-content\/uploads\/sites\/2\/2019\/12\/DSC_0190-100x75.jpg 100w\" sizes=\"auto, (max-width: 2000px) 100vw, 2000px\" \/><\/span><\/p>\n<p data-syno-style=\"{&quot;lineHeight&quot;:&quot;&quot;,&quot;paddingBottom&quot;:&quot;&quot;,&quot;paddingTop&quot;:&quot;&quot;,&quot;paddingLeft&quot;:&quot;&quot;,&quot;textAlign&quot;:&quot;&quot;}\" data-syno-marks=\"[{&quot;_&quot;:&quot;font_size&quot;,&quot;value&quot;:&quot;11pt&quot;},{&quot;_&quot;:&quot;font_family&quot;,&quot;value&quot;:&quot;Arial&quot;},{&quot;_&quot;:&quot;color&quot;,&quot;value&quot;:&quot;#000000&quot;}]\"><span style=\"font-family: arial, helvetica, sans-serif\"><strong>The Sacr\u00e9-C\u0153ur Basilica,<\/strong>\u00a0located\u00a0at the top of Montmartre hill, offers a stunning view of Paris.\u00a0Whether you&#8217;re an architecture buff or a believer, you&#8217;ll love Sacr\u00e9-C\u0153ur, where art and religion blend perfectly.<\/span><\/p>\n<p data-syno-style=\"{&quot;lineHeight&quot;:&quot;&quot;,&quot;paddingBottom&quot;:&quot;&quot;,&quot;paddingTop&quot;:&quot;&quot;,&quot;paddingLeft&quot;:&quot;&quot;,&quot;textAlign&quot;:&quot;&quot;}\" data-syno-marks=\"[{&quot;_&quot;:&quot;font_size&quot;,&quot;value&quot;:&quot;11pt&quot;},{&quot;_&quot;:&quot;font_family&quot;,&quot;value&quot;:&quot;Arial&quot;},{&quot;_&quot;:&quot;color&quot;,&quot;value&quot;:&quot;#000000&quot;}]\"><span style=\"font-family: arial, helvetica, sans-serif\"><img loading=\"lazy\" decoding=\"async\" class=\"size-full wp-image-3697 aligncenter\" src=\"https:\/\/www.passports.top\/en\/wp-content\/uploads\/sites\/2\/2019\/12\/DSC_0164.jpg\" alt=\"\" width=\"2000\" height=\"1487\" srcset=\"https:\/\/www.passports.top\/en\/wp-content\/uploads\/sites\/2\/2019\/12\/DSC_0164.jpg 2000w, https:\/\/www.passports.top\/en\/wp-content\/uploads\/sites\/2\/2019\/12\/DSC_0164-300x223.jpg 300w, https:\/\/www.passports.top\/en\/wp-content\/uploads\/sites\/2\/2019\/12\/DSC_0164-1024x761.jpg 1024w, https:\/\/www.passports.top\/en\/wp-content\/uploads\/sites\/2\/2019\/12\/DSC_0164-768x571.jpg 768w, https:\/\/www.passports.top\/en\/wp-content\/uploads\/sites\/2\/2019\/12\/DSC_0164-1536x1142.jpg 1536w, https:\/\/www.passports.top\/en\/wp-content\/uploads\/sites\/2\/2019\/12\/DSC_0164-100x75.jpg 100w\" sizes=\"auto, (max-width: 2000px) 100vw, 2000px\" \/><\/span><\/p>\n<p data-syno-style=\"{&quot;lineHeight&quot;:&quot;&quot;,&quot;paddingBottom&quot;:&quot;&quot;,&quot;paddingTop&quot;:&quot;&quot;,&quot;paddingLeft&quot;:&quot;&quot;,&quot;textAlign&quot;:&quot;&quot;}\" data-syno-marks=\"[{&quot;_&quot;:&quot;font_size&quot;,&quot;value&quot;:&quot;11pt&quot;},{&quot;_&quot;:&quot;font_family&quot;,&quot;value&quot;:&quot;Arial&quot;},{&quot;_&quot;:&quot;color&quot;,&quot;value&quot;:&quot;#000000&quot;}]\"><span style=\"font-family: arial, helvetica, sans-serif\">Being one of the highest points in the city (130 meters), this place has always been chosen by believers, due to the feeling of being closer to heaven and God.<\/span><\/p>\n<p data-syno-style=\"{&quot;lineHeight&quot;:&quot;&quot;,&quot;paddingBottom&quot;:&quot;&quot;,&quot;paddingTop&quot;:&quot;&quot;,&quot;paddingLeft&quot;:&quot;&quot;,&quot;textAlign&quot;:&quot;&quot;}\" data-syno-marks=\"[{&quot;_&quot;:&quot;font_size&quot;,&quot;value&quot;:&quot;11pt&quot;},{&quot;_&quot;:&quot;font_family&quot;,&quot;value&quot;:&quot;Arial&quot;},{&quot;_&quot;:&quot;color&quot;,&quot;value&quot;:&quot;#000000&quot;}]\"><span style=\"font-family: arial, helvetica, sans-serif\"><img loading=\"lazy\" decoding=\"async\" class=\"size-full wp-image-3699 aligncenter\" src=\"https:\/\/www.passports.top\/en\/wp-content\/uploads\/sites\/2\/2019\/12\/DSC_0168.jpg\" alt=\"\" width=\"2000\" height=\"1333\" srcset=\"https:\/\/www.passports.top\/en\/wp-content\/uploads\/sites\/2\/2019\/12\/DSC_0168.jpg 2000w, https:\/\/www.passports.top\/en\/wp-content\/uploads\/sites\/2\/2019\/12\/DSC_0168-300x200.jpg 300w, https:\/\/www.passports.top\/en\/wp-content\/uploads\/sites\/2\/2019\/12\/DSC_0168-1024x682.jpg 1024w, https:\/\/www.passports.top\/en\/wp-content\/uploads\/sites\/2\/2019\/12\/DSC_0168-768x512.jpg 768w, https:\/\/www.passports.top\/en\/wp-content\/uploads\/sites\/2\/2019\/12\/DSC_0168-1536x1024.jpg 1536w\" sizes=\"auto, (max-width: 2000px) 100vw, 2000px\" \/><\/span><\/p>\n<p data-syno-style=\"{&quot;lineHeight&quot;:&quot;&quot;,&quot;paddingBottom&quot;:&quot;&quot;,&quot;paddingTop&quot;:&quot;&quot;,&quot;paddingLeft&quot;:&quot;&quot;,&quot;textAlign&quot;:&quot;&quot;}\" data-syno-marks=\"[{&quot;_&quot;:&quot;font_size&quot;,&quot;value&quot;:&quot;11pt&quot;},{&quot;_&quot;:&quot;font_family&quot;,&quot;value&quot;:&quot;Arial&quot;},{&quot;_&quot;:&quot;color&quot;,&quot;value&quot;:&quot;#000000&quot;}]\"><span style=\"font-family: arial, helvetica, sans-serif\">Every year, more than 10 million tourists cross its threshold, making it the second most visited church in France, after Notre Dame, which receives around 13 million visitors.\u00a0You can climb the dome of the church for a spectacular view of Paris, paying a\u00a0<a href=\"http:\/\/www.sacre-coeur-montmartre.com\/english\/\">fee<\/a>\u00a0of \u20ac6\/person.<\/span><\/p>\n<p data-syno-style=\"{&quot;lineHeight&quot;:&quot;&quot;,&quot;paddingBottom&quot;:&quot;&quot;,&quot;paddingTop&quot;:&quot;&quot;,&quot;paddingLeft&quot;:&quot;&quot;,&quot;textAlign&quot;:&quot;&quot;}\" data-syno-marks=\"[{&quot;_&quot;:&quot;font_size&quot;,&quot;value&quot;:&quot;11pt&quot;},{&quot;_&quot;:&quot;font_family&quot;,&quot;value&quot;:&quot;Arial&quot;},{&quot;_&quot;:&quot;color&quot;,&quot;value&quot;:&quot;#000000&quot;}]\"><span style=\"font-family: arial, helvetica, sans-serif\"><img loading=\"lazy\" decoding=\"async\" class=\"size-full wp-image-3724 aligncenter\" src=\"https:\/\/www.passports.top\/en\/wp-content\/uploads\/sites\/2\/2019\/12\/DSC_0276.jpg\" alt=\"\" width=\"2000\" height=\"1516\" srcset=\"https:\/\/www.passports.top\/en\/wp-content\/uploads\/sites\/2\/2019\/12\/DSC_0276.jpg 2000w, https:\/\/www.passports.top\/en\/wp-content\/uploads\/sites\/2\/2019\/12\/DSC_0276-300x227.jpg 300w, https:\/\/www.passports.top\/en\/wp-content\/uploads\/sites\/2\/2019\/12\/DSC_0276-1024x776.jpg 1024w, https:\/\/www.passports.top\/en\/wp-content\/uploads\/sites\/2\/2019\/12\/DSC_0276-768x582.jpg 768w, https:\/\/www.passports.top\/en\/wp-content\/uploads\/sites\/2\/2019\/12\/DSC_0276-1536x1164.jpg 1536w, https:\/\/www.passports.top\/en\/wp-content\/uploads\/sites\/2\/2019\/12\/DSC_0276-100x75.jpg 100w\" sizes=\"auto, (max-width: 2000px) 100vw, 2000px\" \/><\/span><\/p>\n<p data-syno-style=\"{&quot;lineHeight&quot;:&quot;1.5&quot;,&quot;paddingBottom&quot;:&quot;&quot;,&quot;paddingTop&quot;:&quot;&quot;,&quot;paddingLeft&quot;:&quot;&quot;,&quot;textAlign&quot;:&quot;left&quot;}\" data-syno-marks=\"[{&quot;_&quot;:&quot;font_size&quot;,&quot;value&quot;:&quot;11pt&quot;},{&quot;_&quot;:&quot;font_family&quot;,&quot;value&quot;:&quot;Arial&quot;}]\"><span style=\"font-family: arial, helvetica, sans-serif\">With a capacity of 2,200, the\u00a0<strong>Op\u00e9ra Garnier<\/strong>, also known as the\u00a0<em>Palais Garnier<\/em>, is an architectural treasure and an essential venue for the ballet and classical music scene.<\/span><\/p>\n<p data-syno-style=\"{&quot;lineHeight&quot;:&quot;1.5&quot;,&quot;paddingBottom&quot;:&quot;&quot;,&quot;paddingTop&quot;:&quot;&quot;,&quot;paddingLeft&quot;:&quot;&quot;,&quot;textAlign&quot;:&quot;left&quot;}\" data-syno-marks=\"[{&quot;_&quot;:&quot;font_size&quot;,&quot;value&quot;:&quot;11pt&quot;},{&quot;_&quot;:&quot;font_family&quot;,&quot;value&quot;:&quot;Arial&quot;}]\"><span style=\"font-family: arial, helvetica, sans-serif\"><img loading=\"lazy\" decoding=\"async\" class=\"size-full wp-image-3714 aligncenter\" src=\"https:\/\/www.passports.top\/en\/wp-content\/uploads\/sites\/2\/2019\/12\/DSC_0247.jpg\" alt=\"\" width=\"2000\" height=\"1379\" srcset=\"https:\/\/www.passports.top\/en\/wp-content\/uploads\/sites\/2\/2019\/12\/DSC_0247.jpg 2000w, https:\/\/www.passports.top\/en\/wp-content\/uploads\/sites\/2\/2019\/12\/DSC_0247-300x207.jpg 300w, https:\/\/www.passports.top\/en\/wp-content\/uploads\/sites\/2\/2019\/12\/DSC_0247-1024x706.jpg 1024w, https:\/\/www.passports.top\/en\/wp-content\/uploads\/sites\/2\/2019\/12\/DSC_0247-768x530.jpg 768w, https:\/\/www.passports.top\/en\/wp-content\/uploads\/sites\/2\/2019\/12\/DSC_0247-1536x1059.jpg 1536w\" sizes=\"auto, (max-width: 2000px) 100vw, 2000px\" \/><\/span><\/p>\n<p data-syno-style=\"{&quot;lineHeight&quot;:&quot;&quot;,&quot;paddingBottom&quot;:&quot;&quot;,&quot;paddingTop&quot;:&quot;&quot;,&quot;paddingLeft&quot;:&quot;&quot;,&quot;textAlign&quot;:&quot;&quot;}\" data-syno-marks=\"[{&quot;_&quot;:&quot;font_size&quot;,&quot;value&quot;:&quot;11pt&quot;},{&quot;_&quot;:&quot;font_family&quot;,&quot;value&quot;:&quot;Arial&quot;},{&quot;_&quot;:&quot;strong&quot;}]\"><span style=\"font-family: arial, helvetica, sans-serif\">In front of the opera is\u00a0<strong>Galeries Lafayette<\/strong>\u00a0\u2013 a shopping center that offers an unforgettable shopping experience in the most fabulous fashion capital.\u00a0It is one of the most popular, chic and distinguished shopping centers in Paris, dating back to the late 19th century.<\/span><\/p>\n<p data-syno-style=\"{&quot;lineHeight&quot;:&quot;&quot;,&quot;paddingBottom&quot;:&quot;&quot;,&quot;paddingTop&quot;:&quot;&quot;,&quot;paddingLeft&quot;:&quot;&quot;,&quot;textAlign&quot;:&quot;&quot;}\" data-syno-marks=\"[{&quot;_&quot;:&quot;font_size&quot;,&quot;value&quot;:&quot;11pt&quot;},{&quot;_&quot;:&quot;font_family&quot;,&quot;value&quot;:&quot;Arial&quot;},{&quot;_&quot;:&quot;strong&quot;}]\"><span style=\"font-family: arial, helvetica, sans-serif\"><img loading=\"lazy\" decoding=\"async\" class=\"size-full wp-image-3717 aligncenter\" src=\"https:\/\/www.passports.top\/en\/wp-content\/uploads\/sites\/2\/2019\/12\/DSC_0254.jpg\" alt=\"\" width=\"2000\" height=\"1315\" srcset=\"https:\/\/www.passports.top\/en\/wp-content\/uploads\/sites\/2\/2019\/12\/DSC_0254.jpg 2000w, https:\/\/www.passports.top\/en\/wp-content\/uploads\/sites\/2\/2019\/12\/DSC_0254-300x197.jpg 300w, https:\/\/www.passports.top\/en\/wp-content\/uploads\/sites\/2\/2019\/12\/DSC_0254-1024x673.jpg 1024w, https:\/\/www.passports.top\/en\/wp-content\/uploads\/sites\/2\/2019\/12\/DSC_0254-768x505.jpg 768w, https:\/\/www.passports.top\/en\/wp-content\/uploads\/sites\/2\/2019\/12\/DSC_0254-1536x1010.jpg 1536w\" sizes=\"auto, (max-width: 2000px) 100vw, 2000px\" \/><\/span><\/p>\n<p data-syno-style=\"{&quot;lineHeight&quot;:&quot;&quot;,&quot;paddingBottom&quot;:&quot;&quot;,&quot;paddingTop&quot;:&quot;&quot;,&quot;paddingLeft&quot;:&quot;&quot;,&quot;textAlign&quot;:&quot;&quot;}\" data-syno-marks=\"[{&quot;_&quot;:&quot;font_size&quot;,&quot;value&quot;:&quot;11pt&quot;},{&quot;_&quot;:&quot;font_family&quot;,&quot;value&quot;:&quot;Arial&quot;},{&quot;_&quot;:&quot;strong&quot;}]\"><span style=\"font-family: arial, helvetica, sans-serif\">The 43 meter high dome of the main hall became the emblem of the\u00a0<a href=\"https:\/\/haussmann.galerieslafayette.com\/\">Galeries Lafayette<\/a>\u00a0, a particular feature being the warmth of light given to the great hall by the neo-Byzantine windows.<\/span><\/p>\n<p data-syno-style=\"{&quot;lineHeight&quot;:&quot;&quot;,&quot;paddingBottom&quot;:&quot;&quot;,&quot;paddingTop&quot;:&quot;&quot;,&quot;paddingLeft&quot;:&quot;&quot;,&quot;textAlign&quot;:&quot;&quot;}\" data-syno-marks=\"[{&quot;_&quot;:&quot;font_size&quot;,&quot;value&quot;:&quot;11pt&quot;},{&quot;_&quot;:&quot;font_family&quot;,&quot;value&quot;:&quot;Arial&quot;},{&quot;_&quot;:&quot;strong&quot;}]\"><span style=\"font-family: arial, helvetica, sans-serif\"><img loading=\"lazy\" decoding=\"async\" class=\"size-full wp-image-3722 aligncenter\" src=\"https:\/\/www.passports.top\/en\/wp-content\/uploads\/sites\/2\/2019\/12\/DSC_0269-2.jpg\" alt=\"\" width=\"2000\" height=\"1734\" srcset=\"https:\/\/www.passports.top\/en\/wp-content\/uploads\/sites\/2\/2019\/12\/DSC_0269-2.jpg 2000w, https:\/\/www.passports.top\/en\/wp-content\/uploads\/sites\/2\/2019\/12\/DSC_0269-2-300x260.jpg 300w, https:\/\/www.passports.top\/en\/wp-content\/uploads\/sites\/2\/2019\/12\/DSC_0269-2-1024x888.jpg 1024w, https:\/\/www.passports.top\/en\/wp-content\/uploads\/sites\/2\/2019\/12\/DSC_0269-2-768x666.jpg 768w, https:\/\/www.passports.top\/en\/wp-content\/uploads\/sites\/2\/2019\/12\/DSC_0269-2-1536x1332.jpg 1536w\" sizes=\"auto, (max-width: 2000px) 100vw, 2000px\" \/><\/span><\/p>\n<p data-syno-style=\"{&quot;lineHeight&quot;:&quot;&quot;,&quot;paddingBottom&quot;:&quot;&quot;,&quot;paddingTop&quot;:&quot;&quot;,&quot;paddingLeft&quot;:&quot;&quot;,&quot;textAlign&quot;:&quot;&quot;}\" data-syno-marks=\"[{&quot;_&quot;:&quot;font_size&quot;,&quot;value&quot;:&quot;11pt&quot;},{&quot;_&quot;:&quot;font_family&quot;,&quot;value&quot;:&quot;Arial&quot;},{&quot;_&quot;:&quot;strong&quot;}]\"><span style=\"font-family: arial, helvetica, sans-serif\">The Terrace of the Galleries offers a beautiful panorama over Paris, from where you can admire\u00a0<em>the Eiffel Tower<\/em>, the\u00a0<em>Op\u00e9ra Garnier<\/em>\u00a0or\u00a0<em>the Sacr\u00e9-C\u0153ur Cathedral<\/em>.<\/span><\/p>\n<p data-syno-style=\"{&quot;lineHeight&quot;:&quot;&quot;,&quot;paddingBottom&quot;:&quot;&quot;,&quot;paddingTop&quot;:&quot;&quot;,&quot;paddingLeft&quot;:&quot;&quot;,&quot;textAlign&quot;:&quot;&quot;}\" data-syno-marks=\"[{&quot;_&quot;:&quot;font_size&quot;,&quot;value&quot;:&quot;11pt&quot;},{&quot;_&quot;:&quot;font_family&quot;,&quot;value&quot;:&quot;Arial&quot;},{&quot;_&quot;:&quot;strong&quot;}]\"><span style=\"font-family: arial, helvetica, sans-serif\"><img loading=\"lazy\" decoding=\"async\" class=\"size-full wp-image-3654 aligncenter\" src=\"https:\/\/www.passports.top\/en\/wp-content\/uploads\/sites\/2\/2019\/12\/20191109_133955.jpg\" alt=\"\" width=\"2000\" height=\"1633\" srcset=\"https:\/\/www.passports.top\/en\/wp-content\/uploads\/sites\/2\/2019\/12\/20191109_133955.jpg 2000w, https:\/\/www.passports.top\/en\/wp-content\/uploads\/sites\/2\/2019\/12\/20191109_133955-300x245.jpg 300w, https:\/\/www.passports.top\/en\/wp-content\/uploads\/sites\/2\/2019\/12\/20191109_133955-1024x836.jpg 1024w, https:\/\/www.passports.top\/en\/wp-content\/uploads\/sites\/2\/2019\/12\/20191109_133955-768x627.jpg 768w, https:\/\/www.passports.top\/en\/wp-content\/uploads\/sites\/2\/2019\/12\/20191109_133955-1536x1254.jpg 1536w\" sizes=\"auto, (max-width: 2000px) 100vw, 2000px\" \/><\/span><\/p>\n<p data-syno-style=\"{&quot;lineHeight&quot;:&quot;&quot;,&quot;paddingBottom&quot;:&quot;&quot;,&quot;paddingTop&quot;:&quot;&quot;,&quot;paddingLeft&quot;:&quot;&quot;,&quot;textAlign&quot;:&quot;&quot;}\" data-syno-marks=\"[{&quot;_&quot;:&quot;font_size&quot;,&quot;value&quot;:&quot;11pt&quot;},{&quot;_&quot;:&quot;font_family&quot;,&quot;value&quot;:&quot;Arial&quot;}]\"><span style=\"font-family: arial, helvetica, sans-serif\">For a break from shopping, you can stop at\u00a0<strong>Galeries Lafayette Gourmet<\/strong>.\u00a0Spread over 2 floors,\u00a0<em>Le Gourmet<\/em> offers the best regional food products or international specialties.<\/span><\/p>\n<p data-syno-style=\"{&quot;lineHeight&quot;:&quot;&quot;,&quot;paddingBottom&quot;:&quot;&quot;,&quot;paddingTop&quot;:&quot;&quot;,&quot;paddingLeft&quot;:&quot;&quot;,&quot;textAlign&quot;:&quot;&quot;}\" data-syno-marks=\"[{&quot;_&quot;:&quot;font_size&quot;,&quot;value&quot;:&quot;11pt&quot;},{&quot;_&quot;:&quot;font_family&quot;,&quot;value&quot;:&quot;Arial&quot;}]\"><span style=\"font-family: arial, helvetica, sans-serif\"><img loading=\"lazy\" decoding=\"async\" class=\"size-full wp-image-3713 aligncenter\" src=\"https:\/\/www.passports.top\/en\/wp-content\/uploads\/sites\/2\/2019\/12\/DSC_0246.jpg\" alt=\"\" width=\"2000\" height=\"1388\" srcset=\"https:\/\/www.passports.top\/en\/wp-content\/uploads\/sites\/2\/2019\/12\/DSC_0246.jpg 2000w, https:\/\/www.passports.top\/en\/wp-content\/uploads\/sites\/2\/2019\/12\/DSC_0246-300x208.jpg 300w, https:\/\/www.passports.top\/en\/wp-content\/uploads\/sites\/2\/2019\/12\/DSC_0246-1024x711.jpg 1024w, https:\/\/www.passports.top\/en\/wp-content\/uploads\/sites\/2\/2019\/12\/DSC_0246-768x533.jpg 768w, https:\/\/www.passports.top\/en\/wp-content\/uploads\/sites\/2\/2019\/12\/DSC_0246-1536x1066.jpg 1536w\" sizes=\"auto, (max-width: 2000px) 100vw, 2000px\" \/><\/span><\/p>\n<p data-syno-style=\"{&quot;lineHeight&quot;:&quot;&quot;,&quot;paddingBottom&quot;:&quot;&quot;,&quot;paddingTop&quot;:&quot;&quot;,&quot;paddingLeft&quot;:&quot;&quot;,&quot;textAlign&quot;:&quot;&quot;}\" data-syno-marks=\"[{&quot;_&quot;:&quot;font_size&quot;,&quot;value&quot;:&quot;11pt&quot;},{&quot;_&quot;:&quot;font_family&quot;,&quot;value&quot;:&quot;Arial&quot;}]\"><span style=\"font-family: arial, helvetica, sans-serif\">If you want to eat the best macarons, fresh and tender, you should definitely stop by\u00a0<em>Jean-Paul H\u00e9vin Chocolatier<\/em>\u00a0(in 2005 he won the award\u00a0<em>&#8220;Best Macaron Maker in Paris<\/em>&#8220;).<\/span><\/p>\n<p data-syno-style=\"{&quot;lineHeight&quot;:&quot;&quot;,&quot;paddingBottom&quot;:&quot;&quot;,&quot;paddingTop&quot;:&quot;&quot;,&quot;paddingLeft&quot;:&quot;&quot;,&quot;textAlign&quot;:&quot;&quot;}\" data-syno-marks=\"[{&quot;_&quot;:&quot;font_size&quot;,&quot;value&quot;:&quot;11pt&quot;},{&quot;_&quot;:&quot;font_family&quot;,&quot;value&quot;:&quot;Arial&quot;}]\"><span style=\"font-family: arial, helvetica, sans-serif\"><img loading=\"lazy\" decoding=\"async\" class=\"size-full wp-image-3655 aligncenter\" src=\"https:\/\/www.passports.top\/en\/wp-content\/uploads\/sites\/2\/2019\/12\/20191109_135439.jpg\" alt=\"\" width=\"2000\" height=\"1348\" srcset=\"https:\/\/www.passports.top\/en\/wp-content\/uploads\/sites\/2\/2019\/12\/20191109_135439.jpg 2000w, https:\/\/www.passports.top\/en\/wp-content\/uploads\/sites\/2\/2019\/12\/20191109_135439-300x202.jpg 300w, https:\/\/www.passports.top\/en\/wp-content\/uploads\/sites\/2\/2019\/12\/20191109_135439-1024x690.jpg 1024w, https:\/\/www.passports.top\/en\/wp-content\/uploads\/sites\/2\/2019\/12\/20191109_135439-768x518.jpg 768w, https:\/\/www.passports.top\/en\/wp-content\/uploads\/sites\/2\/2019\/12\/20191109_135439-1536x1035.jpg 1536w\" sizes=\"auto, (max-width: 2000px) 100vw, 2000px\" \/><\/span><\/p>\n<p data-syno-style=\"{&quot;lineHeight&quot;:&quot;&quot;,&quot;paddingBottom&quot;:&quot;&quot;,&quot;paddingTop&quot;:&quot;&quot;,&quot;paddingLeft&quot;:&quot;&quot;,&quot;textAlign&quot;:&quot;&quot;}\" data-syno-marks=\"[{&quot;_&quot;:&quot;font_size&quot;,&quot;value&quot;:&quot;11pt&quot;},{&quot;_&quot;:&quot;font_family&quot;,&quot;value&quot;:&quot;Arial&quot;}]\"><span style=\"font-family: arial, helvetica, sans-serif\"><a href=\"https:\/\/www.jeanpaulhevin.com\/en\/\"><span class=\"goog-text-highlight\">Jean-Paul H\u00e9vin<\/span><\/a><span class=\"goog-text-highlight\">\u00a0is a French chocolate maker who operates 4 stores in Paris, 11 in Japan and 2 in Hong Kong.<\/span><\/span><\/p>\n<p data-syno-style=\"{&quot;lineHeight&quot;:&quot;&quot;,&quot;paddingBottom&quot;:&quot;&quot;,&quot;paddingTop&quot;:&quot;&quot;,&quot;paddingLeft&quot;:&quot;&quot;,&quot;textAlign&quot;:&quot;&quot;}\" data-syno-marks=\"[{&quot;_&quot;:&quot;font_size&quot;,&quot;value&quot;:&quot;11pt&quot;},{&quot;_&quot;:&quot;font_family&quot;,&quot;value&quot;:&quot;Arial&quot;}]\"><span style=\"font-family: arial, helvetica, sans-serif\"><img loading=\"lazy\" decoding=\"async\" class=\"size-full wp-image-3671 aligncenter\" src=\"https:\/\/www.passports.top\/en\/wp-content\/uploads\/sites\/2\/2019\/12\/DSC_0062.jpg\" alt=\"\" width=\"2000\" height=\"1371\" srcset=\"https:\/\/www.passports.top\/en\/wp-content\/uploads\/sites\/2\/2019\/12\/DSC_0062.jpg 2000w, https:\/\/www.passports.top\/en\/wp-content\/uploads\/sites\/2\/2019\/12\/DSC_0062-300x206.jpg 300w, https:\/\/www.passports.top\/en\/wp-content\/uploads\/sites\/2\/2019\/12\/DSC_0062-1024x702.jpg 1024w, https:\/\/www.passports.top\/en\/wp-content\/uploads\/sites\/2\/2019\/12\/DSC_0062-768x526.jpg 768w, https:\/\/www.passports.top\/en\/wp-content\/uploads\/sites\/2\/2019\/12\/DSC_0062-1536x1053.jpg 1536w\" sizes=\"auto, (max-width: 2000px) 100vw, 2000px\" \/><\/span><\/p>\n<p data-syno-style=\"{&quot;lineHeight&quot;:&quot;&quot;,&quot;paddingBottom&quot;:&quot;&quot;,&quot;paddingTop&quot;:&quot;&quot;,&quot;paddingLeft&quot;:&quot;&quot;,&quot;textAlign&quot;:&quot;&quot;}\" data-syno-marks=\"[{&quot;_&quot;:&quot;font_size&quot;,&quot;value&quot;:&quot;11pt&quot;},{&quot;_&quot;:&quot;font_family&quot;,&quot;value&quot;:&quot;Arial&quot;}]\"><span style=\"font-family: arial, helvetica, sans-serif\"><strong><span class=\"goog-text-highlight\">The Tuileries Garden<\/span><\/strong><span class=\"goog-text-highlight\">\u00a0takes its name from the tile factories that once stood on the site where Queen Catherine de Medici built the Palais des Tuileries in 1564. The French-style gardens connect the\u00a0<\/span><em><span class=\"goog-text-highlight\">Louvre<\/span><\/em><span class=\"goog-text-highlight\">\u00a0museum to the\u00a0<\/span><em><span class=\"goog-text-highlight\">Place de la Concorde<\/span><\/em><span class=\"goog-text-highlight\">\u00a0and are the perfect place for a stroll or to relax.<\/span><\/span><\/p>\n<p data-syno-style=\"{&quot;lineHeight&quot;:&quot;&quot;,&quot;paddingBottom&quot;:&quot;&quot;,&quot;paddingTop&quot;:&quot;&quot;,&quot;paddingLeft&quot;:&quot;&quot;,&quot;textAlign&quot;:&quot;&quot;}\" data-syno-marks=\"[{&quot;_&quot;:&quot;font_size&quot;,&quot;value&quot;:&quot;11pt&quot;},{&quot;_&quot;:&quot;font_family&quot;,&quot;value&quot;:&quot;Arial&quot;}]\"><span style=\"font-family: arial, helvetica, sans-serif\"><img loading=\"lazy\" decoding=\"async\" class=\"size-full wp-image-3670 aligncenter\" src=\"https:\/\/www.passports.top\/en\/wp-content\/uploads\/sites\/2\/2019\/12\/DSC_0058.jpg\" alt=\"\" width=\"2000\" height=\"1442\" srcset=\"https:\/\/www.passports.top\/en\/wp-content\/uploads\/sites\/2\/2019\/12\/DSC_0058.jpg 2000w, https:\/\/www.passports.top\/en\/wp-content\/uploads\/sites\/2\/2019\/12\/DSC_0058-300x216.jpg 300w, https:\/\/www.passports.top\/en\/wp-content\/uploads\/sites\/2\/2019\/12\/DSC_0058-1024x738.jpg 1024w, https:\/\/www.passports.top\/en\/wp-content\/uploads\/sites\/2\/2019\/12\/DSC_0058-768x554.jpg 768w, https:\/\/www.passports.top\/en\/wp-content\/uploads\/sites\/2\/2019\/12\/DSC_0058-1536x1107.jpg 1536w\" sizes=\"auto, (max-width: 2000px) 100vw, 2000px\" \/><\/span><\/p>\n<p data-syno-style=\"{&quot;lineHeight&quot;:&quot;&quot;,&quot;paddingBottom&quot;:&quot;&quot;,&quot;paddingTop&quot;:&quot;&quot;,&quot;paddingLeft&quot;:&quot;&quot;,&quot;textAlign&quot;:&quot;&quot;}\" data-syno-marks=\"[{&quot;_&quot;:&quot;font_size&quot;,&quot;value&quot;:&quot;11pt&quot;},{&quot;_&quot;:&quot;font_family&quot;,&quot;value&quot;:&quot;Arial&quot;}]\"><span style=\"font-family: arial, helvetica, sans-serif\">Inside the gardens is also the famous\u00a0<strong>Arc de Triomphe du Carrousel<\/strong>, built around 1806 \u2013 1808 to celebrate the Napoleonic victories.<\/span><\/p>\n<p data-syno-style=\"{&quot;lineHeight&quot;:&quot;&quot;,&quot;paddingBottom&quot;:&quot;&quot;,&quot;paddingTop&quot;:&quot;&quot;,&quot;paddingLeft&quot;:&quot;&quot;,&quot;textAlign&quot;:&quot;&quot;}\" data-syno-marks=\"[{&quot;_&quot;:&quot;font_size&quot;,&quot;value&quot;:&quot;11pt&quot;},{&quot;_&quot;:&quot;font_family&quot;,&quot;value&quot;:&quot;Arial&quot;}]\"><span style=\"font-family: arial, helvetica, sans-serif\"><img loading=\"lazy\" decoding=\"async\" class=\"size-full wp-image-3669 aligncenter\" src=\"https:\/\/www.passports.top\/en\/wp-content\/uploads\/sites\/2\/2019\/12\/DSC_0055.jpg\" alt=\"\" width=\"2000\" height=\"1352\" srcset=\"https:\/\/www.passports.top\/en\/wp-content\/uploads\/sites\/2\/2019\/12\/DSC_0055.jpg 2000w, https:\/\/www.passports.top\/en\/wp-content\/uploads\/sites\/2\/2019\/12\/DSC_0055-300x203.jpg 300w, https:\/\/www.passports.top\/en\/wp-content\/uploads\/sites\/2\/2019\/12\/DSC_0055-1024x692.jpg 1024w, https:\/\/www.passports.top\/en\/wp-content\/uploads\/sites\/2\/2019\/12\/DSC_0055-768x519.jpg 768w, https:\/\/www.passports.top\/en\/wp-content\/uploads\/sites\/2\/2019\/12\/DSC_0055-1536x1038.jpg 1536w\" sizes=\"auto, (max-width: 2000px) 100vw, 2000px\" \/><\/span><\/p>\n<p data-syno-style=\"{&quot;lineHeight&quot;:&quot;&quot;,&quot;paddingBottom&quot;:&quot;&quot;,&quot;paddingTop&quot;:&quot;&quot;,&quot;paddingLeft&quot;:&quot;&quot;,&quot;textAlign&quot;:&quot;&quot;}\" data-syno-marks=\"[{&quot;_&quot;:&quot;font_size&quot;,&quot;value&quot;:&quot;11pt&quot;},{&quot;_&quot;:&quot;font_family&quot;,&quot;value&quot;:&quot;Arial&quot;}]\"><span style=\"font-family: arial, helvetica, sans-serif\"><strong><span class=\"goog-text-highlight\">The Louvre Museum<\/span><\/strong><span class=\"goog-text-highlight\">\u00a0is the most visited art museum in the world.\u00a0<\/span>Located in the heart of Paris, this historic building is a former royal palace with an area of \u200b\u200b210,000 square meters.<\/span><\/p>\n<p data-syno-style=\"{&quot;lineHeight&quot;:&quot;&quot;,&quot;paddingBottom&quot;:&quot;&quot;,&quot;paddingTop&quot;:&quot;&quot;,&quot;paddingLeft&quot;:&quot;&quot;,&quot;textAlign&quot;:&quot;&quot;}\" data-syno-marks=\"[{&quot;_&quot;:&quot;font_size&quot;,&quot;value&quot;:&quot;11pt&quot;},{&quot;_&quot;:&quot;font_family&quot;,&quot;value&quot;:&quot;Arial&quot;}]\"><span style=\"font-family: arial, helvetica, sans-serif\"><img loading=\"lazy\" decoding=\"async\" class=\"size-full wp-image-3664 aligncenter\" src=\"https:\/\/www.passports.top\/en\/wp-content\/uploads\/sites\/2\/2019\/12\/DSC_0028.jpg\" alt=\"\" width=\"2000\" height=\"1383\" srcset=\"https:\/\/www.passports.top\/en\/wp-content\/uploads\/sites\/2\/2019\/12\/DSC_0028.jpg 2000w, https:\/\/www.passports.top\/en\/wp-content\/uploads\/sites\/2\/2019\/12\/DSC_0028-300x207.jpg 300w, https:\/\/www.passports.top\/en\/wp-content\/uploads\/sites\/2\/2019\/12\/DSC_0028-1024x708.jpg 1024w, https:\/\/www.passports.top\/en\/wp-content\/uploads\/sites\/2\/2019\/12\/DSC_0028-768x531.jpg 768w, https:\/\/www.passports.top\/en\/wp-content\/uploads\/sites\/2\/2019\/12\/DSC_0028-1536x1062.jpg 1536w\" sizes=\"auto, (max-width: 2000px) 100vw, 2000px\" \/><\/span><\/p>\n<p data-syno-style=\"{&quot;lineHeight&quot;:&quot;&quot;,&quot;paddingBottom&quot;:&quot;&quot;,&quot;paddingTop&quot;:&quot;&quot;,&quot;paddingLeft&quot;:&quot;&quot;,&quot;textAlign&quot;:&quot;&quot;}\" data-syno-marks=\"[{&quot;_&quot;:&quot;font_size&quot;,&quot;value&quot;:&quot;11pt&quot;},{&quot;_&quot;:&quot;font_family&quot;,&quot;value&quot;:&quot;Arial&quot;}]\"><span style=\"font-family: arial, helvetica, sans-serif\" data-syno-text=\"true\">The collection is divided into eight departments: Egyptian antiquities, Oriental antiquities, Islamic art, sculptures from the Middle Ages, Renaissance and modern times, art objects, paintings and graphic arts.\u00a0<a href=\"https:\/\/www.louvre.fr\/en\">The museum<\/a>\u00a0is open throughout the year, except for January 1, May 1 and December 25, and the price of a ticket costs \u20ac17\/person.<\/span><\/p>\n<p data-syno-style=\"{&quot;lineHeight&quot;:&quot;&quot;,&quot;paddingBottom&quot;:&quot;&quot;,&quot;paddingTop&quot;:&quot;&quot;,&quot;paddingLeft&quot;:&quot;&quot;,&quot;textAlign&quot;:&quot;&quot;}\" data-syno-marks=\"[{&quot;_&quot;:&quot;font_size&quot;,&quot;value&quot;:&quot;11pt&quot;},{&quot;_&quot;:&quot;font_family&quot;,&quot;value&quot;:&quot;Arial&quot;}]\"><span style=\"font-family: arial, helvetica, sans-serif\"><img loading=\"lazy\" decoding=\"async\" class=\"size-full wp-image-3762 aligncenter\" src=\"https:\/\/www.passports.top\/en\/wp-content\/uploads\/sites\/2\/2019\/12\/DSC_0468.jpg\" alt=\"\" width=\"2000\" height=\"1344\" srcset=\"https:\/\/www.passports.top\/en\/wp-content\/uploads\/sites\/2\/2019\/12\/DSC_0468.jpg 2000w, https:\/\/www.passports.top\/en\/wp-content\/uploads\/sites\/2\/2019\/12\/DSC_0468-300x202.jpg 300w, https:\/\/www.passports.top\/en\/wp-content\/uploads\/sites\/2\/2019\/12\/DSC_0468-1024x688.jpg 1024w, https:\/\/www.passports.top\/en\/wp-content\/uploads\/sites\/2\/2019\/12\/DSC_0468-768x516.jpg 768w, https:\/\/www.passports.top\/en\/wp-content\/uploads\/sites\/2\/2019\/12\/DSC_0468-1536x1032.jpg 1536w\" sizes=\"auto, (max-width: 2000px) 100vw, 2000px\" \/><\/span><\/p>\n<p data-syno-style=\"{&quot;lineHeight&quot;:&quot;1.5&quot;,&quot;paddingBottom&quot;:&quot;&quot;,&quot;paddingTop&quot;:&quot;&quot;,&quot;paddingLeft&quot;:&quot;&quot;,&quot;textAlign&quot;:&quot;left&quot;}\" data-syno-marks=\"[{&quot;_&quot;:&quot;font_size&quot;,&quot;value&quot;:&quot;11pt&quot;},{&quot;_&quot;:&quot;font_family&quot;,&quot;value&quot;:&quot;Arial&quot;}]\"><span style=\"font-family: arial, helvetica, sans-serif\">The grand complex known as\u00a0<strong>Les Invalides<\/strong>\u00a0isn&#8217;t usually on the list of top Paris attractions, but it&#8217;s well worth a visit.\u00a0<span class=\"goog-text-highlight\">It includes the imposing\u00a0<\/span><em><span class=\"goog-text-highlight\">Hotel National des Invalides \u2013<\/span><\/em><span class=\"goog-text-highlight\">\u00a0a former hospital and infirmary, built in 1671 by King Louis XIV to house the wounded, elderly or homeless, the\u00a0<\/span><em><span class=\"goog-text-highlight\">Dome des Invalides<\/span><\/em><span class=\"goog-text-highlight\">\u00a0\u2013 home to the tomb of Emperor Napoleon I and\u00a0<\/span><em><span class=\"goog-text-highlight\">the Mus\u00e9e de l&#8217;Armee <\/span><\/em><span class=\"goog-text-highlight\">(Army Museum) \u2013 the largest military history museum in France, housing an impressive 50,000 objects and artefacts (armour, weaponry and artillery dating from the 13th and 17th centuries, as well as maps, paintings, uniforms and medals).<\/span><\/span><\/p>\n<p data-syno-style=\"{&quot;lineHeight&quot;:&quot;1.5&quot;,&quot;paddingBottom&quot;:&quot;&quot;,&quot;paddingTop&quot;:&quot;&quot;,&quot;paddingLeft&quot;:&quot;&quot;,&quot;textAlign&quot;:&quot;left&quot;}\" data-syno-marks=\"[{&quot;_&quot;:&quot;font_size&quot;,&quot;value&quot;:&quot;11pt&quot;},{&quot;_&quot;:&quot;font_family&quot;,&quot;value&quot;:&quot;Arial&quot;}]\"><span style=\"font-family: arial, helvetica, sans-serif\"><img loading=\"lazy\" decoding=\"async\" class=\"size-full wp-image-3763 aligncenter\" src=\"https:\/\/www.passports.top\/en\/wp-content\/uploads\/sites\/2\/2019\/12\/DSC_0469.jpg\" alt=\"\" width=\"2000\" height=\"1333\" srcset=\"https:\/\/www.passports.top\/en\/wp-content\/uploads\/sites\/2\/2019\/12\/DSC_0469.jpg 2000w, https:\/\/www.passports.top\/en\/wp-content\/uploads\/sites\/2\/2019\/12\/DSC_0469-300x200.jpg 300w, https:\/\/www.passports.top\/en\/wp-content\/uploads\/sites\/2\/2019\/12\/DSC_0469-1024x682.jpg 1024w, https:\/\/www.passports.top\/en\/wp-content\/uploads\/sites\/2\/2019\/12\/DSC_0469-768x512.jpg 768w, https:\/\/www.passports.top\/en\/wp-content\/uploads\/sites\/2\/2019\/12\/DSC_0469-1536x1024.jpg 1536w\" sizes=\"auto, (max-width: 2000px) 100vw, 2000px\" \/><\/span><\/p>\n<p data-syno-style=\"{&quot;lineHeight&quot;:&quot;1.5&quot;,&quot;paddingBottom&quot;:&quot;&quot;,&quot;paddingTop&quot;:&quot;&quot;,&quot;paddingLeft&quot;:&quot;&quot;,&quot;textAlign&quot;:&quot;left&quot;}\" data-syno-marks=\"[{&quot;_&quot;:&quot;font_size&quot;,&quot;value&quot;:&quot;11pt&quot;},{&quot;_&quot;:&quot;font_family&quot;,&quot;value&quot;:&quot;Arial&quot;}]\"><span style=\"font-family: arial, helvetica, sans-serif\"><span class=\"goog-text-highlight\">Besides these, the surrounding lawns and gardens are only good for a walk or a picnic.<\/span><\/span><\/p>\n<p data-syno-style=\"{&quot;lineHeight&quot;:&quot;1.5&quot;,&quot;paddingBottom&quot;:&quot;&quot;,&quot;paddingTop&quot;:&quot;&quot;,&quot;paddingLeft&quot;:&quot;&quot;,&quot;textAlign&quot;:&quot;left&quot;}\" data-syno-marks=\"[{&quot;_&quot;:&quot;font_size&quot;,&quot;value&quot;:&quot;11pt&quot;},{&quot;_&quot;:&quot;font_family&quot;,&quot;value&quot;:&quot;Arial&quot;}]\"><span style=\"font-family: arial, helvetica, sans-serif\"><img loading=\"lazy\" decoding=\"async\" class=\"size-full wp-image-3658 aligncenter\" src=\"https:\/\/www.passports.top\/en\/wp-content\/uploads\/sites\/2\/2019\/12\/DSC_0004.jpg\" alt=\"\" width=\"2000\" height=\"1337\" srcset=\"https:\/\/www.passports.top\/en\/wp-content\/uploads\/sites\/2\/2019\/12\/DSC_0004.jpg 2000w, https:\/\/www.passports.top\/en\/wp-content\/uploads\/sites\/2\/2019\/12\/DSC_0004-300x201.jpg 300w, https:\/\/www.passports.top\/en\/wp-content\/uploads\/sites\/2\/2019\/12\/DSC_0004-1024x685.jpg 1024w, https:\/\/www.passports.top\/en\/wp-content\/uploads\/sites\/2\/2019\/12\/DSC_0004-768x513.jpg 768w, https:\/\/www.passports.top\/en\/wp-content\/uploads\/sites\/2\/2019\/12\/DSC_0004-1536x1027.jpg 1536w\" sizes=\"auto, (max-width: 2000px) 100vw, 2000px\" \/><\/span><\/p>\n<p data-syno-style=\"{&quot;lineHeight&quot;:&quot;1.5&quot;,&quot;paddingBottom&quot;:&quot;&quot;,&quot;paddingTop&quot;:&quot;&quot;,&quot;paddingLeft&quot;:&quot;&quot;,&quot;textAlign&quot;:&quot;left&quot;}\" data-syno-marks=\"[{&quot;_&quot;:&quot;font_size&quot;,&quot;value&quot;:&quot;11pt&quot;},{&quot;_&quot;:&quot;font_family&quot;,&quot;value&quot;:&quot;Arial&quot;}]\"><span style=\"font-family: arial, helvetica, sans-serif\"><strong>The Institut de France<\/strong>\u00a0is housed in an imposing and remarkable baroque building with a partially gilded dome, located on the banks of the Seine.\u00a0The Institut de France defines itself as &#8220;the protector of French arts, literature and science&#8221; and is also home to the\u00a0<em>Biblioth\u00e8que Mazarine<\/em>\u00a0, the oldest public library in France, open to both scholars and visitors.<\/span><\/p>\n<p data-syno-style=\"{&quot;lineHeight&quot;:&quot;1.5&quot;,&quot;paddingBottom&quot;:&quot;&quot;,&quot;paddingTop&quot;:&quot;&quot;,&quot;paddingLeft&quot;:&quot;&quot;,&quot;textAlign&quot;:&quot;left&quot;}\" data-syno-marks=\"[{&quot;_&quot;:&quot;font_size&quot;,&quot;value&quot;:&quot;11pt&quot;},{&quot;_&quot;:&quot;font_family&quot;,&quot;value&quot;:&quot;Arial&quot;}]\"><span style=\"font-family: arial, helvetica, sans-serif\"><img loading=\"lazy\" decoding=\"async\" class=\"size-full wp-image-3729 aligncenter\" src=\"https:\/\/www.passports.top\/en\/wp-content\/uploads\/sites\/2\/2019\/12\/DSC_0286.jpg\" alt=\"\" width=\"2000\" height=\"1352\" srcset=\"https:\/\/www.passports.top\/en\/wp-content\/uploads\/sites\/2\/2019\/12\/DSC_0286.jpg 2000w, https:\/\/www.passports.top\/en\/wp-content\/uploads\/sites\/2\/2019\/12\/DSC_0286-300x203.jpg 300w, https:\/\/www.passports.top\/en\/wp-content\/uploads\/sites\/2\/2019\/12\/DSC_0286-1024x692.jpg 1024w, https:\/\/www.passports.top\/en\/wp-content\/uploads\/sites\/2\/2019\/12\/DSC_0286-768x519.jpg 768w, https:\/\/www.passports.top\/en\/wp-content\/uploads\/sites\/2\/2019\/12\/DSC_0286-1536x1038.jpg 1536w\" sizes=\"auto, (max-width: 2000px) 100vw, 2000px\" \/><\/span><\/p>\n<p data-syno-style=\"{&quot;lineHeight&quot;:&quot;&quot;,&quot;paddingBottom&quot;:&quot;0pt&quot;,&quot;paddingTop&quot;:&quot;0pt&quot;,&quot;paddingLeft&quot;:&quot;0pt&quot;,&quot;textAlign&quot;:&quot;left&quot;}\" data-syno-marks=\"[{&quot;_&quot;:&quot;font_size&quot;,&quot;value&quot;:&quot;11pt&quot;},{&quot;_&quot;:&quot;font_family&quot;,&quot;value&quot;:&quot;Arial&quot;}]\"><span style=\"font-family: arial, helvetica, sans-serif\"><strong>The Domaine National du Palais-Royal<\/strong>\u00a0\u2013 created by Cardinal Richelieu in 1633 \u2013 is just a short walk from the Louvre museum.\u00a0In the past, the\u00a0<em>Palais Royal<\/em>\u00a0housed the royal families until the Palace of Versailles was built.\u00a0The gardens are surrounded by gorgeous futuristic architecture with contemporary sculptures.\u00a0Today, the\u00a0<em>Palais Royal<\/em>\u00a0belongs to the French government and houses the headquarters of the Council of State, the Constitutional Council and the Ministry of Culture.<\/span><\/p>\n<p data-syno-style=\"{&quot;lineHeight&quot;:&quot;&quot;,&quot;paddingBottom&quot;:&quot;0pt&quot;,&quot;paddingTop&quot;:&quot;0pt&quot;,&quot;paddingLeft&quot;:&quot;0pt&quot;,&quot;textAlign&quot;:&quot;left&quot;}\" data-syno-marks=\"[{&quot;_&quot;:&quot;font_size&quot;,&quot;value&quot;:&quot;11pt&quot;},{&quot;_&quot;:&quot;font_family&quot;,&quot;value&quot;:&quot;Arial&quot;}]\"><span style=\"font-family: arial, helvetica, sans-serif\"><img loading=\"lazy\" decoding=\"async\" class=\"size-full wp-image-3777 aligncenter\" src=\"https:\/\/www.passports.top\/en\/wp-content\/uploads\/sites\/2\/2019\/12\/DSC_0538.jpg\" alt=\"\" width=\"2000\" height=\"1333\" srcset=\"https:\/\/www.passports.top\/en\/wp-content\/uploads\/sites\/2\/2019\/12\/DSC_0538.jpg 2000w, https:\/\/www.passports.top\/en\/wp-content\/uploads\/sites\/2\/2019\/12\/DSC_0538-300x200.jpg 300w, https:\/\/www.passports.top\/en\/wp-content\/uploads\/sites\/2\/2019\/12\/DSC_0538-1024x682.jpg 1024w, https:\/\/www.passports.top\/en\/wp-content\/uploads\/sites\/2\/2019\/12\/DSC_0538-768x512.jpg 768w, https:\/\/www.passports.top\/en\/wp-content\/uploads\/sites\/2\/2019\/12\/DSC_0538-1536x1024.jpg 1536w\" sizes=\"auto, (max-width: 2000px) 100vw, 2000px\" \/><\/span><\/p>\n<p data-syno-style=\"{&quot;lineHeight&quot;:&quot;1.5&quot;,&quot;paddingBottom&quot;:&quot;0pt&quot;,&quot;paddingTop&quot;:&quot;0pt&quot;,&quot;paddingLeft&quot;:&quot;0pt&quot;,&quot;textAlign&quot;:&quot;left&quot;}\" data-syno-marks=\"[]\"><span style=\"font-family: arial, helvetica, sans-serif\"><span class=\"goog-text-highlight\">In the center of Paris, in the middle of the Seine, there are two small islands:\u00a0<\/span><em><span class=\"goog-text-highlight\">\u00cele de la Cit\u00e9<\/span><\/em><span class=\"goog-text-highlight\">\u00a0and\u00a0<\/span><em><span class=\"goog-text-highlight\">\u00cele Saint-Louis<\/span><\/em><span class=\"goog-text-highlight\">.\u00a0<\/span><strong>The Ile de la Cit\u00e9<\/strong>\u00a0is the oldest settlement in Paris and boasts 3 major Paris landmarks:\u00a0<em>Notre Dame Cathedral<\/em>,\u00a0<em>Pont Neuf<\/em>\u00a0and\u00a0<em>Pont de l&#8217;Archev\u00each\u00e9<\/em>.\u00a0Ile de la Cit\u00e9 is also the perfect place for a riverside picnic, and at night, the illuminated bridges give the island a magical look.<\/span><\/p>\n<p data-syno-style=\"{&quot;lineHeight&quot;:&quot;1.5&quot;,&quot;paddingBottom&quot;:&quot;0pt&quot;,&quot;paddingTop&quot;:&quot;0pt&quot;,&quot;paddingLeft&quot;:&quot;0pt&quot;,&quot;textAlign&quot;:&quot;left&quot;}\" data-syno-marks=\"[]\"><span style=\"font-family: arial, helvetica, sans-serif\"><img loading=\"lazy\" decoding=\"async\" class=\"size-full wp-image-3773 aligncenter\" src=\"https:\/\/www.passports.top\/en\/wp-content\/uploads\/sites\/2\/2019\/12\/DSC_0527.jpg\" alt=\"\" width=\"2000\" height=\"1713\" srcset=\"https:\/\/www.passports.top\/en\/wp-content\/uploads\/sites\/2\/2019\/12\/DSC_0527.jpg 2000w, https:\/\/www.passports.top\/en\/wp-content\/uploads\/sites\/2\/2019\/12\/DSC_0527-300x257.jpg 300w, https:\/\/www.passports.top\/en\/wp-content\/uploads\/sites\/2\/2019\/12\/DSC_0527-1024x877.jpg 1024w, https:\/\/www.passports.top\/en\/wp-content\/uploads\/sites\/2\/2019\/12\/DSC_0527-768x658.jpg 768w, https:\/\/www.passports.top\/en\/wp-content\/uploads\/sites\/2\/2019\/12\/DSC_0527-1536x1316.jpg 1536w\" sizes=\"auto, (max-width: 2000px) 100vw, 2000px\" \/><\/span><\/p>\n<p data-syno-style=\"{&quot;lineHeight&quot;:&quot;1.5&quot;,&quot;paddingBottom&quot;:&quot;0pt&quot;,&quot;paddingTop&quot;:&quot;0pt&quot;,&quot;paddingLeft&quot;:&quot;0pt&quot;,&quot;textAlign&quot;:&quot;left&quot;}\" data-syno-marks=\"[{&quot;_&quot;:&quot;font_size&quot;,&quot;value&quot;:&quot;11pt&quot;},{&quot;_&quot;:&quot;font_family&quot;,&quot;value&quot;:&quot;Arial&quot;}]\"><span style=\"font-family: arial, helvetica, sans-serif\"><strong>Cath\u00e9drale Notre-Dame de Paris<\/strong>\u00a0is the most famous of the Gothic cathedrals built in the Middle Ages and is notable for its size, antiquity and architectural interest.\u00a0Many visitors come to admire its stained glass windows, towers, bell and gargoyles.<\/span><\/p>\n<p data-syno-style=\"{&quot;lineHeight&quot;:&quot;1.5&quot;,&quot;paddingBottom&quot;:&quot;0pt&quot;,&quot;paddingTop&quot;:&quot;0pt&quot;,&quot;paddingLeft&quot;:&quot;0pt&quot;,&quot;textAlign&quot;:&quot;left&quot;}\" data-syno-marks=\"[{&quot;_&quot;:&quot;font_size&quot;,&quot;value&quot;:&quot;11pt&quot;},{&quot;_&quot;:&quot;font_family&quot;,&quot;value&quot;:&quot;Arial&quot;}]\"><span style=\"font-family: arial, helvetica, sans-serif\"><img loading=\"lazy\" decoding=\"async\" class=\"size-full wp-image-3775 aligncenter\" src=\"https:\/\/www.passports.top\/en\/wp-content\/uploads\/sites\/2\/2019\/12\/DSC_0533.jpg\" alt=\"\" width=\"2000\" height=\"1307\" srcset=\"https:\/\/www.passports.top\/en\/wp-content\/uploads\/sites\/2\/2019\/12\/DSC_0533.jpg 2000w, https:\/\/www.passports.top\/en\/wp-content\/uploads\/sites\/2\/2019\/12\/DSC_0533-300x196.jpg 300w, https:\/\/www.passports.top\/en\/wp-content\/uploads\/sites\/2\/2019\/12\/DSC_0533-1024x669.jpg 1024w, https:\/\/www.passports.top\/en\/wp-content\/uploads\/sites\/2\/2019\/12\/DSC_0533-768x502.jpg 768w, https:\/\/www.passports.top\/en\/wp-content\/uploads\/sites\/2\/2019\/12\/DSC_0533-1536x1004.jpg 1536w\" sizes=\"auto, (max-width: 2000px) 100vw, 2000px\" \/><\/span><\/p>\n<p data-syno-style=\"{&quot;lineHeight&quot;:&quot;1.5&quot;,&quot;paddingBottom&quot;:&quot;0pt&quot;,&quot;paddingTop&quot;:&quot;0pt&quot;,&quot;paddingLeft&quot;:&quot;0pt&quot;,&quot;textAlign&quot;:&quot;left&quot;}\" data-syno-marks=\"[{&quot;_&quot;:&quot;font_size&quot;,&quot;value&quot;:&quot;11pt&quot;},{&quot;_&quot;:&quot;font_family&quot;,&quot;value&quot;:&quot;Arial&quot;}]\"><span style=\"font-family: arial, helvetica, sans-serif\">On April 15, 2019, a serious fire devastated the famous\u00a0<a href=\"https:\/\/www.notredamedeparis.fr\/\">cathedral<\/a>\u00a0and destroyed most of the roof.\u00a0Since the fire, the building and its surroundings have been closed to the public, but you can admire it from the bridges crossing the Seine or from the small streets of the \u00cele de la Cit\u00e9.\u00a0<\/span><\/p>\n<p data-syno-style=\"{&quot;lineHeight&quot;:&quot;1.5&quot;,&quot;paddingBottom&quot;:&quot;&quot;,&quot;paddingTop&quot;:&quot;&quot;,&quot;paddingLeft&quot;:&quot;&quot;,&quot;textAlign&quot;:&quot;left&quot;}\" data-syno-marks=\"[{&quot;_&quot;:&quot;font_size&quot;,&quot;value&quot;:&quot;11pt&quot;},{&quot;_&quot;:&quot;font_family&quot;,&quot;value&quot;:&quot;Arial&quot;}]\"><span style=\"font-family: arial, helvetica, sans-serif\"><img loading=\"lazy\" decoding=\"async\" class=\"size-full wp-image-3771 aligncenter\" src=\"https:\/\/www.passports.top\/en\/wp-content\/uploads\/sites\/2\/2019\/12\/DSC_0514.jpg\" alt=\"\" width=\"2000\" height=\"1518\" srcset=\"https:\/\/www.passports.top\/en\/wp-content\/uploads\/sites\/2\/2019\/12\/DSC_0514.jpg 2000w, https:\/\/www.passports.top\/en\/wp-content\/uploads\/sites\/2\/2019\/12\/DSC_0514-300x228.jpg 300w, https:\/\/www.passports.top\/en\/wp-content\/uploads\/sites\/2\/2019\/12\/DSC_0514-1024x777.jpg 1024w, https:\/\/www.passports.top\/en\/wp-content\/uploads\/sites\/2\/2019\/12\/DSC_0514-768x583.jpg 768w, https:\/\/www.passports.top\/en\/wp-content\/uploads\/sites\/2\/2019\/12\/DSC_0514-1536x1166.jpg 1536w, https:\/\/www.passports.top\/en\/wp-content\/uploads\/sites\/2\/2019\/12\/DSC_0514-100x75.jpg 100w\" sizes=\"auto, (max-width: 2000px) 100vw, 2000px\" \/><\/span><\/p>\n<p data-syno-style=\"{&quot;lineHeight&quot;:&quot;1.5&quot;,&quot;paddingBottom&quot;:&quot;&quot;,&quot;paddingTop&quot;:&quot;&quot;,&quot;paddingLeft&quot;:&quot;&quot;,&quot;textAlign&quot;:&quot;left&quot;}\" data-syno-marks=\"[{&quot;_&quot;:&quot;font_size&quot;,&quot;value&quot;:&quot;11pt&quot;},{&quot;_&quot;:&quot;font_family&quot;,&quot;value&quot;:&quot;Arial&quot;}]\"><span style=\"font-family: arial, helvetica, sans-serif\"><strong>Shakespeare and Company<\/strong>\u00a0is an independent bookstore founded in 1951 that should be on the list of literature lovers visiting Paris.\u00a0It is probably one of the most famous bookstores in the world and continues to serve as a purveyor of new books, an antiquarian bookstore, and a free reading library open to the public.\u00a0In addition, the store hosts aspiring writers and artists in exchange for help from the\u00a0<a href=\"https:\/\/shakespeareandcompany.com\/\">bookstore<\/a>.<\/span><\/p>\n<p data-syno-style=\"{&quot;lineHeight&quot;:&quot;1.5&quot;,&quot;paddingBottom&quot;:&quot;&quot;,&quot;paddingTop&quot;:&quot;&quot;,&quot;paddingLeft&quot;:&quot;&quot;,&quot;textAlign&quot;:&quot;left&quot;}\" data-syno-marks=\"[{&quot;_&quot;:&quot;font_size&quot;,&quot;value&quot;:&quot;11pt&quot;},{&quot;_&quot;:&quot;font_family&quot;,&quot;value&quot;:&quot;Arial&quot;}]\"><span style=\"font-family: arial, helvetica, sans-serif\"><img loading=\"lazy\" decoding=\"async\" class=\"size-full wp-image-3684 aligncenter\" src=\"https:\/\/www.passports.top\/en\/wp-content\/uploads\/sites\/2\/2019\/12\/DSC_0113.jpg\" alt=\"\" width=\"2000\" height=\"1145\" srcset=\"https:\/\/www.passports.top\/en\/wp-content\/uploads\/sites\/2\/2019\/12\/DSC_0113.jpg 2000w, https:\/\/www.passports.top\/en\/wp-content\/uploads\/sites\/2\/2019\/12\/DSC_0113-300x172.jpg 300w, https:\/\/www.passports.top\/en\/wp-content\/uploads\/sites\/2\/2019\/12\/DSC_0113-1024x586.jpg 1024w, https:\/\/www.passports.top\/en\/wp-content\/uploads\/sites\/2\/2019\/12\/DSC_0113-768x440.jpg 768w, https:\/\/www.passports.top\/en\/wp-content\/uploads\/sites\/2\/2019\/12\/DSC_0113-1536x879.jpg 1536w\" sizes=\"auto, (max-width: 2000px) 100vw, 2000px\" \/><\/span><\/p>\n<p data-syno-style=\"{&quot;lineHeight&quot;:&quot;&quot;,&quot;paddingBottom&quot;:&quot;0pt&quot;,&quot;paddingTop&quot;:&quot;0pt&quot;,&quot;paddingLeft&quot;:&quot;0pt&quot;,&quot;textAlign&quot;:&quot;left&quot;}\" data-syno-marks=\"[{&quot;_&quot;:&quot;font_size&quot;,&quot;value&quot;:&quot;11pt&quot;},{&quot;_&quot;:&quot;font_family&quot;,&quot;value&quot;:&quot;Arial&quot;}]\"><span style=\"font-family: arial, helvetica, sans-serif\"><strong>The Alexandre III bridge<\/strong>\u00a0is considered to be the most beautiful and elegant bridge in Paris, being decorated with lanterns, angels and nymphs.\u00a0<span class=\"goog-text-highlight\">At 160 meters long, the\u00a0<\/span><em><span class=\"goog-text-highlight\">Pont Alexandre III<\/span><\/em><span class=\"goog-text-highlight\">\u00a0connects\u00a0<\/span><em><span class=\"goog-text-highlight\">the Champs-\u00c9lys\u00e9es<\/span><\/em><span class=\"goog-text-highlight\">\u00a0and the\u00a0<\/span><em><span class=\"goog-text-highlight\">Invalides<\/span><\/em><span class=\"goog-text-highlight\"> district.\u00a0<\/span>The bridge was built as a symbol of the peaceful relationship between <em>France<\/em> and <em>Russia<\/em>, the first foundation stone being laid by <em>Tsar<\/em>\u00a0<em>Nicholas II of Russia<\/em>\u00a0in 1896.<\/span><\/p>\n<p data-syno-style=\"{&quot;lineHeight&quot;:&quot;&quot;,&quot;paddingBottom&quot;:&quot;0pt&quot;,&quot;paddingTop&quot;:&quot;0pt&quot;,&quot;paddingLeft&quot;:&quot;0pt&quot;,&quot;textAlign&quot;:&quot;left&quot;}\" data-syno-marks=\"[{&quot;_&quot;:&quot;font_size&quot;,&quot;value&quot;:&quot;11pt&quot;},{&quot;_&quot;:&quot;font_family&quot;,&quot;value&quot;:&quot;Arial&quot;}]\"><span style=\"font-family: arial, helvetica, sans-serif\"><img loading=\"lazy\" decoding=\"async\" class=\"size-full wp-image-3688 aligncenter\" src=\"https:\/\/www.passports.top\/en\/wp-content\/uploads\/sites\/2\/2019\/12\/DSC_0125.jpg\" alt=\"\" width=\"2000\" height=\"1354\" srcset=\"https:\/\/www.passports.top\/en\/wp-content\/uploads\/sites\/2\/2019\/12\/DSC_0125.jpg 2000w, https:\/\/www.passports.top\/en\/wp-content\/uploads\/sites\/2\/2019\/12\/DSC_0125-300x203.jpg 300w, https:\/\/www.passports.top\/en\/wp-content\/uploads\/sites\/2\/2019\/12\/DSC_0125-1024x693.jpg 1024w, https:\/\/www.passports.top\/en\/wp-content\/uploads\/sites\/2\/2019\/12\/DSC_0125-768x520.jpg 768w, https:\/\/www.passports.top\/en\/wp-content\/uploads\/sites\/2\/2019\/12\/DSC_0125-1536x1040.jpg 1536w\" sizes=\"auto, (max-width: 2000px) 100vw, 2000px\" \/><\/span><\/p>\n<p data-syno-style=\"{&quot;lineHeight&quot;:&quot;&quot;,&quot;paddingBottom&quot;:&quot;0pt&quot;,&quot;paddingTop&quot;:&quot;0pt&quot;,&quot;paddingLeft&quot;:&quot;0pt&quot;,&quot;textAlign&quot;:&quot;left&quot;}\" data-syno-marks=\"[{&quot;_&quot;:&quot;font_size&quot;,&quot;value&quot;:&quot;11pt&quot;},{&quot;_&quot;:&quot;font_family&quot;,&quot;value&quot;:&quot;Arial&quot;}]\"><span style=\"font-family: arial, helvetica, sans-serif\">Two large copper statues decorate the middle part of the bridge, facing each side of the river.\u00a0One is named &#8220;<em>Nymphs of the Seine<\/em>&#8221; after the river that runs through <em>Paris<\/em>, and the other is &#8220;<em>Nymphs of the Neva&#8221;<\/em>, named after the river that runs through <em>Saint Petersburg<\/em>, <em>Russia<\/em>.\u00a0At its four extremities are huge 17-meter-high pillars crowned with gilded bronze sculptures of winged horses depicting art, agriculture, trade and war.<\/span><\/p>\n<p data-syno-style=\"{&quot;lineHeight&quot;:&quot;&quot;,&quot;paddingBottom&quot;:&quot;0pt&quot;,&quot;paddingTop&quot;:&quot;0pt&quot;,&quot;paddingLeft&quot;:&quot;0pt&quot;,&quot;textAlign&quot;:&quot;left&quot;}\" data-syno-marks=\"[{&quot;_&quot;:&quot;font_size&quot;,&quot;value&quot;:&quot;11pt&quot;},{&quot;_&quot;:&quot;font_family&quot;,&quot;value&quot;:&quot;Arial&quot;}]\"><span style=\"font-family: arial, helvetica, sans-serif\"><img loading=\"lazy\" decoding=\"async\" class=\"size-full wp-image-3687 aligncenter\" src=\"https:\/\/www.passports.top\/en\/wp-content\/uploads\/sites\/2\/2019\/12\/DSC_0120.jpg\" alt=\"\" width=\"2000\" height=\"1740\" srcset=\"https:\/\/www.passports.top\/en\/wp-content\/uploads\/sites\/2\/2019\/12\/DSC_0120.jpg 2000w, https:\/\/www.passports.top\/en\/wp-content\/uploads\/sites\/2\/2019\/12\/DSC_0120-300x261.jpg 300w, https:\/\/www.passports.top\/en\/wp-content\/uploads\/sites\/2\/2019\/12\/DSC_0120-1024x891.jpg 1024w, https:\/\/www.passports.top\/en\/wp-content\/uploads\/sites\/2\/2019\/12\/DSC_0120-768x668.jpg 768w, https:\/\/www.passports.top\/en\/wp-content\/uploads\/sites\/2\/2019\/12\/DSC_0120-1536x1336.jpg 1536w\" sizes=\"auto, (max-width: 2000px) 100vw, 2000px\" \/><\/span><\/p>\n<p data-syno-style=\"{&quot;lineHeight&quot;:&quot;&quot;,&quot;paddingBottom&quot;:&quot;0pt&quot;,&quot;paddingTop&quot;:&quot;0pt&quot;,&quot;paddingLeft&quot;:&quot;0pt&quot;,&quot;textAlign&quot;:&quot;left&quot;}\" data-syno-marks=\"[{&quot;_&quot;:&quot;font_size&quot;,&quot;value&quot;:&quot;11pt&quot;},{&quot;_&quot;:&quot;font_family&quot;,&quot;value&quot;:&quot;Arial&quot;}]\"><span style=\"font-family: arial, helvetica, sans-serif\">From the bridge you can enjoy the view of the\u00a0<em>Eiffel Tower<\/em>, the Seine and other impressive buildings such as\u00a0<em>the Grand Palais <\/em>and the\u00a0<em>Petit Palais<\/em>\u00a0, regardless of the season or time of day.<\/span><\/p>\n<p data-syno-style=\"{&quot;lineHeight&quot;:&quot;&quot;,&quot;paddingBottom&quot;:&quot;0pt&quot;,&quot;paddingTop&quot;:&quot;0pt&quot;,&quot;paddingLeft&quot;:&quot;0pt&quot;,&quot;textAlign&quot;:&quot;left&quot;}\" data-syno-marks=\"[{&quot;_&quot;:&quot;font_size&quot;,&quot;value&quot;:&quot;11pt&quot;},{&quot;_&quot;:&quot;font_family&quot;,&quot;value&quot;:&quot;Arial&quot;}]\"><span style=\"font-family: arial, helvetica, sans-serif\"><img loading=\"lazy\" decoding=\"async\" class=\"size-full wp-image-3766 aligncenter\" src=\"https:\/\/www.passports.top\/en\/wp-content\/uploads\/sites\/2\/2019\/12\/DSC_0487.jpg\" alt=\"\" width=\"2000\" height=\"1434\" srcset=\"https:\/\/www.passports.top\/en\/wp-content\/uploads\/sites\/2\/2019\/12\/DSC_0487.jpg 2000w, https:\/\/www.passports.top\/en\/wp-content\/uploads\/sites\/2\/2019\/12\/DSC_0487-300x215.jpg 300w, https:\/\/www.passports.top\/en\/wp-content\/uploads\/sites\/2\/2019\/12\/DSC_0487-1024x734.jpg 1024w, https:\/\/www.passports.top\/en\/wp-content\/uploads\/sites\/2\/2019\/12\/DSC_0487-768x551.jpg 768w, https:\/\/www.passports.top\/en\/wp-content\/uploads\/sites\/2\/2019\/12\/DSC_0487-1536x1101.jpg 1536w\" sizes=\"auto, (max-width: 2000px) 100vw, 2000px\" \/><\/span><\/p>\n<p data-syno-style=\"{&quot;lineHeight&quot;:&quot;&quot;,&quot;paddingBottom&quot;:&quot;0pt&quot;,&quot;paddingTop&quot;:&quot;0pt&quot;,&quot;paddingLeft&quot;:&quot;0pt&quot;,&quot;textAlign&quot;:&quot;left&quot;}\" data-syno-marks=\"[{&quot;_&quot;:&quot;font_size&quot;,&quot;value&quot;:&quot;11pt&quot;},{&quot;_&quot;:&quot;font_family&quot;,&quot;value&quot;:&quot;Arial&quot;}]\"><span style=\"font-family: arial, helvetica, sans-serif\"><strong>The Panth\u00e9on<\/strong> in Paris dates from 1773 \u2013 the time when France was fascinated by all things Greek and Roman. With its 22 Corinthian columns, the Panth\u00e9on&#8217;s facade was inspired by that of <a href=\"https:\/\/www.passports.top\/en\/rome\/\">Rome<\/a>.\u00a0The crypt contains the tombs of many great French notables such as <em>Voltaire<\/em>, <em>Victor Hugo<\/em>, <em>Alexandre Dumas<\/em> or <em>Pierre<\/em> and <em>Marie<\/em> <em>Curie<\/em>. From April to October, you can admire Paris from the dome, paying a fee of \u20ac2\/person, and for the inside of the\u00a0<a href=\"http:\/\/www.paris-pantheon.fr\/en\/\">Panth\u00e9on<\/a>\u00a0you have to pay \u20ac9\/person.<\/span><\/p>\n<p data-syno-style=\"{&quot;lineHeight&quot;:&quot;&quot;,&quot;paddingBottom&quot;:&quot;0pt&quot;,&quot;paddingTop&quot;:&quot;0pt&quot;,&quot;paddingLeft&quot;:&quot;0pt&quot;,&quot;textAlign&quot;:&quot;left&quot;}\" data-syno-marks=\"[{&quot;_&quot;:&quot;font_size&quot;,&quot;value&quot;:&quot;11pt&quot;},{&quot;_&quot;:&quot;font_family&quot;,&quot;value&quot;:&quot;Arial&quot;}]\"><span style=\"font-family: arial, helvetica, sans-serif\"><img loading=\"lazy\" decoding=\"async\" class=\"size-full wp-image-3707 aligncenter\" src=\"https:\/\/www.passports.top\/en\/wp-content\/uploads\/sites\/2\/2019\/12\/DSC_0217.jpg\" alt=\"\" width=\"2000\" height=\"1316\" srcset=\"https:\/\/www.passports.top\/en\/wp-content\/uploads\/sites\/2\/2019\/12\/DSC_0217.jpg 2000w, https:\/\/www.passports.top\/en\/wp-content\/uploads\/sites\/2\/2019\/12\/DSC_0217-300x197.jpg 300w, https:\/\/www.passports.top\/en\/wp-content\/uploads\/sites\/2\/2019\/12\/DSC_0217-1024x674.jpg 1024w, https:\/\/www.passports.top\/en\/wp-content\/uploads\/sites\/2\/2019\/12\/DSC_0217-768x505.jpg 768w, https:\/\/www.passports.top\/en\/wp-content\/uploads\/sites\/2\/2019\/12\/DSC_0217-1536x1011.jpg 1536w\" sizes=\"auto, (max-width: 2000px) 100vw, 2000px\" \/><\/span><\/p>\n<p data-syno-style=\"{&quot;lineHeight&quot;:&quot;&quot;,&quot;paddingBottom&quot;:&quot;&quot;,&quot;paddingTop&quot;:&quot;&quot;,&quot;paddingLeft&quot;:&quot;&quot;,&quot;textAlign&quot;:&quot;&quot;}\" data-syno-marks=\"[{&quot;_&quot;:&quot;font_size&quot;,&quot;value&quot;:&quot;11pt&quot;},{&quot;_&quot;:&quot;font_family&quot;,&quot;value&quot;:&quot;Arial&quot;}]\"><span style=\"font-family: arial, helvetica, sans-serif\">Paris is one of the most popular and crowded destinations in the world, but as the famous\u00a0<em>Audrey Hepburn<\/em> said: &#8220;<em>Paris is always a good idea<\/em>&#8220;.<\/span><\/p>\n<p data-syno-style=\"{&quot;lineHeight&quot;:&quot;&quot;,&quot;paddingBottom&quot;:&quot;&quot;,&quot;paddingTop&quot;:&quot;&quot;,&quot;paddingLeft&quot;:&quot;&quot;,&quot;textAlign&quot;:&quot;&quot;}\" data-syno-marks=\"[{&quot;_&quot;:&quot;font_size&quot;,&quot;value&quot;:&quot;11pt&quot;},{&quot;_&quot;:&quot;font_family&quot;,&quot;value&quot;:&quot;Arial&quot;}]\"><span style=\"font-family: arial, helvetica, sans-serif\">From Paris we continued our way to\u00a0<a href=\"https:\/\/www.passports.top\/en\/london\/\">London<\/a>.<\/span><\/p>\n<p data-syno-style=\"{&quot;lineHeight&quot;:&quot;&quot;,&quot;paddingBottom&quot;:&quot;&quot;,&quot;paddingTop&quot;:&quot;&quot;,&quot;paddingLeft&quot;:&quot;&quot;,&quot;textAlign&quot;:&quot;&quot;}\" data-syno-marks=\"[{&quot;_&quot;:&quot;font_size&quot;,&quot;value&quot;:&quot;11pt&quot;},{&quot;_&quot;:&quot;font_family&quot;,&quot;value&quot;:&quot;Arial&quot;}]\"><span style=\"font-family: arial, helvetica, sans-serif;font-size: 10pt\">(Paris \u2013 November 2019)<\/span><\/p>\n<p data-syno-style=\"{&quot;lineHeight&quot;:&quot;&quot;,&quot;paddingBottom&quot;:&quot;&quot;,&quot;paddingTop&quot;:&quot;&quot;,&quot;paddingLeft&quot;:&quot;&quot;,&quot;textAlign&quot;:&quot;&quot;}\" data-syno-marks=\"[{&quot;_&quot;:&quot;font_size&quot;,&quot;value&quot;:&quot;11pt&quot;},{&quot;_&quot;:&quot;font_family&quot;,&quot;value&quot;:&quot;Arial&quot;}]\"><span style=\"font-family: arial, helvetica, sans-serif\"><img loading=\"lazy\" decoding=\"async\" class=\"alignnone size-full wp-image-93\" src=\"https:\/\/www.passports.top\/en\/wp-content\/uploads\/sites\/2\/2017\/01\/text1486654700.gif\" alt=\"\" width=\"129\" height=\"100\" \/><\/span><\/p>\n<div data-carousel-extra='{\"blog_id\":2,\"permalink\":\"https:\\\/\\\/www.passports.top\\\/en\\\/paris\\\/\",\"likes_blog_id\":false}' id='gallery-1' class='gallery galleryid-7502 gallery-columns-4 gallery-size-thumbnail'><figure class='gallery-item'>\n\t\t\t<div class='gallery-icon landscape'>\n\t\t\t\t<a href='https:\/\/www.passports.top\/en\/dsc_0002-8\/'><img loading=\"lazy\" decoding=\"async\" width=\"150\" height=\"150\" src=\"https:\/\/www.passports.top\/en\/wp-content\/uploads\/sites\/2\/2019\/12\/DSC_0002-150x150.jpg\" class=\"attachment-thumbnail size-thumbnail\" alt=\"\" data-attachment-id=\"3657\" data-orig-file=\"https:\/\/www.passports.top\/en\/wp-content\/uploads\/sites\/2\/2019\/12\/DSC_0002.jpg\" data-orig-size=\"2000,1457\" data-comments-opened=\"1\" data-image-meta=\"{&quot;aperture&quot;:&quot;9&quot;,&quot;credit&quot;:&quot;&quot;,&quot;camera&quot;:&quot;NIKON D5300&quot;,&quot;caption&quot;:&quot;&quot;,&quot;created_timestamp&quot;:&quot;1573233795&quot;,&quot;copyright&quot;:&quot;&quot;,&quot;focal_length&quot;:&quot;18&quot;,&quot;iso&quot;:&quot;400&quot;,&quot;shutter_speed&quot;:&quot;0.00625&quot;,&quot;title&quot;:&quot;&quot;,&quot;orientation&quot;:&quot;0&quot;,&quot;keywords&quot;:&quot;Array&quot;}\" data-image-title=\"Institut de France, Paris, Fran\u021ba\" data-image-description=\"\" data-medium-file=\"https:\/\/www.passports.top\/en\/wp-content\/uploads\/sites\/2\/2019\/12\/DSC_0002-300x219.jpg\" data-large-file=\"https:\/\/www.passports.top\/en\/wp-content\/uploads\/sites\/2\/2019\/12\/DSC_0002-1024x746.jpg\" \/><\/a>\n\t\t\t<\/div><\/figure><figure class='gallery-item'>\n\t\t\t<div class='gallery-icon landscape'>\n\t\t\t\t<a href='https:\/\/www.passports.top\/en\/dsc_0004-3\/'><img loading=\"lazy\" decoding=\"async\" width=\"150\" height=\"150\" src=\"https:\/\/www.passports.top\/en\/wp-content\/uploads\/sites\/2\/2019\/12\/DSC_0004-150x150.jpg\" class=\"attachment-thumbnail size-thumbnail\" alt=\"\" data-attachment-id=\"3658\" data-orig-file=\"https:\/\/www.passports.top\/en\/wp-content\/uploads\/sites\/2\/2019\/12\/DSC_0004.jpg\" data-orig-size=\"2000,1337\" data-comments-opened=\"1\" data-image-meta=\"{&quot;aperture&quot;:&quot;11&quot;,&quot;credit&quot;:&quot;&quot;,&quot;camera&quot;:&quot;NIKON D5300&quot;,&quot;caption&quot;:&quot;&quot;,&quot;created_timestamp&quot;:&quot;1573233830&quot;,&quot;copyright&quot;:&quot;&quot;,&quot;focal_length&quot;:&quot;21&quot;,&quot;iso&quot;:&quot;400&quot;,&quot;shutter_speed&quot;:&quot;0.0025&quot;,&quot;title&quot;:&quot;&quot;,&quot;orientation&quot;:&quot;0&quot;,&quot;keywords&quot;:&quot;Array&quot;}\" data-image-title=\"Institut de France, Paris, Fran\u021ba\" data-image-description=\"\" data-medium-file=\"https:\/\/www.passports.top\/en\/wp-content\/uploads\/sites\/2\/2019\/12\/DSC_0004-300x201.jpg\" data-large-file=\"https:\/\/www.passports.top\/en\/wp-content\/uploads\/sites\/2\/2019\/12\/DSC_0004-1024x685.jpg\" \/><\/a>\n\t\t\t<\/div><\/figure><figure class='gallery-item'>\n\t\t\t<div class='gallery-icon landscape'>\n\t\t\t\t<a href='https:\/\/www.passports.top\/en\/20191109_125755\/'><img loading=\"lazy\" decoding=\"async\" width=\"150\" height=\"150\" src=\"https:\/\/www.passports.top\/en\/wp-content\/uploads\/sites\/2\/2019\/12\/20191109_125755-150x150.jpg\" class=\"attachment-thumbnail size-thumbnail\" alt=\"\" data-attachment-id=\"3650\" data-orig-file=\"https:\/\/www.passports.top\/en\/wp-content\/uploads\/sites\/2\/2019\/12\/20191109_125755.jpg\" data-orig-size=\"2000,1125\" data-comments-opened=\"1\" data-image-meta=\"{&quot;aperture&quot;:&quot;1.7&quot;,&quot;credit&quot;:&quot;&quot;,&quot;camera&quot;:&quot;SM-G950F&quot;,&quot;caption&quot;:&quot;&quot;,&quot;created_timestamp&quot;:&quot;1573304275&quot;,&quot;copyright&quot;:&quot;&quot;,&quot;focal_length&quot;:&quot;4.2&quot;,&quot;iso&quot;:&quot;80&quot;,&quot;shutter_speed&quot;:&quot;0.02&quot;,&quot;title&quot;:&quot;&quot;,&quot;orientation&quot;:&quot;0&quot;,&quot;keywords&quot;:&quot;Array&quot;}\" data-image-title=\"Modele din ciocolat\u0103, Paris, Fran\u021ba\" data-image-description=\"\" data-medium-file=\"https:\/\/www.passports.top\/en\/wp-content\/uploads\/sites\/2\/2019\/12\/20191109_125755-300x169.jpg\" data-large-file=\"https:\/\/www.passports.top\/en\/wp-content\/uploads\/sites\/2\/2019\/12\/20191109_125755-1024x576.jpg\" \/><\/a>\n\t\t\t<\/div><\/figure><figure class='gallery-item'>\n\t\t\t<div class='gallery-icon portrait'>\n\t\t\t\t<a href='https:\/\/www.passports.top\/en\/20191109_125856\/'><img loading=\"lazy\" decoding=\"async\" width=\"150\" height=\"150\" src=\"https:\/\/www.passports.top\/en\/wp-content\/uploads\/sites\/2\/2019\/12\/20191109_125856-150x150.jpg\" class=\"attachment-thumbnail size-thumbnail\" alt=\"\" data-attachment-id=\"3651\" data-orig-file=\"https:\/\/www.passports.top\/en\/wp-content\/uploads\/sites\/2\/2019\/12\/20191109_125856.jpg\" data-orig-size=\"1265,2000\" data-comments-opened=\"1\" data-image-meta=\"{&quot;aperture&quot;:&quot;1.7&quot;,&quot;credit&quot;:&quot;&quot;,&quot;camera&quot;:&quot;SM-G950F&quot;,&quot;caption&quot;:&quot;&quot;,&quot;created_timestamp&quot;:&quot;1573304336&quot;,&quot;copyright&quot;:&quot;&quot;,&quot;focal_length&quot;:&quot;4.2&quot;,&quot;iso&quot;:&quot;250&quot;,&quot;shutter_speed&quot;:&quot;0.05&quot;,&quot;title&quot;:&quot;&quot;,&quot;orientation&quot;:&quot;0&quot;,&quot;keywords&quot;:&quot;Array&quot;}\" data-image-title=\"Modele din ciocolat\u0103, Paris, Fran\u021ba\" data-image-description=\"\" data-medium-file=\"https:\/\/www.passports.top\/en\/wp-content\/uploads\/sites\/2\/2019\/12\/20191109_125856-190x300.jpg\" data-large-file=\"https:\/\/www.passports.top\/en\/wp-content\/uploads\/sites\/2\/2019\/12\/20191109_125856-648x1024.jpg\" \/><\/a>\n\t\t\t<\/div><\/figure><figure class='gallery-item'>\n\t\t\t<div class='gallery-icon landscape'>\n\t\t\t\t<a href='https:\/\/www.passports.top\/en\/20191109_125937\/'><img loading=\"lazy\" decoding=\"async\" width=\"150\" height=\"150\" src=\"https:\/\/www.passports.top\/en\/wp-content\/uploads\/sites\/2\/2019\/12\/20191109_125937-150x150.jpg\" class=\"attachment-thumbnail size-thumbnail\" alt=\"\" data-attachment-id=\"3653\" data-orig-file=\"https:\/\/www.passports.top\/en\/wp-content\/uploads\/sites\/2\/2019\/12\/20191109_125937.jpg\" data-orig-size=\"2000,1378\" data-comments-opened=\"1\" data-image-meta=\"{&quot;aperture&quot;:&quot;1.7&quot;,&quot;credit&quot;:&quot;&quot;,&quot;camera&quot;:&quot;SM-G950F&quot;,&quot;caption&quot;:&quot;&quot;,&quot;created_timestamp&quot;:&quot;1573304377&quot;,&quot;copyright&quot;:&quot;&quot;,&quot;focal_length&quot;:&quot;4.2&quot;,&quot;iso&quot;:&quot;125&quot;,&quot;shutter_speed&quot;:&quot;0.02&quot;,&quot;title&quot;:&quot;&quot;,&quot;orientation&quot;:&quot;0&quot;,&quot;keywords&quot;:&quot;Array&quot;}\" data-image-title=\"Modele din ciocolat\u0103, Paris, Fran\u021ba\" data-image-description=\"\" data-medium-file=\"https:\/\/www.passports.top\/en\/wp-content\/uploads\/sites\/2\/2019\/12\/20191109_125937-300x207.jpg\" data-large-file=\"https:\/\/www.passports.top\/en\/wp-content\/uploads\/sites\/2\/2019\/12\/20191109_125937-1024x706.jpg\" \/><\/a>\n\t\t\t<\/div><\/figure><figure class='gallery-item'>\n\t\t\t<div class='gallery-icon portrait'>\n\t\t\t\t<a href='https:\/\/www.passports.top\/en\/20191109_125902\/'><img loading=\"lazy\" decoding=\"async\" width=\"150\" height=\"150\" src=\"https:\/\/www.passports.top\/en\/wp-content\/uploads\/sites\/2\/2019\/12\/20191109_125902-150x150.jpg\" class=\"attachment-thumbnail size-thumbnail\" alt=\"\" data-attachment-id=\"3652\" data-orig-file=\"https:\/\/www.passports.top\/en\/wp-content\/uploads\/sites\/2\/2019\/12\/20191109_125902.jpg\" data-orig-size=\"1440,2000\" data-comments-opened=\"1\" data-image-meta=\"{&quot;aperture&quot;:&quot;1.7&quot;,&quot;credit&quot;:&quot;&quot;,&quot;camera&quot;:&quot;SM-G950F&quot;,&quot;caption&quot;:&quot;&quot;,&quot;created_timestamp&quot;:&quot;1573304342&quot;,&quot;copyright&quot;:&quot;&quot;,&quot;focal_length&quot;:&quot;4.2&quot;,&quot;iso&quot;:&quot;200&quot;,&quot;shutter_speed&quot;:&quot;0.02&quot;,&quot;title&quot;:&quot;&quot;,&quot;orientation&quot;:&quot;0&quot;,&quot;keywords&quot;:&quot;Array&quot;}\" data-image-title=\"Macarons, Paris, Fran\u021ba\" data-image-description=\"\" data-medium-file=\"https:\/\/www.passports.top\/en\/wp-content\/uploads\/sites\/2\/2019\/12\/20191109_125902-216x300.jpg\" data-large-file=\"https:\/\/www.passports.top\/en\/wp-content\/uploads\/sites\/2\/2019\/12\/20191109_125902-737x1024.jpg\" \/><\/a>\n\t\t\t<\/div><\/figure><figure class='gallery-item'>\n\t\t\t<div class='gallery-icon landscape'>\n\t\t\t\t<a href='https:\/\/www.passports.top\/en\/20191109_133955\/'><img loading=\"lazy\" decoding=\"async\" width=\"150\" height=\"150\" src=\"https:\/\/www.passports.top\/en\/wp-content\/uploads\/sites\/2\/2019\/12\/20191109_133955-150x150.jpg\" class=\"attachment-thumbnail size-thumbnail\" alt=\"\" data-attachment-id=\"3654\" data-orig-file=\"https:\/\/www.passports.top\/en\/wp-content\/uploads\/sites\/2\/2019\/12\/20191109_133955.jpg\" data-orig-size=\"2000,1633\" data-comments-opened=\"1\" data-image-meta=\"{&quot;aperture&quot;:&quot;1.7&quot;,&quot;credit&quot;:&quot;&quot;,&quot;camera&quot;:&quot;SM-G950F&quot;,&quot;caption&quot;:&quot;&quot;,&quot;created_timestamp&quot;:&quot;1573306795&quot;,&quot;copyright&quot;:&quot;&quot;,&quot;focal_length&quot;:&quot;4.2&quot;,&quot;iso&quot;:&quot;200&quot;,&quot;shutter_speed&quot;:&quot;0.01&quot;,&quot;title&quot;:&quot;&quot;,&quot;orientation&quot;:&quot;0&quot;,&quot;keywords&quot;:&quot;Array&quot;}\" data-image-title=\"Galeries Lafayette Gourmet, Paris, Fran\u021ba\" data-image-description=\"\" data-medium-file=\"https:\/\/www.passports.top\/en\/wp-content\/uploads\/sites\/2\/2019\/12\/20191109_133955-300x245.jpg\" data-large-file=\"https:\/\/www.passports.top\/en\/wp-content\/uploads\/sites\/2\/2019\/12\/20191109_133955-1024x836.jpg\" \/><\/a>\n\t\t\t<\/div><\/figure><figure class='gallery-item'>\n\t\t\t<div class='gallery-icon landscape'>\n\t\t\t\t<a href='https:\/\/www.passports.top\/en\/dsc_0246-2\/'><img loading=\"lazy\" decoding=\"async\" width=\"150\" height=\"150\" src=\"https:\/\/www.passports.top\/en\/wp-content\/uploads\/sites\/2\/2019\/12\/DSC_0246-150x150.jpg\" class=\"attachment-thumbnail size-thumbnail\" alt=\"\" data-attachment-id=\"3713\" data-orig-file=\"https:\/\/www.passports.top\/en\/wp-content\/uploads\/sites\/2\/2019\/12\/DSC_0246.jpg\" data-orig-size=\"2000,1388\" data-comments-opened=\"1\" data-image-meta=\"{&quot;aperture&quot;:&quot;4.5&quot;,&quot;credit&quot;:&quot;&quot;,&quot;camera&quot;:&quot;NIKON D5300&quot;,&quot;caption&quot;:&quot;&quot;,&quot;created_timestamp&quot;:&quot;1573311180&quot;,&quot;copyright&quot;:&quot;&quot;,&quot;focal_length&quot;:&quot;35&quot;,&quot;iso&quot;:&quot;400&quot;,&quot;shutter_speed&quot;:&quot;0.0125&quot;,&quot;title&quot;:&quot;&quot;,&quot;orientation&quot;:&quot;0&quot;,&quot;keywords&quot;:&quot;Array&quot;}\" data-image-title=\"Macarons de la Jean-Paul H\u00e9vin Chocolatier, Paris, Fran\u021ba\" data-image-description=\"\" data-medium-file=\"https:\/\/www.passports.top\/en\/wp-content\/uploads\/sites\/2\/2019\/12\/DSC_0246-300x208.jpg\" data-large-file=\"https:\/\/www.passports.top\/en\/wp-content\/uploads\/sites\/2\/2019\/12\/DSC_0246-1024x711.jpg\" \/><\/a>\n\t\t\t<\/div><\/figure><figure class='gallery-item'>\n\t\t\t<div class='gallery-icon landscape'>\n\t\t\t\t<a href='https:\/\/www.passports.top\/en\/20191109_135439\/'><img loading=\"lazy\" decoding=\"async\" width=\"150\" height=\"150\" src=\"https:\/\/www.passports.top\/en\/wp-content\/uploads\/sites\/2\/2019\/12\/20191109_135439-150x150.jpg\" class=\"attachment-thumbnail size-thumbnail\" alt=\"\" data-attachment-id=\"3655\" data-orig-file=\"https:\/\/www.passports.top\/en\/wp-content\/uploads\/sites\/2\/2019\/12\/20191109_135439.jpg\" data-orig-size=\"2000,1348\" data-comments-opened=\"1\" data-image-meta=\"{&quot;aperture&quot;:&quot;1.7&quot;,&quot;credit&quot;:&quot;&quot;,&quot;camera&quot;:&quot;SM-G950F&quot;,&quot;caption&quot;:&quot;&quot;,&quot;created_timestamp&quot;:&quot;1573307679&quot;,&quot;copyright&quot;:&quot;&quot;,&quot;focal_length&quot;:&quot;4.2&quot;,&quot;iso&quot;:&quot;40&quot;,&quot;shutter_speed&quot;:&quot;0.0083333333333333&quot;,&quot;title&quot;:&quot;&quot;,&quot;orientation&quot;:&quot;0&quot;,&quot;keywords&quot;:&quot;Array&quot;}\" data-image-title=\"Macarons de la Jean-Paul H\u00e9vin Chocolatier, Paris, Fran\u021ba\" data-image-description=\"\" data-medium-file=\"https:\/\/www.passports.top\/en\/wp-content\/uploads\/sites\/2\/2019\/12\/20191109_135439-300x202.jpg\" data-large-file=\"https:\/\/www.passports.top\/en\/wp-content\/uploads\/sites\/2\/2019\/12\/20191109_135439-1024x690.jpg\" \/><\/a>\n\t\t\t<\/div><\/figure><figure class='gallery-item'>\n\t\t\t<div class='gallery-icon landscape'>\n\t\t\t\t<a href='https:\/\/www.passports.top\/en\/dsc_0008-10\/'><img loading=\"lazy\" decoding=\"async\" width=\"150\" height=\"150\" src=\"https:\/\/www.passports.top\/en\/wp-content\/uploads\/sites\/2\/2019\/12\/DSC_0008-150x150.jpg\" class=\"attachment-thumbnail size-thumbnail\" alt=\"\" data-attachment-id=\"3659\" data-orig-file=\"https:\/\/www.passports.top\/en\/wp-content\/uploads\/sites\/2\/2019\/12\/DSC_0008.jpg\" data-orig-size=\"2000,1333\" data-comments-opened=\"1\" data-image-meta=\"{&quot;aperture&quot;:&quot;10&quot;,&quot;credit&quot;:&quot;&quot;,&quot;camera&quot;:&quot;NIKON D5300&quot;,&quot;caption&quot;:&quot;&quot;,&quot;created_timestamp&quot;:&quot;1573233849&quot;,&quot;copyright&quot;:&quot;&quot;,&quot;focal_length&quot;:&quot;21&quot;,&quot;iso&quot;:&quot;400&quot;,&quot;shutter_speed&quot;:&quot;0.004&quot;,&quot;title&quot;:&quot;&quot;,&quot;orientation&quot;:&quot;0&quot;,&quot;keywords&quot;:&quot;Array&quot;}\" data-image-title=\"Paris, Fran\u021ba\" data-image-description=\"\" data-medium-file=\"https:\/\/www.passports.top\/en\/wp-content\/uploads\/sites\/2\/2019\/12\/DSC_0008-300x200.jpg\" data-large-file=\"https:\/\/www.passports.top\/en\/wp-content\/uploads\/sites\/2\/2019\/12\/DSC_0008-1024x682.jpg\" \/><\/a>\n\t\t\t<\/div><\/figure><figure class='gallery-item'>\n\t\t\t<div class='gallery-icon landscape'>\n\t\t\t\t<a href='https:\/\/www.passports.top\/en\/dsc_0012-8\/'><img loading=\"lazy\" decoding=\"async\" width=\"150\" height=\"150\" src=\"https:\/\/www.passports.top\/en\/wp-content\/uploads\/sites\/2\/2019\/12\/DSC_0012-150x150.jpg\" class=\"attachment-thumbnail size-thumbnail\" alt=\"\" data-attachment-id=\"3660\" data-orig-file=\"https:\/\/www.passports.top\/en\/wp-content\/uploads\/sites\/2\/2019\/12\/DSC_0012.jpg\" data-orig-size=\"2000,1465\" data-comments-opened=\"1\" data-image-meta=\"{&quot;aperture&quot;:&quot;10&quot;,&quot;credit&quot;:&quot;&quot;,&quot;camera&quot;:&quot;NIKON D5300&quot;,&quot;caption&quot;:&quot;&quot;,&quot;created_timestamp&quot;:&quot;1573233890&quot;,&quot;copyright&quot;:&quot;&quot;,&quot;focal_length&quot;:&quot;21&quot;,&quot;iso&quot;:&quot;400&quot;,&quot;shutter_speed&quot;:&quot;0.004&quot;,&quot;title&quot;:&quot;&quot;,&quot;orientation&quot;:&quot;0&quot;,&quot;keywords&quot;:&quot;Array&quot;}\" data-image-title=\"Paris, Fran\u021ba\" data-image-description=\"\" data-medium-file=\"https:\/\/www.passports.top\/en\/wp-content\/uploads\/sites\/2\/2019\/12\/DSC_0012-300x220.jpg\" data-large-file=\"https:\/\/www.passports.top\/en\/wp-content\/uploads\/sites\/2\/2019\/12\/DSC_0012-1024x750.jpg\" \/><\/a>\n\t\t\t<\/div><\/figure><figure class='gallery-item'>\n\t\t\t<div class='gallery-icon landscape'>\n\t\t\t\t<a href='https:\/\/www.passports.top\/en\/dsc_0015-5\/'><img loading=\"lazy\" decoding=\"async\" width=\"150\" height=\"150\" src=\"https:\/\/www.passports.top\/en\/wp-content\/uploads\/sites\/2\/2019\/12\/DSC_0015-150x150.jpg\" class=\"attachment-thumbnail size-thumbnail\" alt=\"\" data-attachment-id=\"3661\" data-orig-file=\"https:\/\/www.passports.top\/en\/wp-content\/uploads\/sites\/2\/2019\/12\/DSC_0015.jpg\" data-orig-size=\"2000,1333\" data-comments-opened=\"1\" data-image-meta=\"{&quot;aperture&quot;:&quot;10&quot;,&quot;credit&quot;:&quot;&quot;,&quot;camera&quot;:&quot;NIKON D5300&quot;,&quot;caption&quot;:&quot;&quot;,&quot;created_timestamp&quot;:&quot;1573233959&quot;,&quot;copyright&quot;:&quot;&quot;,&quot;focal_length&quot;:&quot;21&quot;,&quot;iso&quot;:&quot;400&quot;,&quot;shutter_speed&quot;:&quot;0.004&quot;,&quot;title&quot;:&quot;&quot;,&quot;orientation&quot;:&quot;0&quot;,&quot;keywords&quot;:&quot;Array&quot;}\" data-image-title=\"Paris, Fran\u021ba\" data-image-description=\"\" data-medium-file=\"https:\/\/www.passports.top\/en\/wp-content\/uploads\/sites\/2\/2019\/12\/DSC_0015-300x200.jpg\" data-large-file=\"https:\/\/www.passports.top\/en\/wp-content\/uploads\/sites\/2\/2019\/12\/DSC_0015-1024x682.jpg\" \/><\/a>\n\t\t\t<\/div><\/figure><figure class='gallery-item'>\n\t\t\t<div class='gallery-icon portrait'>\n\t\t\t\t<a href='https:\/\/www.passports.top\/en\/20191108_163038\/'><img loading=\"lazy\" decoding=\"async\" width=\"150\" height=\"150\" src=\"https:\/\/www.passports.top\/en\/wp-content\/uploads\/sites\/2\/2019\/12\/20191108_163038-150x150.jpg\" class=\"attachment-thumbnail size-thumbnail\" alt=\"\" data-attachment-id=\"3643\" data-orig-file=\"https:\/\/www.passports.top\/en\/wp-content\/uploads\/sites\/2\/2019\/12\/20191108_163038.jpg\" data-orig-size=\"1933,2000\" data-comments-opened=\"1\" data-image-meta=\"{&quot;aperture&quot;:&quot;1.7&quot;,&quot;credit&quot;:&quot;&quot;,&quot;camera&quot;:&quot;SM-G950F&quot;,&quot;caption&quot;:&quot;&quot;,&quot;created_timestamp&quot;:&quot;1573230638&quot;,&quot;copyright&quot;:&quot;&quot;,&quot;focal_length&quot;:&quot;4.2&quot;,&quot;iso&quot;:&quot;40&quot;,&quot;shutter_speed&quot;:&quot;0.0027027027027027&quot;,&quot;title&quot;:&quot;&quot;,&quot;orientation&quot;:&quot;0&quot;,&quot;keywords&quot;:&quot;Array&quot;}\" data-image-title=\"Muzeul Louvre, Paris, Fran\u021ba\" data-image-description=\"\" data-medium-file=\"https:\/\/www.passports.top\/en\/wp-content\/uploads\/sites\/2\/2019\/12\/20191108_163038-290x300.jpg\" data-large-file=\"https:\/\/www.passports.top\/en\/wp-content\/uploads\/sites\/2\/2019\/12\/20191108_163038-990x1024.jpg\" \/><\/a>\n\t\t\t<\/div><\/figure><figure class='gallery-item'>\n\t\t\t<div class='gallery-icon landscape'>\n\t\t\t\t<a href='https:\/\/www.passports.top\/en\/dsc_0062-7\/'><img loading=\"lazy\" decoding=\"async\" width=\"150\" height=\"150\" src=\"https:\/\/www.passports.top\/en\/wp-content\/uploads\/sites\/2\/2019\/12\/DSC_0062-150x150.jpg\" class=\"attachment-thumbnail size-thumbnail\" alt=\"\" data-attachment-id=\"3671\" data-orig-file=\"https:\/\/www.passports.top\/en\/wp-content\/uploads\/sites\/2\/2019\/12\/DSC_0062.jpg\" data-orig-size=\"2000,1371\" data-comments-opened=\"1\" data-image-meta=\"{&quot;aperture&quot;:&quot;10&quot;,&quot;credit&quot;:&quot;&quot;,&quot;camera&quot;:&quot;NIKON D5300&quot;,&quot;caption&quot;:&quot;&quot;,&quot;created_timestamp&quot;:&quot;1573235386&quot;,&quot;copyright&quot;:&quot;&quot;,&quot;focal_length&quot;:&quot;18&quot;,&quot;iso&quot;:&quot;400&quot;,&quot;shutter_speed&quot;:&quot;0.004&quot;,&quot;title&quot;:&quot;&quot;,&quot;orientation&quot;:&quot;0&quot;,&quot;keywords&quot;:&quot;Array&quot;}\" data-image-title=\"Tuileries Garden, Paris, Fran\u021ba\" data-image-description=\"\" data-medium-file=\"https:\/\/www.passports.top\/en\/wp-content\/uploads\/sites\/2\/2019\/12\/DSC_0062-300x206.jpg\" data-large-file=\"https:\/\/www.passports.top\/en\/wp-content\/uploads\/sites\/2\/2019\/12\/DSC_0062-1024x702.jpg\" \/><\/a>\n\t\t\t<\/div><\/figure><figure class='gallery-item'>\n\t\t\t<div class='gallery-icon landscape'>\n\t\t\t\t<a href='https:\/\/www.passports.top\/en\/dsc_0038-8\/'><img loading=\"lazy\" decoding=\"async\" width=\"150\" height=\"150\" src=\"https:\/\/www.passports.top\/en\/wp-content\/uploads\/sites\/2\/2019\/12\/DSC_0038-150x150.jpg\" class=\"attachment-thumbnail size-thumbnail\" alt=\"\" data-attachment-id=\"3666\" data-orig-file=\"https:\/\/www.passports.top\/en\/wp-content\/uploads\/sites\/2\/2019\/12\/DSC_0038.jpg\" data-orig-size=\"2000,1463\" data-comments-opened=\"1\" data-image-meta=\"{&quot;aperture&quot;:&quot;9&quot;,&quot;credit&quot;:&quot;&quot;,&quot;camera&quot;:&quot;NIKON D5300&quot;,&quot;caption&quot;:&quot;&quot;,&quot;created_timestamp&quot;:&quot;1573234485&quot;,&quot;copyright&quot;:&quot;&quot;,&quot;focal_length&quot;:&quot;18&quot;,&quot;iso&quot;:&quot;400&quot;,&quot;shutter_speed&quot;:&quot;0.008&quot;,&quot;title&quot;:&quot;&quot;,&quot;orientation&quot;:&quot;0&quot;,&quot;keywords&quot;:&quot;Array&quot;}\" data-image-title=\"Muzeul Louvre, Paris, Fran\u021ba\" data-image-description=\"\" data-medium-file=\"https:\/\/www.passports.top\/en\/wp-content\/uploads\/sites\/2\/2019\/12\/DSC_0038-300x219.jpg\" data-large-file=\"https:\/\/www.passports.top\/en\/wp-content\/uploads\/sites\/2\/2019\/12\/DSC_0038-1024x749.jpg\" \/><\/a>\n\t\t\t<\/div><\/figure><figure class='gallery-item'>\n\t\t\t<div class='gallery-icon landscape'>\n\t\t\t\t<a href='https:\/\/www.passports.top\/en\/dsc_0058-7\/'><img loading=\"lazy\" decoding=\"async\" width=\"150\" height=\"150\" src=\"https:\/\/www.passports.top\/en\/wp-content\/uploads\/sites\/2\/2019\/12\/DSC_0058-150x150.jpg\" class=\"attachment-thumbnail size-thumbnail\" alt=\"\" data-attachment-id=\"3670\" data-orig-file=\"https:\/\/www.passports.top\/en\/wp-content\/uploads\/sites\/2\/2019\/12\/DSC_0058.jpg\" data-orig-size=\"2000,1442\" data-comments-opened=\"1\" data-image-meta=\"{&quot;aperture&quot;:&quot;10&quot;,&quot;credit&quot;:&quot;&quot;,&quot;camera&quot;:&quot;NIKON D5300&quot;,&quot;caption&quot;:&quot;&quot;,&quot;created_timestamp&quot;:&quot;1573235161&quot;,&quot;copyright&quot;:&quot;&quot;,&quot;focal_length&quot;:&quot;18&quot;,&quot;iso&quot;:&quot;400&quot;,&quot;shutter_speed&quot;:&quot;0.005&quot;,&quot;title&quot;:&quot;&quot;,&quot;orientation&quot;:&quot;0&quot;,&quot;keywords&quot;:&quot;Array&quot;}\" data-image-title=\"Arc de Triomphe du Carrousel, Paris, Fran\u021ba\" data-image-description=\"\" data-medium-file=\"https:\/\/www.passports.top\/en\/wp-content\/uploads\/sites\/2\/2019\/12\/DSC_0058-300x216.jpg\" data-large-file=\"https:\/\/www.passports.top\/en\/wp-content\/uploads\/sites\/2\/2019\/12\/DSC_0058-1024x738.jpg\" \/><\/a>\n\t\t\t<\/div><\/figure><figure class='gallery-item'>\n\t\t\t<div class='gallery-icon landscape'>\n\t\t\t\t<a href='https:\/\/www.passports.top\/en\/dsc_0037-9\/'><img loading=\"lazy\" decoding=\"async\" width=\"150\" height=\"150\" src=\"https:\/\/www.passports.top\/en\/wp-content\/uploads\/sites\/2\/2019\/12\/DSC_0037-150x150.jpg\" class=\"attachment-thumbnail size-thumbnail\" alt=\"\" data-attachment-id=\"3665\" data-orig-file=\"https:\/\/www.passports.top\/en\/wp-content\/uploads\/sites\/2\/2019\/12\/DSC_0037.jpg\" data-orig-size=\"2000,1324\" data-comments-opened=\"1\" data-image-meta=\"{&quot;aperture&quot;:&quot;10&quot;,&quot;credit&quot;:&quot;&quot;,&quot;camera&quot;:&quot;NIKON D5300&quot;,&quot;caption&quot;:&quot;&quot;,&quot;created_timestamp&quot;:&quot;1573234451&quot;,&quot;copyright&quot;:&quot;&quot;,&quot;focal_length&quot;:&quot;18&quot;,&quot;iso&quot;:&quot;400&quot;,&quot;shutter_speed&quot;:&quot;0.005&quot;,&quot;title&quot;:&quot;&quot;,&quot;orientation&quot;:&quot;0&quot;,&quot;keywords&quot;:&quot;Array&quot;}\" data-image-title=\"Muzeul Louvre, Paris, Fran\u021ba\" data-image-description=\"\" data-medium-file=\"https:\/\/www.passports.top\/en\/wp-content\/uploads\/sites\/2\/2019\/12\/DSC_0037-300x199.jpg\" data-large-file=\"https:\/\/www.passports.top\/en\/wp-content\/uploads\/sites\/2\/2019\/12\/DSC_0037-1024x678.jpg\" \/><\/a>\n\t\t\t<\/div><\/figure><figure class='gallery-item'>\n\t\t\t<div class='gallery-icon landscape'>\n\t\t\t\t<a href='https:\/\/www.passports.top\/en\/dsc_0028-5\/'><img loading=\"lazy\" decoding=\"async\" width=\"150\" height=\"150\" src=\"https:\/\/www.passports.top\/en\/wp-content\/uploads\/sites\/2\/2019\/12\/DSC_0028-150x150.jpg\" class=\"attachment-thumbnail size-thumbnail\" alt=\"\" data-attachment-id=\"3664\" data-orig-file=\"https:\/\/www.passports.top\/en\/wp-content\/uploads\/sites\/2\/2019\/12\/DSC_0028.jpg\" data-orig-size=\"2000,1383\" data-comments-opened=\"1\" data-image-meta=\"{&quot;aperture&quot;:&quot;10&quot;,&quot;credit&quot;:&quot;&quot;,&quot;camera&quot;:&quot;NIKON D5300&quot;,&quot;caption&quot;:&quot;&quot;,&quot;created_timestamp&quot;:&quot;1573234329&quot;,&quot;copyright&quot;:&quot;&quot;,&quot;focal_length&quot;:&quot;24&quot;,&quot;iso&quot;:&quot;400&quot;,&quot;shutter_speed&quot;:&quot;0.004&quot;,&quot;title&quot;:&quot;&quot;,&quot;orientation&quot;:&quot;0&quot;,&quot;keywords&quot;:&quot;Array&quot;}\" data-image-title=\"Muzeul Louvre, Paris, Fran\u021ba\" data-image-description=\"\" data-medium-file=\"https:\/\/www.passports.top\/en\/wp-content\/uploads\/sites\/2\/2019\/12\/DSC_0028-300x207.jpg\" data-large-file=\"https:\/\/www.passports.top\/en\/wp-content\/uploads\/sites\/2\/2019\/12\/DSC_0028-1024x708.jpg\" \/><\/a>\n\t\t\t<\/div><\/figure><figure class='gallery-item'>\n\t\t\t<div class='gallery-icon landscape'>\n\t\t\t\t<a href='https:\/\/www.passports.top\/en\/dsc_0055-8\/'><img loading=\"lazy\" decoding=\"async\" width=\"150\" height=\"150\" src=\"https:\/\/www.passports.top\/en\/wp-content\/uploads\/sites\/2\/2019\/12\/DSC_0055-150x150.jpg\" class=\"attachment-thumbnail size-thumbnail\" alt=\"\" data-attachment-id=\"3669\" data-orig-file=\"https:\/\/www.passports.top\/en\/wp-content\/uploads\/sites\/2\/2019\/12\/DSC_0055.jpg\" data-orig-size=\"2000,1352\" data-comments-opened=\"1\" data-image-meta=\"{&quot;aperture&quot;:&quot;10&quot;,&quot;credit&quot;:&quot;&quot;,&quot;camera&quot;:&quot;NIKON D5300&quot;,&quot;caption&quot;:&quot;&quot;,&quot;created_timestamp&quot;:&quot;1573235098&quot;,&quot;copyright&quot;:&quot;&quot;,&quot;focal_length&quot;:&quot;28&quot;,&quot;iso&quot;:&quot;400&quot;,&quot;shutter_speed&quot;:&quot;0.004&quot;,&quot;title&quot;:&quot;&quot;,&quot;orientation&quot;:&quot;0&quot;,&quot;keywords&quot;:&quot;Array&quot;}\" data-image-title=\"Muzeul Louvre, Paris, Fran\u021ba\" data-image-description=\"\" data-medium-file=\"https:\/\/www.passports.top\/en\/wp-content\/uploads\/sites\/2\/2019\/12\/DSC_0055-300x203.jpg\" data-large-file=\"https:\/\/www.passports.top\/en\/wp-content\/uploads\/sites\/2\/2019\/12\/DSC_0055-1024x692.jpg\" \/><\/a>\n\t\t\t<\/div><\/figure><figure class='gallery-item'>\n\t\t\t<div class='gallery-icon landscape'>\n\t\t\t\t<a href='https:\/\/www.passports.top\/en\/dsc_0048-5\/'><img loading=\"lazy\" decoding=\"async\" width=\"150\" height=\"150\" src=\"https:\/\/www.passports.top\/en\/wp-content\/uploads\/sites\/2\/2019\/12\/DSC_0048-150x150.jpg\" class=\"attachment-thumbnail size-thumbnail\" alt=\"\" data-attachment-id=\"3668\" data-orig-file=\"https:\/\/www.passports.top\/en\/wp-content\/uploads\/sites\/2\/2019\/12\/DSC_0048.jpg\" data-orig-size=\"2000,1349\" data-comments-opened=\"1\" data-image-meta=\"{&quot;aperture&quot;:&quot;9&quot;,&quot;credit&quot;:&quot;&quot;,&quot;camera&quot;:&quot;NIKON D5300&quot;,&quot;caption&quot;:&quot;&quot;,&quot;created_timestamp&quot;:&quot;1573234744&quot;,&quot;copyright&quot;:&quot;&quot;,&quot;focal_length&quot;:&quot;18&quot;,&quot;iso&quot;:&quot;400&quot;,&quot;shutter_speed&quot;:&quot;0.00625&quot;,&quot;title&quot;:&quot;&quot;,&quot;orientation&quot;:&quot;0&quot;,&quot;keywords&quot;:&quot;Array&quot;}\" data-image-title=\"Piramida Muzeului Louvre, Paris, Fran\u021ba\" data-image-description=\"\" data-medium-file=\"https:\/\/www.passports.top\/en\/wp-content\/uploads\/sites\/2\/2019\/12\/DSC_0048-300x202.jpg\" data-large-file=\"https:\/\/www.passports.top\/en\/wp-content\/uploads\/sites\/2\/2019\/12\/DSC_0048-1024x691.jpg\" \/><\/a>\n\t\t\t<\/div><\/figure><figure class='gallery-item'>\n\t\t\t<div class='gallery-icon landscape'>\n\t\t\t\t<a href='https:\/\/www.passports.top\/en\/dsc_0018-5\/'><img loading=\"lazy\" decoding=\"async\" width=\"150\" height=\"150\" src=\"https:\/\/www.passports.top\/en\/wp-content\/uploads\/sites\/2\/2019\/12\/DSC_0018-150x150.jpg\" class=\"attachment-thumbnail size-thumbnail\" alt=\"\" data-attachment-id=\"3663\" data-orig-file=\"https:\/\/www.passports.top\/en\/wp-content\/uploads\/sites\/2\/2019\/12\/DSC_0018.jpg\" data-orig-size=\"2000,1345\" data-comments-opened=\"1\" data-image-meta=\"{&quot;aperture&quot;:&quot;9&quot;,&quot;credit&quot;:&quot;&quot;,&quot;camera&quot;:&quot;NIKON D5300&quot;,&quot;caption&quot;:&quot;&quot;,&quot;created_timestamp&quot;:&quot;1573234175&quot;,&quot;copyright&quot;:&quot;&quot;,&quot;focal_length&quot;:&quot;24&quot;,&quot;iso&quot;:&quot;400&quot;,&quot;shutter_speed&quot;:&quot;0.00625&quot;,&quot;title&quot;:&quot;&quot;,&quot;orientation&quot;:&quot;0&quot;,&quot;keywords&quot;:&quot;Array&quot;}\" data-image-title=\"Muzeul Louvre, Paris, Fran\u021ba\" data-image-description=\"\" data-medium-file=\"https:\/\/www.passports.top\/en\/wp-content\/uploads\/sites\/2\/2019\/12\/DSC_0018-300x202.jpg\" data-large-file=\"https:\/\/www.passports.top\/en\/wp-content\/uploads\/sites\/2\/2019\/12\/DSC_0018-1024x689.jpg\" \/><\/a>\n\t\t\t<\/div><\/figure><figure class='gallery-item'>\n\t\t\t<div class='gallery-icon landscape'>\n\t\t\t\t<a href='https:\/\/www.passports.top\/en\/dsc_0017-10\/'><img loading=\"lazy\" decoding=\"async\" width=\"150\" height=\"150\" src=\"https:\/\/www.passports.top\/en\/wp-content\/uploads\/sites\/2\/2019\/12\/DSC_0017-150x150.jpg\" class=\"attachment-thumbnail size-thumbnail\" alt=\"\" data-attachment-id=\"3662\" data-orig-file=\"https:\/\/www.passports.top\/en\/wp-content\/uploads\/sites\/2\/2019\/12\/DSC_0017.jpg\" data-orig-size=\"2000,1424\" data-comments-opened=\"1\" data-image-meta=\"{&quot;aperture&quot;:&quot;10&quot;,&quot;credit&quot;:&quot;&quot;,&quot;camera&quot;:&quot;NIKON D5300&quot;,&quot;caption&quot;:&quot;&quot;,&quot;created_timestamp&quot;:&quot;1573233981&quot;,&quot;copyright&quot;:&quot;&quot;,&quot;focal_length&quot;:&quot;21&quot;,&quot;iso&quot;:&quot;400&quot;,&quot;shutter_speed&quot;:&quot;0.003125&quot;,&quot;title&quot;:&quot;&quot;,&quot;orientation&quot;:&quot;0&quot;,&quot;keywords&quot;:&quot;Array&quot;}\" data-image-title=\"Paris, Fran\u021ba\" data-image-description=\"\" data-medium-file=\"https:\/\/www.passports.top\/en\/wp-content\/uploads\/sites\/2\/2019\/12\/DSC_0017-300x214.jpg\" data-large-file=\"https:\/\/www.passports.top\/en\/wp-content\/uploads\/sites\/2\/2019\/12\/DSC_0017-1024x729.jpg\" \/><\/a>\n\t\t\t<\/div><\/figure><figure class='gallery-item'>\n\t\t\t<div class='gallery-icon landscape'>\n\t\t\t\t<a href='https:\/\/www.passports.top\/en\/dsc_0041-6\/'><img loading=\"lazy\" decoding=\"async\" width=\"150\" height=\"150\" src=\"https:\/\/www.passports.top\/en\/wp-content\/uploads\/sites\/2\/2019\/12\/DSC_0041-150x150.jpg\" class=\"attachment-thumbnail size-thumbnail\" alt=\"\" data-attachment-id=\"3667\" data-orig-file=\"https:\/\/www.passports.top\/en\/wp-content\/uploads\/sites\/2\/2019\/12\/DSC_0041.jpg\" data-orig-size=\"2000,1348\" data-comments-opened=\"1\" data-image-meta=\"{&quot;aperture&quot;:&quot;10&quot;,&quot;credit&quot;:&quot;&quot;,&quot;camera&quot;:&quot;NIKON D5300&quot;,&quot;caption&quot;:&quot;&quot;,&quot;created_timestamp&quot;:&quot;1573234542&quot;,&quot;copyright&quot;:&quot;&quot;,&quot;focal_length&quot;:&quot;18&quot;,&quot;iso&quot;:&quot;400&quot;,&quot;shutter_speed&quot;:&quot;0.005&quot;,&quot;title&quot;:&quot;&quot;,&quot;orientation&quot;:&quot;0&quot;,&quot;keywords&quot;:&quot;Array&quot;}\" data-image-title=\"Muzeul Louvre, Paris, Fran\u021ba\" data-image-description=\"\" data-medium-file=\"https:\/\/www.passports.top\/en\/wp-content\/uploads\/sites\/2\/2019\/12\/DSC_0041-300x202.jpg\" data-large-file=\"https:\/\/www.passports.top\/en\/wp-content\/uploads\/sites\/2\/2019\/12\/DSC_0041-1024x690.jpg\" \/><\/a>\n\t\t\t<\/div><\/figure><figure class='gallery-item'>\n\t\t\t<div class='gallery-icon landscape'>\n\t\t\t\t<a href='https:\/\/www.passports.top\/en\/dsc_0063-4\/'><img loading=\"lazy\" decoding=\"async\" width=\"150\" height=\"150\" src=\"https:\/\/www.passports.top\/en\/wp-content\/uploads\/sites\/2\/2019\/12\/DSC_0063-150x150.jpg\" class=\"attachment-thumbnail size-thumbnail\" alt=\"\" data-attachment-id=\"3672\" data-orig-file=\"https:\/\/www.passports.top\/en\/wp-content\/uploads\/sites\/2\/2019\/12\/DSC_0063.jpg\" data-orig-size=\"2000,1354\" data-comments-opened=\"1\" data-image-meta=\"{&quot;aperture&quot;:&quot;9&quot;,&quot;credit&quot;:&quot;&quot;,&quot;camera&quot;:&quot;NIKON D5300&quot;,&quot;caption&quot;:&quot;&quot;,&quot;created_timestamp&quot;:&quot;1573235642&quot;,&quot;copyright&quot;:&quot;&quot;,&quot;focal_length&quot;:&quot;18&quot;,&quot;iso&quot;:&quot;400&quot;,&quot;shutter_speed&quot;:&quot;0.008&quot;,&quot;title&quot;:&quot;&quot;,&quot;orientation&quot;:&quot;0&quot;,&quot;keywords&quot;:&quot;Array&quot;}\" data-image-title=\"Tuileries Garden, Paris, Fran\u021ba\" data-image-description=\"\" data-medium-file=\"https:\/\/www.passports.top\/en\/wp-content\/uploads\/sites\/2\/2019\/12\/DSC_0063-300x203.jpg\" data-large-file=\"https:\/\/www.passports.top\/en\/wp-content\/uploads\/sites\/2\/2019\/12\/DSC_0063-1024x693.jpg\" \/><\/a>\n\t\t\t<\/div><\/figure><figure class='gallery-item'>\n\t\t\t<div class='gallery-icon landscape'>\n\t\t\t\t<a href='https:\/\/www.passports.top\/en\/dsc_0066-2\/'><img loading=\"lazy\" decoding=\"async\" width=\"150\" height=\"150\" src=\"https:\/\/www.passports.top\/en\/wp-content\/uploads\/sites\/2\/2019\/12\/DSC_0066-150x150.jpg\" class=\"attachment-thumbnail size-thumbnail\" alt=\"\" data-attachment-id=\"3673\" data-orig-file=\"https:\/\/www.passports.top\/en\/wp-content\/uploads\/sites\/2\/2019\/12\/DSC_0066.jpg\" data-orig-size=\"2000,1423\" data-comments-opened=\"1\" data-image-meta=\"{&quot;aperture&quot;:&quot;8&quot;,&quot;credit&quot;:&quot;&quot;,&quot;camera&quot;:&quot;NIKON D5300&quot;,&quot;caption&quot;:&quot;&quot;,&quot;created_timestamp&quot;:&quot;1573235716&quot;,&quot;copyright&quot;:&quot;&quot;,&quot;focal_length&quot;:&quot;18&quot;,&quot;iso&quot;:&quot;400&quot;,&quot;shutter_speed&quot;:&quot;0.0125&quot;,&quot;title&quot;:&quot;&quot;,&quot;orientation&quot;:&quot;0&quot;,&quot;keywords&quot;:&quot;Array&quot;}\" data-image-title=\"Tuileries Garden, Paris, Fran\u021ba\" data-image-description=\"\" data-medium-file=\"https:\/\/www.passports.top\/en\/wp-content\/uploads\/sites\/2\/2019\/12\/DSC_0066-300x213.jpg\" data-large-file=\"https:\/\/www.passports.top\/en\/wp-content\/uploads\/sites\/2\/2019\/12\/DSC_0066-1024x729.jpg\" \/><\/a>\n\t\t\t<\/div><\/figure><figure class='gallery-item'>\n\t\t\t<div class='gallery-icon landscape'>\n\t\t\t\t<a href='https:\/\/www.passports.top\/en\/dsc_0073-5\/'><img loading=\"lazy\" decoding=\"async\" width=\"150\" height=\"150\" src=\"https:\/\/www.passports.top\/en\/wp-content\/uploads\/sites\/2\/2019\/12\/DSC_0073-150x150.jpg\" class=\"attachment-thumbnail size-thumbnail\" alt=\"\" data-attachment-id=\"3674\" data-orig-file=\"https:\/\/www.passports.top\/en\/wp-content\/uploads\/sites\/2\/2019\/12\/DSC_0073.jpg\" data-orig-size=\"2000,1375\" data-comments-opened=\"1\" data-image-meta=\"{&quot;aperture&quot;:&quot;10&quot;,&quot;credit&quot;:&quot;&quot;,&quot;camera&quot;:&quot;NIKON D5300&quot;,&quot;caption&quot;:&quot;&quot;,&quot;created_timestamp&quot;:&quot;1573235902&quot;,&quot;copyright&quot;:&quot;&quot;,&quot;focal_length&quot;:&quot;42&quot;,&quot;iso&quot;:&quot;400&quot;,&quot;shutter_speed&quot;:&quot;0.005&quot;,&quot;title&quot;:&quot;&quot;,&quot;orientation&quot;:&quot;0&quot;,&quot;keywords&quot;:&quot;Array&quot;}\" data-image-title=\"Tuileries Garden, Paris, Fran\u021ba\" data-image-description=\"\" data-medium-file=\"https:\/\/www.passports.top\/en\/wp-content\/uploads\/sites\/2\/2019\/12\/DSC_0073-300x206.jpg\" data-large-file=\"https:\/\/www.passports.top\/en\/wp-content\/uploads\/sites\/2\/2019\/12\/DSC_0073-1024x704.jpg\" \/><\/a>\n\t\t\t<\/div><\/figure><figure class='gallery-item'>\n\t\t\t<div class='gallery-icon landscape'>\n\t\t\t\t<a href='https:\/\/www.passports.top\/en\/dsc_0077-8\/'><img loading=\"lazy\" decoding=\"async\" width=\"150\" height=\"150\" src=\"https:\/\/www.passports.top\/en\/wp-content\/uploads\/sites\/2\/2019\/12\/DSC_0077-150x150.jpg\" class=\"attachment-thumbnail size-thumbnail\" alt=\"\" data-attachment-id=\"3675\" data-orig-file=\"https:\/\/www.passports.top\/en\/wp-content\/uploads\/sites\/2\/2019\/12\/DSC_0077.jpg\" data-orig-size=\"2000,1483\" data-comments-opened=\"1\" data-image-meta=\"{&quot;aperture&quot;:&quot;9&quot;,&quot;credit&quot;:&quot;&quot;,&quot;camera&quot;:&quot;NIKON D5300&quot;,&quot;caption&quot;:&quot;&quot;,&quot;created_timestamp&quot;:&quot;1573236172&quot;,&quot;copyright&quot;:&quot;&quot;,&quot;focal_length&quot;:&quot;21&quot;,&quot;iso&quot;:&quot;400&quot;,&quot;shutter_speed&quot;:&quot;0.00625&quot;,&quot;title&quot;:&quot;&quot;,&quot;orientation&quot;:&quot;0&quot;,&quot;keywords&quot;:&quot;Array&quot;}\" data-image-title=\"Place de la Concorde v\u0103zut\u0103 din Tuileries Garden, Paris, Fran\u021ba\" data-image-description=\"\" data-medium-file=\"https:\/\/www.passports.top\/en\/wp-content\/uploads\/sites\/2\/2019\/12\/DSC_0077-300x222.jpg\" data-large-file=\"https:\/\/www.passports.top\/en\/wp-content\/uploads\/sites\/2\/2019\/12\/DSC_0077-1024x759.jpg\" \/><\/a>\n\t\t\t<\/div><\/figure><figure class='gallery-item'>\n\t\t\t<div class='gallery-icon portrait'>\n\t\t\t\t<a href='https:\/\/www.passports.top\/en\/20191108_170403\/'><img loading=\"lazy\" decoding=\"async\" width=\"150\" height=\"150\" src=\"https:\/\/www.passports.top\/en\/wp-content\/uploads\/sites\/2\/2019\/12\/20191108_170403-150x150.jpg\" class=\"attachment-thumbnail size-thumbnail\" alt=\"\" data-attachment-id=\"3644\" data-orig-file=\"https:\/\/www.passports.top\/en\/wp-content\/uploads\/sites\/2\/2019\/12\/20191108_170403.jpg\" data-orig-size=\"1909,2000\" data-comments-opened=\"1\" data-image-meta=\"{&quot;aperture&quot;:&quot;1.7&quot;,&quot;credit&quot;:&quot;&quot;,&quot;camera&quot;:&quot;SM-G950F&quot;,&quot;caption&quot;:&quot;&quot;,&quot;created_timestamp&quot;:&quot;1573232643&quot;,&quot;copyright&quot;:&quot;&quot;,&quot;focal_length&quot;:&quot;4.2&quot;,&quot;iso&quot;:&quot;40&quot;,&quot;shutter_speed&quot;:&quot;0.0035714285714286&quot;,&quot;title&quot;:&quot;&quot;,&quot;orientation&quot;:&quot;0&quot;,&quot;keywords&quot;:&quot;Array&quot;}\" data-image-title=\"Tuileries Garden, Paris, Fran\u021ba\" data-image-description=\"\" data-medium-file=\"https:\/\/www.passports.top\/en\/wp-content\/uploads\/sites\/2\/2019\/12\/20191108_170403-286x300.jpg\" data-large-file=\"https:\/\/www.passports.top\/en\/wp-content\/uploads\/sites\/2\/2019\/12\/20191108_170403-977x1024.jpg\" \/><\/a>\n\t\t\t<\/div><\/figure><figure class='gallery-item'>\n\t\t\t<div class='gallery-icon landscape'>\n\t\t\t\t<a href='https:\/\/www.passports.top\/en\/dsc_0079-5\/'><img loading=\"lazy\" decoding=\"async\" width=\"150\" height=\"150\" src=\"https:\/\/www.passports.top\/en\/wp-content\/uploads\/sites\/2\/2019\/12\/DSC_0079-150x150.jpg\" class=\"attachment-thumbnail size-thumbnail\" alt=\"\" data-attachment-id=\"3676\" data-orig-file=\"https:\/\/www.passports.top\/en\/wp-content\/uploads\/sites\/2\/2019\/12\/DSC_0079.jpg\" data-orig-size=\"2000,1479\" data-comments-opened=\"1\" data-image-meta=\"{&quot;aperture&quot;:&quot;9&quot;,&quot;credit&quot;:&quot;&quot;,&quot;camera&quot;:&quot;NIKON D5300&quot;,&quot;caption&quot;:&quot;&quot;,&quot;created_timestamp&quot;:&quot;1573236175&quot;,&quot;copyright&quot;:&quot;&quot;,&quot;focal_length&quot;:&quot;21&quot;,&quot;iso&quot;:&quot;400&quot;,&quot;shutter_speed&quot;:&quot;0.00625&quot;,&quot;title&quot;:&quot;&quot;,&quot;orientation&quot;:&quot;0&quot;,&quot;keywords&quot;:&quot;Array&quot;}\" data-image-title=\"Place de la Concorde v\u0103zut\u0103 din Tuileries Garden, Paris, Fran\u021ba\" data-image-description=\"\" data-medium-file=\"https:\/\/www.passports.top\/en\/wp-content\/uploads\/sites\/2\/2019\/12\/DSC_0079-300x222.jpg\" data-large-file=\"https:\/\/www.passports.top\/en\/wp-content\/uploads\/sites\/2\/2019\/12\/DSC_0079-1024x757.jpg\" \/><\/a>\n\t\t\t<\/div><\/figure><figure class='gallery-item'>\n\t\t\t<div class='gallery-icon landscape'>\n\t\t\t\t<a href='https:\/\/www.passports.top\/en\/dsc_0099-5\/'><img loading=\"lazy\" decoding=\"async\" width=\"150\" height=\"150\" src=\"https:\/\/www.passports.top\/en\/wp-content\/uploads\/sites\/2\/2019\/12\/DSC_0099-150x150.jpg\" class=\"attachment-thumbnail size-thumbnail\" alt=\"\" data-attachment-id=\"3681\" data-orig-file=\"https:\/\/www.passports.top\/en\/wp-content\/uploads\/sites\/2\/2019\/12\/DSC_0099.jpg\" data-orig-size=\"2000,1333\" data-comments-opened=\"1\" data-image-meta=\"{&quot;aperture&quot;:&quot;10&quot;,&quot;credit&quot;:&quot;&quot;,&quot;camera&quot;:&quot;NIKON D5300&quot;,&quot;caption&quot;:&quot;&quot;,&quot;created_timestamp&quot;:&quot;1573236860&quot;,&quot;copyright&quot;:&quot;&quot;,&quot;focal_length&quot;:&quot;70&quot;,&quot;iso&quot;:&quot;400&quot;,&quot;shutter_speed&quot;:&quot;0.005&quot;,&quot;title&quot;:&quot;&quot;,&quot;orientation&quot;:&quot;0&quot;,&quot;keywords&quot;:&quot;Array&quot;}\" data-image-title=\"Turnul Eiffel, Paris, Fran\u021ba\" data-image-description=\"\" data-medium-file=\"https:\/\/www.passports.top\/en\/wp-content\/uploads\/sites\/2\/2019\/12\/DSC_0099-300x200.jpg\" data-large-file=\"https:\/\/www.passports.top\/en\/wp-content\/uploads\/sites\/2\/2019\/12\/DSC_0099-1024x682.jpg\" \/><\/a>\n\t\t\t<\/div><\/figure><figure class='gallery-item'>\n\t\t\t<div class='gallery-icon landscape'>\n\t\t\t\t<a href='https:\/\/www.passports.top\/en\/dsc_0098-7\/'><img loading=\"lazy\" decoding=\"async\" width=\"150\" height=\"150\" src=\"https:\/\/www.passports.top\/en\/wp-content\/uploads\/sites\/2\/2019\/12\/DSC_0098-150x150.jpg\" class=\"attachment-thumbnail size-thumbnail\" alt=\"\" data-attachment-id=\"3680\" data-orig-file=\"https:\/\/www.passports.top\/en\/wp-content\/uploads\/sites\/2\/2019\/12\/DSC_0098.jpg\" data-orig-size=\"2000,1378\" data-comments-opened=\"1\" data-image-meta=\"{&quot;aperture&quot;:&quot;9&quot;,&quot;credit&quot;:&quot;&quot;,&quot;camera&quot;:&quot;NIKON D5300&quot;,&quot;caption&quot;:&quot;&quot;,&quot;created_timestamp&quot;:&quot;1573236826&quot;,&quot;copyright&quot;:&quot;&quot;,&quot;focal_length&quot;:&quot;45&quot;,&quot;iso&quot;:&quot;400&quot;,&quot;shutter_speed&quot;:&quot;0.008&quot;,&quot;title&quot;:&quot;&quot;,&quot;orientation&quot;:&quot;0&quot;,&quot;keywords&quot;:&quot;Array&quot;}\" data-image-title=\"Paris, Fran\u021ba\" data-image-description=\"\" data-medium-file=\"https:\/\/www.passports.top\/en\/wp-content\/uploads\/sites\/2\/2019\/12\/DSC_0098-300x207.jpg\" data-large-file=\"https:\/\/www.passports.top\/en\/wp-content\/uploads\/sites\/2\/2019\/12\/DSC_0098-1024x706.jpg\" \/><\/a>\n\t\t\t<\/div><\/figure><figure class='gallery-item'>\n\t\t\t<div class='gallery-icon landscape'>\n\t\t\t\t<a href='https:\/\/www.passports.top\/en\/dsc_0092-8\/'><img loading=\"lazy\" decoding=\"async\" width=\"150\" height=\"150\" src=\"https:\/\/www.passports.top\/en\/wp-content\/uploads\/sites\/2\/2019\/12\/DSC_0092-150x150.jpg\" class=\"attachment-thumbnail size-thumbnail\" alt=\"\" data-attachment-id=\"3679\" data-orig-file=\"https:\/\/www.passports.top\/en\/wp-content\/uploads\/sites\/2\/2019\/12\/DSC_0092.jpg\" data-orig-size=\"2000,1479\" data-comments-opened=\"1\" data-image-meta=\"{&quot;aperture&quot;:&quot;10&quot;,&quot;credit&quot;:&quot;&quot;,&quot;camera&quot;:&quot;NIKON D5300&quot;,&quot;caption&quot;:&quot;&quot;,&quot;created_timestamp&quot;:&quot;1573236565&quot;,&quot;copyright&quot;:&quot;&quot;,&quot;focal_length&quot;:&quot;80&quot;,&quot;iso&quot;:&quot;400&quot;,&quot;shutter_speed&quot;:&quot;0.003125&quot;,&quot;title&quot;:&quot;&quot;,&quot;orientation&quot;:&quot;0&quot;,&quot;keywords&quot;:&quot;Array&quot;}\" data-image-title=\"Turnul Eiffel, Paris, Fran\u021ba\" data-image-description=\"\" data-medium-file=\"https:\/\/www.passports.top\/en\/wp-content\/uploads\/sites\/2\/2019\/12\/DSC_0092-300x222.jpg\" data-large-file=\"https:\/\/www.passports.top\/en\/wp-content\/uploads\/sites\/2\/2019\/12\/DSC_0092-1024x757.jpg\" \/><\/a>\n\t\t\t<\/div><\/figure><figure class='gallery-item'>\n\t\t\t<div class='gallery-icon landscape'>\n\t\t\t\t<a href='https:\/\/www.passports.top\/en\/dsc_0084-8\/'><img loading=\"lazy\" decoding=\"async\" width=\"150\" height=\"150\" src=\"https:\/\/www.passports.top\/en\/wp-content\/uploads\/sites\/2\/2019\/12\/DSC_0084-150x150.jpg\" class=\"attachment-thumbnail size-thumbnail\" alt=\"\" data-attachment-id=\"3678\" data-orig-file=\"https:\/\/www.passports.top\/en\/wp-content\/uploads\/sites\/2\/2019\/12\/DSC_0084.jpg\" data-orig-size=\"2000,1455\" data-comments-opened=\"1\" data-image-meta=\"{&quot;aperture&quot;:&quot;11&quot;,&quot;credit&quot;:&quot;&quot;,&quot;camera&quot;:&quot;NIKON D5300&quot;,&quot;caption&quot;:&quot;&quot;,&quot;created_timestamp&quot;:&quot;1573236460&quot;,&quot;copyright&quot;:&quot;&quot;,&quot;focal_length&quot;:&quot;40&quot;,&quot;iso&quot;:&quot;400&quot;,&quot;shutter_speed&quot;:&quot;0.003125&quot;,&quot;title&quot;:&quot;&quot;,&quot;orientation&quot;:&quot;0&quot;,&quot;keywords&quot;:&quot;Array&quot;}\" data-image-title=\"Turnul Eiffel, Paris, Fran\u021ba\" data-image-description=\"\" data-medium-file=\"https:\/\/www.passports.top\/en\/wp-content\/uploads\/sites\/2\/2019\/12\/DSC_0084-300x218.jpg\" data-large-file=\"https:\/\/www.passports.top\/en\/wp-content\/uploads\/sites\/2\/2019\/12\/DSC_0084-1024x745.jpg\" \/><\/a>\n\t\t\t<\/div><\/figure><figure class='gallery-item'>\n\t\t\t<div class='gallery-icon landscape'>\n\t\t\t\t<a href='https:\/\/www.passports.top\/en\/dsc_0082-7\/'><img loading=\"lazy\" decoding=\"async\" width=\"150\" height=\"150\" src=\"https:\/\/www.passports.top\/en\/wp-content\/uploads\/sites\/2\/2019\/12\/DSC_0082-150x150.jpg\" class=\"attachment-thumbnail size-thumbnail\" alt=\"\" data-attachment-id=\"3677\" data-orig-file=\"https:\/\/www.passports.top\/en\/wp-content\/uploads\/sites\/2\/2019\/12\/DSC_0082.jpg\" data-orig-size=\"2000,1583\" data-comments-opened=\"1\" data-image-meta=\"{&quot;aperture&quot;:&quot;8&quot;,&quot;credit&quot;:&quot;&quot;,&quot;camera&quot;:&quot;NIKON D5300&quot;,&quot;caption&quot;:&quot;&quot;,&quot;created_timestamp&quot;:&quot;1573236297&quot;,&quot;copyright&quot;:&quot;&quot;,&quot;focal_length&quot;:&quot;25&quot;,&quot;iso&quot;:&quot;400&quot;,&quot;shutter_speed&quot;:&quot;0.016666666666667&quot;,&quot;title&quot;:&quot;&quot;,&quot;orientation&quot;:&quot;0&quot;,&quot;keywords&quot;:&quot;Array&quot;}\" data-image-title=\"Tuileries Garden, Paris, Fran\u021ba\" data-image-description=\"\" data-medium-file=\"https:\/\/www.passports.top\/en\/wp-content\/uploads\/sites\/2\/2019\/12\/DSC_0082-300x237.jpg\" data-large-file=\"https:\/\/www.passports.top\/en\/wp-content\/uploads\/sites\/2\/2019\/12\/DSC_0082-1024x810.jpg\" \/><\/a>\n\t\t\t<\/div><\/figure><figure class='gallery-item'>\n\t\t\t<div class='gallery-icon landscape'>\n\t\t\t\t<a href='https:\/\/www.passports.top\/en\/dsc_0105-4\/'><img loading=\"lazy\" decoding=\"async\" width=\"150\" height=\"150\" src=\"https:\/\/www.passports.top\/en\/wp-content\/uploads\/sites\/2\/2019\/12\/DSC_0105-150x150.jpg\" class=\"attachment-thumbnail size-thumbnail\" alt=\"\" data-attachment-id=\"3682\" data-orig-file=\"https:\/\/www.passports.top\/en\/wp-content\/uploads\/sites\/2\/2019\/12\/DSC_0105.jpg\" data-orig-size=\"2000,1333\" data-comments-opened=\"1\" data-image-meta=\"{&quot;aperture&quot;:&quot;9&quot;,&quot;credit&quot;:&quot;&quot;,&quot;camera&quot;:&quot;NIKON D5300&quot;,&quot;caption&quot;:&quot;&quot;,&quot;created_timestamp&quot;:&quot;1573236896&quot;,&quot;copyright&quot;:&quot;&quot;,&quot;focal_length&quot;:&quot;45&quot;,&quot;iso&quot;:&quot;400&quot;,&quot;shutter_speed&quot;:&quot;0.008&quot;,&quot;title&quot;:&quot;&quot;,&quot;orientation&quot;:&quot;0&quot;,&quot;keywords&quot;:&quot;Array&quot;}\" data-image-title=\"Pont Alexandre III, Paris, Fran\u021ba\" data-image-description=\"\" data-medium-file=\"https:\/\/www.passports.top\/en\/wp-content\/uploads\/sites\/2\/2019\/12\/DSC_0105-300x200.jpg\" data-large-file=\"https:\/\/www.passports.top\/en\/wp-content\/uploads\/sites\/2\/2019\/12\/DSC_0105-1024x682.jpg\" \/><\/a>\n\t\t\t<\/div><\/figure><figure class='gallery-item'>\n\t\t\t<div class='gallery-icon portrait'>\n\t\t\t\t<a href='https:\/\/www.passports.top\/en\/dsc_0129-4\/'><img loading=\"lazy\" decoding=\"async\" width=\"150\" height=\"150\" src=\"https:\/\/www.passports.top\/en\/wp-content\/uploads\/sites\/2\/2019\/12\/DSC_0129-150x150.jpg\" class=\"attachment-thumbnail size-thumbnail\" alt=\"\" data-attachment-id=\"3689\" data-orig-file=\"https:\/\/www.passports.top\/en\/wp-content\/uploads\/sites\/2\/2019\/12\/DSC_0129.jpg\" data-orig-size=\"1393,2000\" data-comments-opened=\"1\" data-image-meta=\"{&quot;aperture&quot;:&quot;4.5&quot;,&quot;credit&quot;:&quot;&quot;,&quot;camera&quot;:&quot;NIKON D5300&quot;,&quot;caption&quot;:&quot;&quot;,&quot;created_timestamp&quot;:&quot;1573239650&quot;,&quot;copyright&quot;:&quot;&quot;,&quot;focal_length&quot;:&quot;18&quot;,&quot;iso&quot;:&quot;1600&quot;,&quot;shutter_speed&quot;:&quot;0.066666666666667&quot;,&quot;title&quot;:&quot;&quot;,&quot;orientation&quot;:&quot;0&quot;,&quot;keywords&quot;:&quot;Array&quot;}\" data-image-title=\"Turnul Eiffel, Paris, Fran\u021ba\" data-image-description=\"\" data-medium-file=\"https:\/\/www.passports.top\/en\/wp-content\/uploads\/sites\/2\/2019\/12\/DSC_0129-209x300.jpg\" data-large-file=\"https:\/\/www.passports.top\/en\/wp-content\/uploads\/sites\/2\/2019\/12\/DSC_0129-713x1024.jpg\" \/><\/a>\n\t\t\t<\/div><\/figure><figure class='gallery-item'>\n\t\t\t<div class='gallery-icon landscape'>\n\t\t\t\t<a href='https:\/\/www.passports.top\/en\/dsc_0149-6\/'><img loading=\"lazy\" decoding=\"async\" width=\"150\" height=\"150\" src=\"https:\/\/www.passports.top\/en\/wp-content\/uploads\/sites\/2\/2019\/12\/DSC_0149-150x150.jpg\" class=\"attachment-thumbnail size-thumbnail\" alt=\"\" data-attachment-id=\"3690\" data-orig-file=\"https:\/\/www.passports.top\/en\/wp-content\/uploads\/sites\/2\/2019\/12\/DSC_0149.jpg\" data-orig-size=\"2000,1463\" data-comments-opened=\"1\" data-image-meta=\"{&quot;aperture&quot;:&quot;3.8&quot;,&quot;credit&quot;:&quot;&quot;,&quot;camera&quot;:&quot;NIKON D5300&quot;,&quot;caption&quot;:&quot;&quot;,&quot;created_timestamp&quot;:&quot;1573241251&quot;,&quot;copyright&quot;:&quot;&quot;,&quot;focal_length&quot;:&quot;22&quot;,&quot;iso&quot;:&quot;1600&quot;,&quot;shutter_speed&quot;:&quot;0.076923076923077&quot;,&quot;title&quot;:&quot;&quot;,&quot;orientation&quot;:&quot;0&quot;,&quot;keywords&quot;:&quot;Array&quot;}\" data-image-title=\"Turnul Eiffel, Paris, Fran\u021ba\" data-image-description=\"\" data-medium-file=\"https:\/\/www.passports.top\/en\/wp-content\/uploads\/sites\/2\/2019\/12\/DSC_0149-300x219.jpg\" data-large-file=\"https:\/\/www.passports.top\/en\/wp-content\/uploads\/sites\/2\/2019\/12\/DSC_0149-1024x749.jpg\" \/><\/a>\n\t\t\t<\/div><\/figure><figure class='gallery-item'>\n\t\t\t<div class='gallery-icon landscape'>\n\t\t\t\t<a href='https:\/\/www.passports.top\/en\/dsc_0108-8\/'><img loading=\"lazy\" decoding=\"async\" width=\"150\" height=\"150\" src=\"https:\/\/www.passports.top\/en\/wp-content\/uploads\/sites\/2\/2019\/12\/DSC_0108-150x150.jpg\" class=\"attachment-thumbnail size-thumbnail\" alt=\"\" data-attachment-id=\"3683\" data-orig-file=\"https:\/\/www.passports.top\/en\/wp-content\/uploads\/sites\/2\/2019\/12\/DSC_0108.jpg\" data-orig-size=\"2000,1333\" data-comments-opened=\"1\" data-image-meta=\"{&quot;aperture&quot;:&quot;7.1&quot;,&quot;credit&quot;:&quot;&quot;,&quot;camera&quot;:&quot;NIKON D5300&quot;,&quot;caption&quot;:&quot;&quot;,&quot;created_timestamp&quot;:&quot;1573237028&quot;,&quot;copyright&quot;:&quot;&quot;,&quot;focal_length&quot;:&quot;45&quot;,&quot;iso&quot;:&quot;400&quot;,&quot;shutter_speed&quot;:&quot;0.033333333333333&quot;,&quot;title&quot;:&quot;&quot;,&quot;orientation&quot;:&quot;0&quot;,&quot;keywords&quot;:&quot;Array&quot;}\" data-image-title=\"Paris, Fran\u021ba\" data-image-description=\"\" data-medium-file=\"https:\/\/www.passports.top\/en\/wp-content\/uploads\/sites\/2\/2019\/12\/DSC_0108-300x200.jpg\" data-large-file=\"https:\/\/www.passports.top\/en\/wp-content\/uploads\/sites\/2\/2019\/12\/DSC_0108-1024x682.jpg\" \/><\/a>\n\t\t\t<\/div><\/figure><figure class='gallery-item'>\n\t\t\t<div class='gallery-icon landscape'>\n\t\t\t\t<a href='https:\/\/www.passports.top\/en\/dsc_0113-9\/'><img loading=\"lazy\" decoding=\"async\" width=\"150\" height=\"150\" src=\"https:\/\/www.passports.top\/en\/wp-content\/uploads\/sites\/2\/2019\/12\/DSC_0113-150x150.jpg\" class=\"attachment-thumbnail size-thumbnail\" alt=\"\" data-attachment-id=\"3684\" data-orig-file=\"https:\/\/www.passports.top\/en\/wp-content\/uploads\/sites\/2\/2019\/12\/DSC_0113.jpg\" data-orig-size=\"2000,1145\" data-comments-opened=\"1\" data-image-meta=\"{&quot;aperture&quot;:&quot;7.1&quot;,&quot;credit&quot;:&quot;&quot;,&quot;camera&quot;:&quot;NIKON D5300&quot;,&quot;caption&quot;:&quot;&quot;,&quot;created_timestamp&quot;:&quot;1573237342&quot;,&quot;copyright&quot;:&quot;&quot;,&quot;focal_length&quot;:&quot;40&quot;,&quot;iso&quot;:&quot;400&quot;,&quot;shutter_speed&quot;:&quot;0.025&quot;,&quot;title&quot;:&quot;&quot;,&quot;orientation&quot;:&quot;0&quot;,&quot;keywords&quot;:&quot;Array&quot;}\" data-image-title=\"Pont Alexandre III, Paris, Fran\u021ba\" data-image-description=\"\" data-medium-file=\"https:\/\/www.passports.top\/en\/wp-content\/uploads\/sites\/2\/2019\/12\/DSC_0113-300x172.jpg\" data-large-file=\"https:\/\/www.passports.top\/en\/wp-content\/uploads\/sites\/2\/2019\/12\/DSC_0113-1024x586.jpg\" \/><\/a>\n\t\t\t<\/div><\/figure><figure class='gallery-item'>\n\t\t\t<div class='gallery-icon landscape'>\n\t\t\t\t<a href='https:\/\/www.passports.top\/en\/dsc_0118-5\/'><img loading=\"lazy\" decoding=\"async\" width=\"150\" height=\"150\" src=\"https:\/\/www.passports.top\/en\/wp-content\/uploads\/sites\/2\/2019\/12\/DSC_0118-150x150.jpg\" class=\"attachment-thumbnail size-thumbnail\" alt=\"\" data-attachment-id=\"3685\" data-orig-file=\"https:\/\/www.passports.top\/en\/wp-content\/uploads\/sites\/2\/2019\/12\/DSC_0118.jpg\" data-orig-size=\"2000,1333\" data-comments-opened=\"1\" data-image-meta=\"{&quot;aperture&quot;:&quot;6.3&quot;,&quot;credit&quot;:&quot;&quot;,&quot;camera&quot;:&quot;NIKON D5300&quot;,&quot;caption&quot;:&quot;&quot;,&quot;created_timestamp&quot;:&quot;1573237607&quot;,&quot;copyright&quot;:&quot;&quot;,&quot;focal_length&quot;:&quot;18&quot;,&quot;iso&quot;:&quot;720&quot;,&quot;shutter_speed&quot;:&quot;0.066666666666667&quot;,&quot;title&quot;:&quot;&quot;,&quot;orientation&quot;:&quot;0&quot;,&quot;keywords&quot;:&quot;Array&quot;}\" data-image-title=\"Sena, Paris, Fran\u021ba\" data-image-description=\"\" data-medium-file=\"https:\/\/www.passports.top\/en\/wp-content\/uploads\/sites\/2\/2019\/12\/DSC_0118-300x200.jpg\" data-large-file=\"https:\/\/www.passports.top\/en\/wp-content\/uploads\/sites\/2\/2019\/12\/DSC_0118-1024x682.jpg\" \/><\/a>\n\t\t\t<\/div><\/figure><figure class='gallery-item'>\n\t\t\t<div class='gallery-icon landscape'>\n\t\t\t\t<a href='https:\/\/www.passports.top\/en\/dsc_0119-5\/'><img loading=\"lazy\" decoding=\"async\" width=\"150\" height=\"150\" src=\"https:\/\/www.passports.top\/en\/wp-content\/uploads\/sites\/2\/2019\/12\/DSC_0119-150x150.jpg\" class=\"attachment-thumbnail size-thumbnail\" alt=\"\" data-attachment-id=\"3686\" data-orig-file=\"https:\/\/www.passports.top\/en\/wp-content\/uploads\/sites\/2\/2019\/12\/DSC_0119.jpg\" data-orig-size=\"2000,1267\" data-comments-opened=\"1\" data-image-meta=\"{&quot;aperture&quot;:&quot;6.3&quot;,&quot;credit&quot;:&quot;&quot;,&quot;camera&quot;:&quot;NIKON D5300&quot;,&quot;caption&quot;:&quot;&quot;,&quot;created_timestamp&quot;:&quot;1573237609&quot;,&quot;copyright&quot;:&quot;&quot;,&quot;focal_length&quot;:&quot;18&quot;,&quot;iso&quot;:&quot;720&quot;,&quot;shutter_speed&quot;:&quot;0.066666666666667&quot;,&quot;title&quot;:&quot;&quot;,&quot;orientation&quot;:&quot;0&quot;,&quot;keywords&quot;:&quot;Array&quot;}\" data-image-title=\"Sena, Paris, Fran\u021ba\" data-image-description=\"\" data-medium-file=\"https:\/\/www.passports.top\/en\/wp-content\/uploads\/sites\/2\/2019\/12\/DSC_0119-300x190.jpg\" data-large-file=\"https:\/\/www.passports.top\/en\/wp-content\/uploads\/sites\/2\/2019\/12\/DSC_0119-1024x649.jpg\" \/><\/a>\n\t\t\t<\/div><\/figure><figure class='gallery-item'>\n\t\t\t<div class='gallery-icon landscape'>\n\t\t\t\t<a href='https:\/\/www.passports.top\/en\/dsc_0150-3\/'><img loading=\"lazy\" decoding=\"async\" width=\"150\" height=\"150\" src=\"https:\/\/www.passports.top\/en\/wp-content\/uploads\/sites\/2\/2019\/12\/DSC_0150-150x150.jpg\" class=\"attachment-thumbnail size-thumbnail\" alt=\"\" data-attachment-id=\"3691\" data-orig-file=\"https:\/\/www.passports.top\/en\/wp-content\/uploads\/sites\/2\/2019\/12\/DSC_0150.jpg\" data-orig-size=\"2000,1358\" data-comments-opened=\"1\" data-image-meta=\"{&quot;aperture&quot;:&quot;8&quot;,&quot;credit&quot;:&quot;&quot;,&quot;camera&quot;:&quot;NIKON D5300&quot;,&quot;caption&quot;:&quot;&quot;,&quot;created_timestamp&quot;:&quot;1573305291&quot;,&quot;copyright&quot;:&quot;&quot;,&quot;focal_length&quot;:&quot;18&quot;,&quot;iso&quot;:&quot;220&quot;,&quot;shutter_speed&quot;:&quot;0.004&quot;,&quot;title&quot;:&quot;&quot;,&quot;orientation&quot;:&quot;0&quot;,&quot;keywords&quot;:&quot;Array&quot;}\" data-image-title=\"Paris, Fran\u021ba\" data-image-description=\"\" data-medium-file=\"https:\/\/www.passports.top\/en\/wp-content\/uploads\/sites\/2\/2019\/12\/DSC_0150-300x204.jpg\" data-large-file=\"https:\/\/www.passports.top\/en\/wp-content\/uploads\/sites\/2\/2019\/12\/DSC_0150-1024x695.jpg\" \/><\/a>\n\t\t\t<\/div><\/figure><figure class='gallery-item'>\n\t\t\t<div class='gallery-icon landscape'>\n\t\t\t\t<a href='https:\/\/www.passports.top\/en\/dsc_0125-6\/'><img loading=\"lazy\" decoding=\"async\" width=\"150\" height=\"150\" src=\"https:\/\/www.passports.top\/en\/wp-content\/uploads\/sites\/2\/2019\/12\/DSC_0125-150x150.jpg\" class=\"attachment-thumbnail size-thumbnail\" alt=\"\" data-attachment-id=\"3688\" data-orig-file=\"https:\/\/www.passports.top\/en\/wp-content\/uploads\/sites\/2\/2019\/12\/DSC_0125.jpg\" data-orig-size=\"2000,1354\" data-comments-opened=\"1\" data-image-meta=\"{&quot;aperture&quot;:&quot;6.3&quot;,&quot;credit&quot;:&quot;&quot;,&quot;camera&quot;:&quot;NIKON D5300&quot;,&quot;caption&quot;:&quot;&quot;,&quot;created_timestamp&quot;:&quot;1573237784&quot;,&quot;copyright&quot;:&quot;&quot;,&quot;focal_length&quot;:&quot;22&quot;,&quot;iso&quot;:&quot;900&quot;,&quot;shutter_speed&quot;:&quot;0.066666666666667&quot;,&quot;title&quot;:&quot;&quot;,&quot;orientation&quot;:&quot;0&quot;,&quot;keywords&quot;:&quot;Array&quot;}\" data-image-title=\"Pont Alexandre III, Paris, Fran\u021ba\" data-image-description=\"\" data-medium-file=\"https:\/\/www.passports.top\/en\/wp-content\/uploads\/sites\/2\/2019\/12\/DSC_0125-300x203.jpg\" data-large-file=\"https:\/\/www.passports.top\/en\/wp-content\/uploads\/sites\/2\/2019\/12\/DSC_0125-1024x693.jpg\" \/><\/a>\n\t\t\t<\/div><\/figure><figure class='gallery-item'>\n\t\t\t<div class='gallery-icon landscape'>\n\t\t\t\t<a href='https:\/\/www.passports.top\/en\/dsc_0120-7\/'><img loading=\"lazy\" decoding=\"async\" width=\"150\" height=\"150\" src=\"https:\/\/www.passports.top\/en\/wp-content\/uploads\/sites\/2\/2019\/12\/DSC_0120-150x150.jpg\" class=\"attachment-thumbnail size-thumbnail\" alt=\"\" data-attachment-id=\"3687\" data-orig-file=\"https:\/\/www.passports.top\/en\/wp-content\/uploads\/sites\/2\/2019\/12\/DSC_0120.jpg\" data-orig-size=\"2000,1740\" data-comments-opened=\"1\" data-image-meta=\"{&quot;aperture&quot;:&quot;7.1&quot;,&quot;credit&quot;:&quot;&quot;,&quot;camera&quot;:&quot;NIKON D5300&quot;,&quot;caption&quot;:&quot;&quot;,&quot;created_timestamp&quot;:&quot;1573237620&quot;,&quot;copyright&quot;:&quot;&quot;,&quot;focal_length&quot;:&quot;18&quot;,&quot;iso&quot;:&quot;400&quot;,&quot;shutter_speed&quot;:&quot;0.04&quot;,&quot;title&quot;:&quot;&quot;,&quot;orientation&quot;:&quot;0&quot;,&quot;keywords&quot;:&quot;Array&quot;}\" data-image-title=\"Pont Alexandre III, Paris, Fran\u021ba\" data-image-description=\"\" data-medium-file=\"https:\/\/www.passports.top\/en\/wp-content\/uploads\/sites\/2\/2019\/12\/DSC_0120-300x261.jpg\" data-large-file=\"https:\/\/www.passports.top\/en\/wp-content\/uploads\/sites\/2\/2019\/12\/DSC_0120-1024x891.jpg\" \/><\/a>\n\t\t\t<\/div><\/figure><figure class='gallery-item'>\n\t\t\t<div class='gallery-icon landscape'>\n\t\t\t\t<a href='https:\/\/www.passports.top\/en\/dsc_0151-6\/'><img loading=\"lazy\" decoding=\"async\" width=\"150\" height=\"150\" src=\"https:\/\/www.passports.top\/en\/wp-content\/uploads\/sites\/2\/2019\/12\/DSC_0151-150x150.jpg\" class=\"attachment-thumbnail size-thumbnail\" alt=\"\" data-attachment-id=\"3692\" data-orig-file=\"https:\/\/www.passports.top\/en\/wp-content\/uploads\/sites\/2\/2019\/12\/DSC_0151.jpg\" data-orig-size=\"2000,1378\" data-comments-opened=\"1\" data-image-meta=\"{&quot;aperture&quot;:&quot;8&quot;,&quot;credit&quot;:&quot;&quot;,&quot;camera&quot;:&quot;NIKON D5300&quot;,&quot;caption&quot;:&quot;&quot;,&quot;created_timestamp&quot;:&quot;1573305346&quot;,&quot;copyright&quot;:&quot;&quot;,&quot;focal_length&quot;:&quot;42&quot;,&quot;iso&quot;:&quot;200&quot;,&quot;shutter_speed&quot;:&quot;0.003125&quot;,&quot;title&quot;:&quot;&quot;,&quot;orientation&quot;:&quot;0&quot;,&quot;keywords&quot;:&quot;Array&quot;}\" data-image-title=\"Paris, Fran\u021ba\" data-image-description=\"\" data-medium-file=\"https:\/\/www.passports.top\/en\/wp-content\/uploads\/sites\/2\/2019\/12\/DSC_0151-300x207.jpg\" data-large-file=\"https:\/\/www.passports.top\/en\/wp-content\/uploads\/sites\/2\/2019\/12\/DSC_0151-1024x706.jpg\" \/><\/a>\n\t\t\t<\/div><\/figure><figure class='gallery-item'>\n\t\t\t<div class='gallery-icon landscape'>\n\t\t\t\t<a href='https:\/\/www.passports.top\/en\/dsc_0153-6\/'><img loading=\"lazy\" decoding=\"async\" width=\"150\" height=\"150\" src=\"https:\/\/www.passports.top\/en\/wp-content\/uploads\/sites\/2\/2019\/12\/DSC_0153-150x150.jpg\" class=\"attachment-thumbnail size-thumbnail\" alt=\"\" data-attachment-id=\"3693\" data-orig-file=\"https:\/\/www.passports.top\/en\/wp-content\/uploads\/sites\/2\/2019\/12\/DSC_0153.jpg\" data-orig-size=\"2000,1557\" data-comments-opened=\"1\" data-image-meta=\"{&quot;aperture&quot;:&quot;11&quot;,&quot;credit&quot;:&quot;&quot;,&quot;camera&quot;:&quot;NIKON D5300&quot;,&quot;caption&quot;:&quot;&quot;,&quot;created_timestamp&quot;:&quot;1573305803&quot;,&quot;copyright&quot;:&quot;&quot;,&quot;focal_length&quot;:&quot;18&quot;,&quot;iso&quot;:&quot;200&quot;,&quot;shutter_speed&quot;:&quot;0.002&quot;,&quot;title&quot;:&quot;&quot;,&quot;orientation&quot;:&quot;0&quot;,&quot;keywords&quot;:&quot;Array&quot;}\" data-image-title=\"Bazilica Sacr\u00e9-C\u0153ur, Paris, Fran\u021ba\" data-image-description=\"\" data-medium-file=\"https:\/\/www.passports.top\/en\/wp-content\/uploads\/sites\/2\/2019\/12\/DSC_0153-300x234.jpg\" data-large-file=\"https:\/\/www.passports.top\/en\/wp-content\/uploads\/sites\/2\/2019\/12\/DSC_0153-1024x797.jpg\" \/><\/a>\n\t\t\t<\/div><\/figure><figure class='gallery-item'>\n\t\t\t<div class='gallery-icon landscape'>\n\t\t\t\t<a href='https:\/\/www.passports.top\/en\/dsc_0157-6\/'><img loading=\"lazy\" decoding=\"async\" width=\"150\" height=\"150\" src=\"https:\/\/www.passports.top\/en\/wp-content\/uploads\/sites\/2\/2019\/12\/DSC_0157-150x150.jpg\" class=\"attachment-thumbnail size-thumbnail\" alt=\"\" data-attachment-id=\"3694\" data-orig-file=\"https:\/\/www.passports.top\/en\/wp-content\/uploads\/sites\/2\/2019\/12\/DSC_0157.jpg\" data-orig-size=\"2000,1122\" data-comments-opened=\"1\" data-image-meta=\"{&quot;aperture&quot;:&quot;10&quot;,&quot;credit&quot;:&quot;&quot;,&quot;camera&quot;:&quot;NIKON D5300&quot;,&quot;caption&quot;:&quot;&quot;,&quot;created_timestamp&quot;:&quot;1573306100&quot;,&quot;copyright&quot;:&quot;&quot;,&quot;focal_length&quot;:&quot;105&quot;,&quot;iso&quot;:&quot;200&quot;,&quot;shutter_speed&quot;:&quot;0.0025&quot;,&quot;title&quot;:&quot;&quot;,&quot;orientation&quot;:&quot;0&quot;,&quot;keywords&quot;:&quot;Array&quot;}\" data-image-title=\"Catedrala Notre Dame v\u0103zuta de la Bazilica Sacr\u00e9-C\u0153ur, Paris, Fran\u021ba\" data-image-description=\"\" data-medium-file=\"https:\/\/www.passports.top\/en\/wp-content\/uploads\/sites\/2\/2019\/12\/DSC_0157-300x168.jpg\" data-large-file=\"https:\/\/www.passports.top\/en\/wp-content\/uploads\/sites\/2\/2019\/12\/DSC_0157-1024x574.jpg\" \/><\/a>\n\t\t\t<\/div><\/figure><figure class='gallery-item'>\n\t\t\t<div class='gallery-icon landscape'>\n\t\t\t\t<a href='https:\/\/www.passports.top\/en\/dsc_0162-6\/'><img loading=\"lazy\" decoding=\"async\" width=\"150\" height=\"150\" src=\"https:\/\/www.passports.top\/en\/wp-content\/uploads\/sites\/2\/2019\/12\/DSC_0162-150x150.jpg\" class=\"attachment-thumbnail size-thumbnail\" alt=\"\" data-attachment-id=\"3696\" data-orig-file=\"https:\/\/www.passports.top\/en\/wp-content\/uploads\/sites\/2\/2019\/12\/DSC_0162.jpg\" data-orig-size=\"2000,1541\" data-comments-opened=\"1\" data-image-meta=\"{&quot;aperture&quot;:&quot;3.5&quot;,&quot;credit&quot;:&quot;&quot;,&quot;camera&quot;:&quot;NIKON D5300&quot;,&quot;caption&quot;:&quot;&quot;,&quot;created_timestamp&quot;:&quot;1573306211&quot;,&quot;copyright&quot;:&quot;&quot;,&quot;focal_length&quot;:&quot;18&quot;,&quot;iso&quot;:&quot;1400&quot;,&quot;shutter_speed&quot;:&quot;0.016666666666667&quot;,&quot;title&quot;:&quot;&quot;,&quot;orientation&quot;:&quot;0&quot;,&quot;keywords&quot;:&quot;Array&quot;}\" data-image-title=\"Interior Bazilica Sacr\u00e9-C\u0153ur, Paris, Fran\u021ba\" data-image-description=\"\" data-medium-file=\"https:\/\/www.passports.top\/en\/wp-content\/uploads\/sites\/2\/2019\/12\/DSC_0162-300x231.jpg\" data-large-file=\"https:\/\/www.passports.top\/en\/wp-content\/uploads\/sites\/2\/2019\/12\/DSC_0162-1024x789.jpg\" \/><\/a>\n\t\t\t<\/div><\/figure><figure class='gallery-item'>\n\t\t\t<div class='gallery-icon landscape'>\n\t\t\t\t<a href='https:\/\/www.passports.top\/en\/20191109_123025\/'><img loading=\"lazy\" decoding=\"async\" width=\"150\" height=\"150\" src=\"https:\/\/www.passports.top\/en\/wp-content\/uploads\/sites\/2\/2019\/12\/20191109_123025-150x150.jpg\" class=\"attachment-thumbnail size-thumbnail\" alt=\"\" data-attachment-id=\"3646\" data-orig-file=\"https:\/\/www.passports.top\/en\/wp-content\/uploads\/sites\/2\/2019\/12\/20191109_123025.jpg\" data-orig-size=\"2000,1751\" data-comments-opened=\"1\" data-image-meta=\"{&quot;aperture&quot;:&quot;1.7&quot;,&quot;credit&quot;:&quot;&quot;,&quot;camera&quot;:&quot;SM-G950F&quot;,&quot;caption&quot;:&quot;&quot;,&quot;created_timestamp&quot;:&quot;1573302625&quot;,&quot;copyright&quot;:&quot;&quot;,&quot;focal_length&quot;:&quot;4.2&quot;,&quot;iso&quot;:&quot;250&quot;,&quot;shutter_speed&quot;:&quot;0.04&quot;,&quot;title&quot;:&quot;&quot;,&quot;orientation&quot;:&quot;0&quot;,&quot;keywords&quot;:&quot;Array&quot;}\" data-image-title=\"Interior Bazilica Sacr\u00e9-C\u0153ur, Paris, Fran\u021ba\" data-image-description=\"\" data-medium-file=\"https:\/\/www.passports.top\/en\/wp-content\/uploads\/sites\/2\/2019\/12\/20191109_123025-300x263.jpg\" data-large-file=\"https:\/\/www.passports.top\/en\/wp-content\/uploads\/sites\/2\/2019\/12\/20191109_123025-1024x897.jpg\" \/><\/a>\n\t\t\t<\/div><\/figure><figure class='gallery-item'>\n\t\t\t<div class='gallery-icon landscape'>\n\t\t\t\t<a href='https:\/\/www.passports.top\/en\/dsc_0172-5\/'><img loading=\"lazy\" decoding=\"async\" width=\"150\" height=\"150\" src=\"https:\/\/www.passports.top\/en\/wp-content\/uploads\/sites\/2\/2019\/12\/DSC_0172-150x150.jpg\" class=\"attachment-thumbnail size-thumbnail\" alt=\"\" data-attachment-id=\"3701\" data-orig-file=\"https:\/\/www.passports.top\/en\/wp-content\/uploads\/sites\/2\/2019\/12\/DSC_0172.jpg\" data-orig-size=\"2000,1332\" data-comments-opened=\"1\" data-image-meta=\"{&quot;aperture&quot;:&quot;4&quot;,&quot;credit&quot;:&quot;&quot;,&quot;camera&quot;:&quot;NIKON D5300&quot;,&quot;caption&quot;:&quot;&quot;,&quot;created_timestamp&quot;:&quot;1573306656&quot;,&quot;copyright&quot;:&quot;&quot;,&quot;focal_length&quot;:&quot;18&quot;,&quot;iso&quot;:&quot;400&quot;,&quot;shutter_speed&quot;:&quot;0.016666666666667&quot;,&quot;title&quot;:&quot;&quot;,&quot;orientation&quot;:&quot;0&quot;,&quot;keywords&quot;:&quot;Array&quot;}\" data-image-title=\"Interior Bazilica Sacr\u00e9-C\u0153ur, Paris, Fran\u021ba\" data-image-description=\"\" data-medium-file=\"https:\/\/www.passports.top\/en\/wp-content\/uploads\/sites\/2\/2019\/12\/DSC_0172-300x200.jpg\" data-large-file=\"https:\/\/www.passports.top\/en\/wp-content\/uploads\/sites\/2\/2019\/12\/DSC_0172-1024x682.jpg\" \/><\/a>\n\t\t\t<\/div><\/figure><figure class='gallery-item'>\n\t\t\t<div class='gallery-icon landscape'>\n\t\t\t\t<a href='https:\/\/www.passports.top\/en\/dsc_0161-3\/'><img loading=\"lazy\" decoding=\"async\" width=\"150\" height=\"150\" src=\"https:\/\/www.passports.top\/en\/wp-content\/uploads\/sites\/2\/2019\/12\/DSC_0161-150x150.jpg\" class=\"attachment-thumbnail size-thumbnail\" alt=\"\" data-attachment-id=\"3695\" data-orig-file=\"https:\/\/www.passports.top\/en\/wp-content\/uploads\/sites\/2\/2019\/12\/DSC_0161.jpg\" data-orig-size=\"2000,1755\" data-comments-opened=\"1\" data-image-meta=\"{&quot;aperture&quot;:&quot;3.5&quot;,&quot;credit&quot;:&quot;&quot;,&quot;camera&quot;:&quot;NIKON D5300&quot;,&quot;caption&quot;:&quot;&quot;,&quot;created_timestamp&quot;:&quot;1573306198&quot;,&quot;copyright&quot;:&quot;&quot;,&quot;focal_length&quot;:&quot;18&quot;,&quot;iso&quot;:&quot;2200&quot;,&quot;shutter_speed&quot;:&quot;0.016666666666667&quot;,&quot;title&quot;:&quot;&quot;,&quot;orientation&quot;:&quot;0&quot;,&quot;keywords&quot;:&quot;Array&quot;}\" data-image-title=\"Interior Bazilica Sacr\u00e9-C\u0153ur, Paris, Fran\u021ba\" data-image-description=\"\" data-medium-file=\"https:\/\/www.passports.top\/en\/wp-content\/uploads\/sites\/2\/2019\/12\/DSC_0161-300x263.jpg\" data-large-file=\"https:\/\/www.passports.top\/en\/wp-content\/uploads\/sites\/2\/2019\/12\/DSC_0161-1024x899.jpg\" \/><\/a>\n\t\t\t<\/div><\/figure><figure class='gallery-item'>\n\t\t\t<div class='gallery-icon portrait'>\n\t\t\t\t<a href='https:\/\/www.passports.top\/en\/20191109_123254\/'><img loading=\"lazy\" decoding=\"async\" width=\"150\" height=\"150\" src=\"https:\/\/www.passports.top\/en\/wp-content\/uploads\/sites\/2\/2019\/12\/20191109_123254-150x150.jpg\" class=\"attachment-thumbnail size-thumbnail\" alt=\"\" data-attachment-id=\"3648\" data-orig-file=\"https:\/\/www.passports.top\/en\/wp-content\/uploads\/sites\/2\/2019\/12\/20191109_123254.jpg\" data-orig-size=\"1216,2000\" data-comments-opened=\"1\" data-image-meta=\"{&quot;aperture&quot;:&quot;1.7&quot;,&quot;credit&quot;:&quot;&quot;,&quot;camera&quot;:&quot;SM-G950F&quot;,&quot;caption&quot;:&quot;&quot;,&quot;created_timestamp&quot;:&quot;1573302774&quot;,&quot;copyright&quot;:&quot;&quot;,&quot;focal_length&quot;:&quot;4.2&quot;,&quot;iso&quot;:&quot;250&quot;,&quot;shutter_speed&quot;:&quot;0.058823529411765&quot;,&quot;title&quot;:&quot;&quot;,&quot;orientation&quot;:&quot;0&quot;,&quot;keywords&quot;:&quot;Array&quot;}\" data-image-title=\"Interior Bazilica Sacr\u00e9-C\u0153ur, Paris, Fran\u021ba\" data-image-description=\"\" data-medium-file=\"https:\/\/www.passports.top\/en\/wp-content\/uploads\/sites\/2\/2019\/12\/20191109_123254-182x300.jpg\" data-large-file=\"https:\/\/www.passports.top\/en\/wp-content\/uploads\/sites\/2\/2019\/12\/20191109_123254-623x1024.jpg\" \/><\/a>\n\t\t\t<\/div><\/figure><figure class='gallery-item'>\n\t\t\t<div class='gallery-icon landscape'>\n\t\t\t\t<a href='https:\/\/www.passports.top\/en\/dsc_0170-8\/'><img loading=\"lazy\" decoding=\"async\" width=\"150\" height=\"150\" src=\"https:\/\/www.passports.top\/en\/wp-content\/uploads\/sites\/2\/2019\/12\/DSC_0170-150x150.jpg\" class=\"attachment-thumbnail size-thumbnail\" alt=\"\" data-attachment-id=\"3700\" data-orig-file=\"https:\/\/www.passports.top\/en\/wp-content\/uploads\/sites\/2\/2019\/12\/DSC_0170.jpg\" data-orig-size=\"2000,1689\" data-comments-opened=\"1\" data-image-meta=\"{&quot;aperture&quot;:&quot;5&quot;,&quot;credit&quot;:&quot;&quot;,&quot;camera&quot;:&quot;NIKON D5300&quot;,&quot;caption&quot;:&quot;&quot;,&quot;created_timestamp&quot;:&quot;1573306578&quot;,&quot;copyright&quot;:&quot;&quot;,&quot;focal_length&quot;:&quot;50&quot;,&quot;iso&quot;:&quot;6400&quot;,&quot;shutter_speed&quot;:&quot;0.025&quot;,&quot;title&quot;:&quot;&quot;,&quot;orientation&quot;:&quot;0&quot;,&quot;keywords&quot;:&quot;Array&quot;}\" data-image-title=\"Interior Bazilica Sacr\u00e9-C\u0153ur, Paris, Fran\u021ba\" data-image-description=\"\" data-medium-file=\"https:\/\/www.passports.top\/en\/wp-content\/uploads\/sites\/2\/2019\/12\/DSC_0170-300x253.jpg\" data-large-file=\"https:\/\/www.passports.top\/en\/wp-content\/uploads\/sites\/2\/2019\/12\/DSC_0170-1024x865.jpg\" \/><\/a>\n\t\t\t<\/div><\/figure><figure class='gallery-item'>\n\t\t\t<div class='gallery-icon landscape'>\n\t\t\t\t<a href='https:\/\/www.passports.top\/en\/dsc_0168-4\/'><img loading=\"lazy\" decoding=\"async\" width=\"150\" height=\"150\" src=\"https:\/\/www.passports.top\/en\/wp-content\/uploads\/sites\/2\/2019\/12\/DSC_0168-150x150.jpg\" class=\"attachment-thumbnail size-thumbnail\" alt=\"\" data-attachment-id=\"3699\" data-orig-file=\"https:\/\/www.passports.top\/en\/wp-content\/uploads\/sites\/2\/2019\/12\/DSC_0168.jpg\" data-orig-size=\"2000,1333\" data-comments-opened=\"1\" data-image-meta=\"{&quot;aperture&quot;:&quot;3.5&quot;,&quot;credit&quot;:&quot;&quot;,&quot;camera&quot;:&quot;NIKON D5300&quot;,&quot;caption&quot;:&quot;&quot;,&quot;created_timestamp&quot;:&quot;1573306486&quot;,&quot;copyright&quot;:&quot;&quot;,&quot;focal_length&quot;:&quot;18&quot;,&quot;iso&quot;:&quot;2800&quot;,&quot;shutter_speed&quot;:&quot;0.016666666666667&quot;,&quot;title&quot;:&quot;&quot;,&quot;orientation&quot;:&quot;0&quot;,&quot;keywords&quot;:&quot;Array&quot;}\" data-image-title=\"Interior Bazilica Sacr\u00e9-C\u0153ur, Paris, Fran\u021ba\" data-image-description=\"\" data-medium-file=\"https:\/\/www.passports.top\/en\/wp-content\/uploads\/sites\/2\/2019\/12\/DSC_0168-300x200.jpg\" data-large-file=\"https:\/\/www.passports.top\/en\/wp-content\/uploads\/sites\/2\/2019\/12\/DSC_0168-1024x682.jpg\" \/><\/a>\n\t\t\t<\/div><\/figure><figure class='gallery-item'>\n\t\t\t<div class='gallery-icon landscape'>\n\t\t\t\t<a href='https:\/\/www.passports.top\/en\/dsc_0165-5\/'><img loading=\"lazy\" decoding=\"async\" width=\"150\" height=\"150\" src=\"https:\/\/www.passports.top\/en\/wp-content\/uploads\/sites\/2\/2019\/12\/DSC_0165-150x150.jpg\" class=\"attachment-thumbnail size-thumbnail\" alt=\"\" data-attachment-id=\"3698\" data-orig-file=\"https:\/\/www.passports.top\/en\/wp-content\/uploads\/sites\/2\/2019\/12\/DSC_0165.jpg\" data-orig-size=\"2000,1532\" data-comments-opened=\"1\" data-image-meta=\"{&quot;aperture&quot;:&quot;3.5&quot;,&quot;credit&quot;:&quot;&quot;,&quot;camera&quot;:&quot;NIKON D5300&quot;,&quot;caption&quot;:&quot;&quot;,&quot;created_timestamp&quot;:&quot;1573306349&quot;,&quot;copyright&quot;:&quot;&quot;,&quot;focal_length&quot;:&quot;18&quot;,&quot;iso&quot;:&quot;4500&quot;,&quot;shutter_speed&quot;:&quot;0.016666666666667&quot;,&quot;title&quot;:&quot;&quot;,&quot;orientation&quot;:&quot;0&quot;,&quot;keywords&quot;:&quot;Array&quot;}\" data-image-title=\"Interior Bazilica Sacr\u00e9-C\u0153ur, Paris, Fran\u021ba\" data-image-description=\"\" data-medium-file=\"https:\/\/www.passports.top\/en\/wp-content\/uploads\/sites\/2\/2019\/12\/DSC_0165-300x230.jpg\" data-large-file=\"https:\/\/www.passports.top\/en\/wp-content\/uploads\/sites\/2\/2019\/12\/DSC_0165-1024x784.jpg\" \/><\/a>\n\t\t\t<\/div><\/figure><figure class='gallery-item'>\n\t\t\t<div class='gallery-icon landscape'>\n\t\t\t\t<a href='https:\/\/www.passports.top\/en\/dsc_0164-4\/'><img loading=\"lazy\" decoding=\"async\" width=\"150\" height=\"150\" src=\"https:\/\/www.passports.top\/en\/wp-content\/uploads\/sites\/2\/2019\/12\/DSC_0164-150x150.jpg\" class=\"attachment-thumbnail size-thumbnail\" alt=\"\" data-attachment-id=\"3697\" data-orig-file=\"https:\/\/www.passports.top\/en\/wp-content\/uploads\/sites\/2\/2019\/12\/DSC_0164.jpg\" data-orig-size=\"2000,1487\" data-comments-opened=\"1\" data-image-meta=\"{&quot;aperture&quot;:&quot;4.5&quot;,&quot;credit&quot;:&quot;&quot;,&quot;camera&quot;:&quot;NIKON D5300&quot;,&quot;caption&quot;:&quot;&quot;,&quot;created_timestamp&quot;:&quot;1573306278&quot;,&quot;copyright&quot;:&quot;&quot;,&quot;focal_length&quot;:&quot;38&quot;,&quot;iso&quot;:&quot;4000&quot;,&quot;shutter_speed&quot;:&quot;0.016666666666667&quot;,&quot;title&quot;:&quot;&quot;,&quot;orientation&quot;:&quot;0&quot;,&quot;keywords&quot;:&quot;Array&quot;}\" data-image-title=\"Interior Bazilica Sacr\u00e9-C\u0153ur, Paris, Fran\u021ba\" data-image-description=\"\" data-medium-file=\"https:\/\/www.passports.top\/en\/wp-content\/uploads\/sites\/2\/2019\/12\/DSC_0164-300x223.jpg\" data-large-file=\"https:\/\/www.passports.top\/en\/wp-content\/uploads\/sites\/2\/2019\/12\/DSC_0164-1024x761.jpg\" \/><\/a>\n\t\t\t<\/div><\/figure><figure class='gallery-item'>\n\t\t\t<div class='gallery-icon portrait'>\n\t\t\t\t<a href='https:\/\/www.passports.top\/en\/20191109_123422\/'><img loading=\"lazy\" decoding=\"async\" width=\"150\" height=\"150\" src=\"https:\/\/www.passports.top\/en\/wp-content\/uploads\/sites\/2\/2019\/12\/20191109_123422-150x150.jpg\" class=\"attachment-thumbnail size-thumbnail\" alt=\"\" data-attachment-id=\"3649\" data-orig-file=\"https:\/\/www.passports.top\/en\/wp-content\/uploads\/sites\/2\/2019\/12\/20191109_123422.jpg\" data-orig-size=\"1463,2000\" data-comments-opened=\"1\" data-image-meta=\"{&quot;aperture&quot;:&quot;1.7&quot;,&quot;credit&quot;:&quot;&quot;,&quot;camera&quot;:&quot;SM-G950F&quot;,&quot;caption&quot;:&quot;&quot;,&quot;created_timestamp&quot;:&quot;1573302862&quot;,&quot;copyright&quot;:&quot;&quot;,&quot;focal_length&quot;:&quot;4.2&quot;,&quot;iso&quot;:&quot;250&quot;,&quot;shutter_speed&quot;:&quot;0.05&quot;,&quot;title&quot;:&quot;&quot;,&quot;orientation&quot;:&quot;0&quot;,&quot;keywords&quot;:&quot;Array&quot;}\" data-image-title=\"Interior Bazilica Sacr\u00e9-C\u0153ur, Paris, Fran\u021ba\" data-image-description=\"\" data-medium-file=\"https:\/\/www.passports.top\/en\/wp-content\/uploads\/sites\/2\/2019\/12\/20191109_123422-219x300.jpg\" data-large-file=\"https:\/\/www.passports.top\/en\/wp-content\/uploads\/sites\/2\/2019\/12\/20191109_123422-749x1024.jpg\" \/><\/a>\n\t\t\t<\/div><\/figure><figure class='gallery-item'>\n\t\t\t<div class='gallery-icon portrait'>\n\t\t\t\t<a href='https:\/\/www.passports.top\/en\/20191109_123059\/'><img loading=\"lazy\" decoding=\"async\" width=\"150\" height=\"150\" src=\"https:\/\/www.passports.top\/en\/wp-content\/uploads\/sites\/2\/2019\/12\/20191109_123059-150x150.jpg\" class=\"attachment-thumbnail size-thumbnail\" alt=\"\" data-attachment-id=\"3647\" data-orig-file=\"https:\/\/www.passports.top\/en\/wp-content\/uploads\/sites\/2\/2019\/12\/20191109_123059.jpg\" data-orig-size=\"1364,2000\" data-comments-opened=\"1\" data-image-meta=\"{&quot;aperture&quot;:&quot;1.7&quot;,&quot;credit&quot;:&quot;&quot;,&quot;camera&quot;:&quot;SM-G950F&quot;,&quot;caption&quot;:&quot;&quot;,&quot;created_timestamp&quot;:&quot;1573302659&quot;,&quot;copyright&quot;:&quot;&quot;,&quot;focal_length&quot;:&quot;4.2&quot;,&quot;iso&quot;:&quot;160&quot;,&quot;shutter_speed&quot;:&quot;0.028571428571429&quot;,&quot;title&quot;:&quot;&quot;,&quot;orientation&quot;:&quot;0&quot;,&quot;keywords&quot;:&quot;Array&quot;}\" data-image-title=\"Interior Bazilica Sacr\u00e9-C\u0153ur, Paris, Fran\u021ba\" data-image-description=\"\" data-medium-file=\"https:\/\/www.passports.top\/en\/wp-content\/uploads\/sites\/2\/2019\/12\/20191109_123059-205x300.jpg\" data-large-file=\"https:\/\/www.passports.top\/en\/wp-content\/uploads\/sites\/2\/2019\/12\/20191109_123059-698x1024.jpg\" \/><\/a>\n\t\t\t<\/div><\/figure><figure class='gallery-item'>\n\t\t\t<div class='gallery-icon landscape'>\n\t\t\t\t<a href='https:\/\/www.passports.top\/en\/dsc_0190-6\/'><img loading=\"lazy\" decoding=\"async\" width=\"150\" height=\"150\" src=\"https:\/\/www.passports.top\/en\/wp-content\/uploads\/sites\/2\/2019\/12\/DSC_0190-150x150.jpg\" class=\"attachment-thumbnail size-thumbnail\" alt=\"\" data-attachment-id=\"3702\" data-orig-file=\"https:\/\/www.passports.top\/en\/wp-content\/uploads\/sites\/2\/2019\/12\/DSC_0190.jpg\" data-orig-size=\"2000,1492\" data-comments-opened=\"1\" data-image-meta=\"{&quot;aperture&quot;:&quot;11&quot;,&quot;credit&quot;:&quot;&quot;,&quot;camera&quot;:&quot;NIKON D5300&quot;,&quot;caption&quot;:&quot;&quot;,&quot;created_timestamp&quot;:&quot;1573307246&quot;,&quot;copyright&quot;:&quot;&quot;,&quot;focal_length&quot;:&quot;28&quot;,&quot;iso&quot;:&quot;200&quot;,&quot;shutter_speed&quot;:&quot;0.002&quot;,&quot;title&quot;:&quot;&quot;,&quot;orientation&quot;:&quot;0&quot;,&quot;keywords&quot;:&quot;Array&quot;}\" data-image-title=\"Bazilica Sacr\u00e9-C\u0153ur, Paris, Fran\u021ba\" data-image-description=\"\" data-medium-file=\"https:\/\/www.passports.top\/en\/wp-content\/uploads\/sites\/2\/2019\/12\/DSC_0190-300x224.jpg\" data-large-file=\"https:\/\/www.passports.top\/en\/wp-content\/uploads\/sites\/2\/2019\/12\/DSC_0190-1024x764.jpg\" \/><\/a>\n\t\t\t<\/div><\/figure><figure class='gallery-item'>\n\t\t\t<div class='gallery-icon landscape'>\n\t\t\t\t<a href='https:\/\/www.passports.top\/en\/dsc_0193-5\/'><img loading=\"lazy\" decoding=\"async\" width=\"150\" height=\"150\" src=\"https:\/\/www.passports.top\/en\/wp-content\/uploads\/sites\/2\/2019\/12\/DSC_0193-150x150.jpg\" class=\"attachment-thumbnail size-thumbnail\" alt=\"\" data-attachment-id=\"3703\" data-orig-file=\"https:\/\/www.passports.top\/en\/wp-content\/uploads\/sites\/2\/2019\/12\/DSC_0193.jpg\" data-orig-size=\"2000,1333\" data-comments-opened=\"1\" data-image-meta=\"{&quot;aperture&quot;:&quot;10&quot;,&quot;credit&quot;:&quot;&quot;,&quot;camera&quot;:&quot;NIKON D5300&quot;,&quot;caption&quot;:&quot;&quot;,&quot;created_timestamp&quot;:&quot;1573307261&quot;,&quot;copyright&quot;:&quot;&quot;,&quot;focal_length&quot;:&quot;105&quot;,&quot;iso&quot;:&quot;200&quot;,&quot;shutter_speed&quot;:&quot;0.0025&quot;,&quot;title&quot;:&quot;&quot;,&quot;orientation&quot;:&quot;0&quot;,&quot;keywords&quot;:&quot;Array&quot;}\" data-image-title=\"Catedrala Notre Dame v\u0103zuta de la Bazilica Sacr\u00e9-C\u0153ur, Paris, Fran\u021ba\" data-image-description=\"\" data-medium-file=\"https:\/\/www.passports.top\/en\/wp-content\/uploads\/sites\/2\/2019\/12\/DSC_0193-300x200.jpg\" data-large-file=\"https:\/\/www.passports.top\/en\/wp-content\/uploads\/sites\/2\/2019\/12\/DSC_0193-1024x682.jpg\" \/><\/a>\n\t\t\t<\/div><\/figure><figure class='gallery-item'>\n\t\t\t<div class='gallery-icon landscape'>\n\t\t\t\t<a href='https:\/\/www.passports.top\/en\/dsc_0197-4\/'><img loading=\"lazy\" decoding=\"async\" width=\"150\" height=\"150\" src=\"https:\/\/www.passports.top\/en\/wp-content\/uploads\/sites\/2\/2019\/12\/DSC_0197-150x150.jpg\" class=\"attachment-thumbnail size-thumbnail\" alt=\"\" data-attachment-id=\"3704\" data-orig-file=\"https:\/\/www.passports.top\/en\/wp-content\/uploads\/sites\/2\/2019\/12\/DSC_0197.jpg\" data-orig-size=\"2000,1373\" data-comments-opened=\"1\" data-image-meta=\"{&quot;aperture&quot;:&quot;10&quot;,&quot;credit&quot;:&quot;&quot;,&quot;camera&quot;:&quot;NIKON D5300&quot;,&quot;caption&quot;:&quot;&quot;,&quot;created_timestamp&quot;:&quot;1573307281&quot;,&quot;copyright&quot;:&quot;&quot;,&quot;focal_length&quot;:&quot;18&quot;,&quot;iso&quot;:&quot;200&quot;,&quot;shutter_speed&quot;:&quot;0.0025&quot;,&quot;title&quot;:&quot;&quot;,&quot;orientation&quot;:&quot;0&quot;,&quot;keywords&quot;:&quot;Array&quot;}\" data-image-title=\"Pia\u021ba Louise-Michel, Paris, Fran\u021ba\" data-image-description=\"\" data-medium-file=\"https:\/\/www.passports.top\/en\/wp-content\/uploads\/sites\/2\/2019\/12\/DSC_0197-300x206.jpg\" data-large-file=\"https:\/\/www.passports.top\/en\/wp-content\/uploads\/sites\/2\/2019\/12\/DSC_0197-1024x703.jpg\" \/><\/a>\n\t\t\t<\/div><\/figure><figure class='gallery-item'>\n\t\t\t<div class='gallery-icon landscape'>\n\t\t\t\t<a href='https:\/\/www.passports.top\/en\/dsc_0208-6\/'><img loading=\"lazy\" decoding=\"async\" width=\"150\" height=\"150\" src=\"https:\/\/www.passports.top\/en\/wp-content\/uploads\/sites\/2\/2019\/12\/DSC_0208-150x150.jpg\" class=\"attachment-thumbnail size-thumbnail\" alt=\"\" data-attachment-id=\"3705\" data-orig-file=\"https:\/\/www.passports.top\/en\/wp-content\/uploads\/sites\/2\/2019\/12\/DSC_0208.jpg\" data-orig-size=\"2000,1390\" data-comments-opened=\"1\" data-image-meta=\"{&quot;aperture&quot;:&quot;10&quot;,&quot;credit&quot;:&quot;&quot;,&quot;camera&quot;:&quot;NIKON D5300&quot;,&quot;caption&quot;:&quot;&quot;,&quot;created_timestamp&quot;:&quot;1573307508&quot;,&quot;copyright&quot;:&quot;&quot;,&quot;focal_length&quot;:&quot;24&quot;,&quot;iso&quot;:&quot;200&quot;,&quot;shutter_speed&quot;:&quot;0.0025&quot;,&quot;title&quot;:&quot;&quot;,&quot;orientation&quot;:&quot;0&quot;,&quot;keywords&quot;:&quot;Array&quot;}\" data-image-title=\"Bazilica Sacr\u00e9-C\u0153ur, Paris, Fran\u021ba\" data-image-description=\"\" data-medium-file=\"https:\/\/www.passports.top\/en\/wp-content\/uploads\/sites\/2\/2019\/12\/DSC_0208-300x209.jpg\" data-large-file=\"https:\/\/www.passports.top\/en\/wp-content\/uploads\/sites\/2\/2019\/12\/DSC_0208-1024x712.jpg\" \/><\/a>\n\t\t\t<\/div><\/figure><figure class='gallery-item'>\n\t\t\t<div class='gallery-icon landscape'>\n\t\t\t\t<a href='https:\/\/www.passports.top\/en\/dsc_0210-5\/'><img loading=\"lazy\" decoding=\"async\" width=\"150\" height=\"150\" src=\"https:\/\/www.passports.top\/en\/wp-content\/uploads\/sites\/2\/2019\/12\/DSC_0210-150x150.jpg\" class=\"attachment-thumbnail size-thumbnail\" alt=\"\" data-attachment-id=\"3706\" data-orig-file=\"https:\/\/www.passports.top\/en\/wp-content\/uploads\/sites\/2\/2019\/12\/DSC_0210.jpg\" data-orig-size=\"2000,1336\" data-comments-opened=\"1\" data-image-meta=\"{&quot;aperture&quot;:&quot;11&quot;,&quot;credit&quot;:&quot;&quot;,&quot;camera&quot;:&quot;NIKON D5300&quot;,&quot;caption&quot;:&quot;&quot;,&quot;created_timestamp&quot;:&quot;1573307580&quot;,&quot;copyright&quot;:&quot;&quot;,&quot;focal_length&quot;:&quot;42&quot;,&quot;iso&quot;:&quot;200&quot;,&quot;shutter_speed&quot;:&quot;0.002&quot;,&quot;title&quot;:&quot;&quot;,&quot;orientation&quot;:&quot;0&quot;,&quot;keywords&quot;:&quot;Array&quot;}\" data-image-title=\"Bazilica Sacr\u00e9-C\u0153ur, Paris, Fran\u021ba\" data-image-description=\"\" data-medium-file=\"https:\/\/www.passports.top\/en\/wp-content\/uploads\/sites\/2\/2019\/12\/DSC_0210-300x200.jpg\" data-large-file=\"https:\/\/www.passports.top\/en\/wp-content\/uploads\/sites\/2\/2019\/12\/DSC_0210-1024x684.jpg\" \/><\/a>\n\t\t\t<\/div><\/figure><figure class='gallery-item'>\n\t\t\t<div class='gallery-icon landscape'>\n\t\t\t\t<a href='https:\/\/www.passports.top\/en\/dsc_0237-4\/'><img loading=\"lazy\" decoding=\"async\" width=\"150\" height=\"150\" src=\"https:\/\/www.passports.top\/en\/wp-content\/uploads\/sites\/2\/2019\/12\/DSC_0237-150x150.jpg\" class=\"attachment-thumbnail size-thumbnail\" alt=\"\" data-attachment-id=\"3711\" data-orig-file=\"https:\/\/www.passports.top\/en\/wp-content\/uploads\/sites\/2\/2019\/12\/DSC_0237.jpg\" data-orig-size=\"2000,1409\" data-comments-opened=\"1\" data-image-meta=\"{&quot;aperture&quot;:&quot;10&quot;,&quot;credit&quot;:&quot;&quot;,&quot;camera&quot;:&quot;NIKON D5300&quot;,&quot;caption&quot;:&quot;&quot;,&quot;created_timestamp&quot;:&quot;1573308694&quot;,&quot;copyright&quot;:&quot;&quot;,&quot;focal_length&quot;:&quot;18&quot;,&quot;iso&quot;:&quot;200&quot;,&quot;shutter_speed&quot;:&quot;0.0025&quot;,&quot;title&quot;:&quot;&quot;,&quot;orientation&quot;:&quot;0&quot;,&quot;keywords&quot;:&quot;Array&quot;}\" data-image-title=\"Macarons de la Jean-Paul H\u00e9vin Chocolatier, Paris, Fran\u021ba\" data-image-description=\"\" data-medium-file=\"https:\/\/www.passports.top\/en\/wp-content\/uploads\/sites\/2\/2019\/12\/DSC_0237-300x211.jpg\" data-large-file=\"https:\/\/www.passports.top\/en\/wp-content\/uploads\/sites\/2\/2019\/12\/DSC_0237-1024x721.jpg\" \/><\/a>\n\t\t\t<\/div><\/figure><figure class='gallery-item'>\n\t\t\t<div class='gallery-icon landscape'>\n\t\t\t\t<a href='https:\/\/www.passports.top\/en\/dsc_0231-6\/'><img loading=\"lazy\" decoding=\"async\" width=\"150\" height=\"150\" src=\"https:\/\/www.passports.top\/en\/wp-content\/uploads\/sites\/2\/2019\/12\/DSC_0231-150x150.jpg\" class=\"attachment-thumbnail size-thumbnail\" alt=\"\" data-attachment-id=\"3710\" data-orig-file=\"https:\/\/www.passports.top\/en\/wp-content\/uploads\/sites\/2\/2019\/12\/DSC_0231.jpg\" data-orig-size=\"2000,1368\" data-comments-opened=\"1\" data-image-meta=\"{&quot;aperture&quot;:&quot;10&quot;,&quot;credit&quot;:&quot;&quot;,&quot;camera&quot;:&quot;NIKON D5300&quot;,&quot;caption&quot;:&quot;&quot;,&quot;created_timestamp&quot;:&quot;1573308645&quot;,&quot;copyright&quot;:&quot;&quot;,&quot;focal_length&quot;:&quot;18&quot;,&quot;iso&quot;:&quot;200&quot;,&quot;shutter_speed&quot;:&quot;0.0025&quot;,&quot;title&quot;:&quot;&quot;,&quot;orientation&quot;:&quot;0&quot;,&quot;keywords&quot;:&quot;Array&quot;}\" data-image-title=\"Moulin Rouge, Paris, Fran\u021ba\" data-image-description=\"\" data-medium-file=\"https:\/\/www.passports.top\/en\/wp-content\/uploads\/sites\/2\/2019\/12\/DSC_0231-300x205.jpg\" data-large-file=\"https:\/\/www.passports.top\/en\/wp-content\/uploads\/sites\/2\/2019\/12\/DSC_0231-1024x700.jpg\" \/><\/a>\n\t\t\t<\/div><\/figure><figure class='gallery-item'>\n\t\t\t<div class='gallery-icon landscape'>\n\t\t\t\t<a href='https:\/\/www.passports.top\/en\/dsc_0229-4\/'><img loading=\"lazy\" decoding=\"async\" width=\"150\" height=\"150\" src=\"https:\/\/www.passports.top\/en\/wp-content\/uploads\/sites\/2\/2019\/12\/DSC_0229-150x150.jpg\" class=\"attachment-thumbnail size-thumbnail\" alt=\"\" data-attachment-id=\"3709\" data-orig-file=\"https:\/\/www.passports.top\/en\/wp-content\/uploads\/sites\/2\/2019\/12\/DSC_0229.jpg\" data-orig-size=\"2000,1386\" data-comments-opened=\"1\" data-image-meta=\"{&quot;aperture&quot;:&quot;10&quot;,&quot;credit&quot;:&quot;&quot;,&quot;camera&quot;:&quot;NIKON D5300&quot;,&quot;caption&quot;:&quot;&quot;,&quot;created_timestamp&quot;:&quot;1573308644&quot;,&quot;copyright&quot;:&quot;&quot;,&quot;focal_length&quot;:&quot;18&quot;,&quot;iso&quot;:&quot;200&quot;,&quot;shutter_speed&quot;:&quot;0.0025&quot;,&quot;title&quot;:&quot;&quot;,&quot;orientation&quot;:&quot;0&quot;,&quot;keywords&quot;:&quot;Array&quot;}\" data-image-title=\"Moulin Rouge, Paris, Fran\u021ba\" data-image-description=\"\" data-medium-file=\"https:\/\/www.passports.top\/en\/wp-content\/uploads\/sites\/2\/2019\/12\/DSC_0229-300x208.jpg\" data-large-file=\"https:\/\/www.passports.top\/en\/wp-content\/uploads\/sites\/2\/2019\/12\/DSC_0229-1024x710.jpg\" \/><\/a>\n\t\t\t<\/div><\/figure><figure class='gallery-item'>\n\t\t\t<div class='gallery-icon landscape'>\n\t\t\t\t<a href='https:\/\/www.passports.top\/en\/dsc_0220-3\/'><img loading=\"lazy\" decoding=\"async\" width=\"150\" height=\"150\" src=\"https:\/\/www.passports.top\/en\/wp-content\/uploads\/sites\/2\/2019\/12\/DSC_0220-150x150.jpg\" class=\"attachment-thumbnail size-thumbnail\" alt=\"\" data-attachment-id=\"3708\" data-orig-file=\"https:\/\/www.passports.top\/en\/wp-content\/uploads\/sites\/2\/2019\/12\/DSC_0220.jpg\" data-orig-size=\"2000,1469\" data-comments-opened=\"1\" data-image-meta=\"{&quot;aperture&quot;:&quot;8&quot;,&quot;credit&quot;:&quot;&quot;,&quot;camera&quot;:&quot;NIKON D5300&quot;,&quot;caption&quot;:&quot;&quot;,&quot;created_timestamp&quot;:&quot;1573307752&quot;,&quot;copyright&quot;:&quot;&quot;,&quot;focal_length&quot;:&quot;18&quot;,&quot;iso&quot;:&quot;220&quot;,&quot;shutter_speed&quot;:&quot;0.004&quot;,&quot;title&quot;:&quot;&quot;,&quot;orientation&quot;:&quot;0&quot;,&quot;keywords&quot;:&quot;Array&quot;}\" data-image-title=\"Pia\u021ba Louise-Michel, Paris, Fran\u021ba\" data-image-description=\"\" data-medium-file=\"https:\/\/www.passports.top\/en\/wp-content\/uploads\/sites\/2\/2019\/12\/DSC_0220-300x220.jpg\" data-large-file=\"https:\/\/www.passports.top\/en\/wp-content\/uploads\/sites\/2\/2019\/12\/DSC_0220-1024x752.jpg\" \/><\/a>\n\t\t\t<\/div><\/figure><figure class='gallery-item'>\n\t\t\t<div class='gallery-icon landscape'>\n\t\t\t\t<a href='https:\/\/www.passports.top\/en\/dsc_0217-4\/'><img loading=\"lazy\" decoding=\"async\" width=\"150\" height=\"150\" src=\"https:\/\/www.passports.top\/en\/wp-content\/uploads\/sites\/2\/2019\/12\/DSC_0217-150x150.jpg\" class=\"attachment-thumbnail size-thumbnail\" alt=\"\" data-attachment-id=\"3707\" data-orig-file=\"https:\/\/www.passports.top\/en\/wp-content\/uploads\/sites\/2\/2019\/12\/DSC_0217.jpg\" data-orig-size=\"2000,1316\" data-comments-opened=\"1\" data-image-meta=\"{&quot;aperture&quot;:&quot;8&quot;,&quot;credit&quot;:&quot;&quot;,&quot;camera&quot;:&quot;NIKON D5300&quot;,&quot;caption&quot;:&quot;&quot;,&quot;created_timestamp&quot;:&quot;1573307727&quot;,&quot;copyright&quot;:&quot;&quot;,&quot;focal_length&quot;:&quot;18&quot;,&quot;iso&quot;:&quot;200&quot;,&quot;shutter_speed&quot;:&quot;0.004&quot;,&quot;title&quot;:&quot;&quot;,&quot;orientation&quot;:&quot;0&quot;,&quot;keywords&quot;:&quot;Array&quot;}\" data-image-title=\"Pia\u021ba Louise-Michel, Paris, Fran\u021ba\" data-image-description=\"\" data-medium-file=\"https:\/\/www.passports.top\/en\/wp-content\/uploads\/sites\/2\/2019\/12\/DSC_0217-300x197.jpg\" data-large-file=\"https:\/\/www.passports.top\/en\/wp-content\/uploads\/sites\/2\/2019\/12\/DSC_0217-1024x674.jpg\" \/><\/a>\n\t\t\t<\/div><\/figure><figure class='gallery-item'>\n\t\t\t<div class='gallery-icon landscape'>\n\t\t\t\t<a href='https:\/\/www.passports.top\/en\/dsc_0240-4\/'><img loading=\"lazy\" decoding=\"async\" width=\"150\" height=\"150\" src=\"https:\/\/www.passports.top\/en\/wp-content\/uploads\/sites\/2\/2019\/12\/DSC_0240-150x150.jpg\" class=\"attachment-thumbnail size-thumbnail\" alt=\"\" data-attachment-id=\"3712\" data-orig-file=\"https:\/\/www.passports.top\/en\/wp-content\/uploads\/sites\/2\/2019\/12\/DSC_0240.jpg\" data-orig-size=\"2000,1652\" data-comments-opened=\"1\" data-image-meta=\"{&quot;aperture&quot;:&quot;9&quot;,&quot;credit&quot;:&quot;&quot;,&quot;camera&quot;:&quot;NIKON D5300&quot;,&quot;caption&quot;:&quot;&quot;,&quot;created_timestamp&quot;:&quot;1573308824&quot;,&quot;copyright&quot;:&quot;&quot;,&quot;focal_length&quot;:&quot;18&quot;,&quot;iso&quot;:&quot;200&quot;,&quot;shutter_speed&quot;:&quot;0.003125&quot;,&quot;title&quot;:&quot;&quot;,&quot;orientation&quot;:&quot;0&quot;,&quot;keywords&quot;:&quot;Array&quot;}\" data-image-title=\"Paris, Fran\u021ba\" data-image-description=\"\" data-medium-file=\"https:\/\/www.passports.top\/en\/wp-content\/uploads\/sites\/2\/2019\/12\/DSC_0240-300x248.jpg\" data-large-file=\"https:\/\/www.passports.top\/en\/wp-content\/uploads\/sites\/2\/2019\/12\/DSC_0240-1024x846.jpg\" \/><\/a>\n\t\t\t<\/div><\/figure><figure class='gallery-item'>\n\t\t\t<div class='gallery-icon landscape'>\n\t\t\t\t<a href='https:\/\/www.passports.top\/en\/dsc_0247-2\/'><img loading=\"lazy\" decoding=\"async\" width=\"150\" height=\"150\" src=\"https:\/\/www.passports.top\/en\/wp-content\/uploads\/sites\/2\/2019\/12\/DSC_0247-150x150.jpg\" class=\"attachment-thumbnail size-thumbnail\" alt=\"\" data-attachment-id=\"3714\" data-orig-file=\"https:\/\/www.passports.top\/en\/wp-content\/uploads\/sites\/2\/2019\/12\/DSC_0247.jpg\" data-orig-size=\"2000,1379\" data-comments-opened=\"1\" data-image-meta=\"{&quot;aperture&quot;:&quot;9&quot;,&quot;credit&quot;:&quot;&quot;,&quot;camera&quot;:&quot;NIKON D5300&quot;,&quot;caption&quot;:&quot;&quot;,&quot;created_timestamp&quot;:&quot;1573311348&quot;,&quot;copyright&quot;:&quot;&quot;,&quot;focal_length&quot;:&quot;26&quot;,&quot;iso&quot;:&quot;200&quot;,&quot;shutter_speed&quot;:&quot;0.003125&quot;,&quot;title&quot;:&quot;&quot;,&quot;orientation&quot;:&quot;0&quot;,&quot;keywords&quot;:&quot;Array&quot;}\" data-image-title=\"Galeriile  Lafayette, Paris, Fran\u021ba\" data-image-description=\"\" data-medium-file=\"https:\/\/www.passports.top\/en\/wp-content\/uploads\/sites\/2\/2019\/12\/DSC_0247-300x207.jpg\" data-large-file=\"https:\/\/www.passports.top\/en\/wp-content\/uploads\/sites\/2\/2019\/12\/DSC_0247-1024x706.jpg\" \/><\/a>\n\t\t\t<\/div><\/figure><figure class='gallery-item'>\n\t\t\t<div class='gallery-icon landscape'>\n\t\t\t\t<a href='https:\/\/www.passports.top\/en\/dsc_0251-4\/'><img loading=\"lazy\" decoding=\"async\" width=\"150\" height=\"150\" src=\"https:\/\/www.passports.top\/en\/wp-content\/uploads\/sites\/2\/2019\/12\/DSC_0251-150x150.jpg\" class=\"attachment-thumbnail size-thumbnail\" alt=\"\" data-attachment-id=\"3715\" data-orig-file=\"https:\/\/www.passports.top\/en\/wp-content\/uploads\/sites\/2\/2019\/12\/DSC_0251.jpg\" data-orig-size=\"2000,1333\" data-comments-opened=\"1\" data-image-meta=\"{&quot;aperture&quot;:&quot;4&quot;,&quot;credit&quot;:&quot;&quot;,&quot;camera&quot;:&quot;NIKON D5300&quot;,&quot;caption&quot;:&quot;&quot;,&quot;created_timestamp&quot;:&quot;1573311586&quot;,&quot;copyright&quot;:&quot;&quot;,&quot;focal_length&quot;:&quot;18&quot;,&quot;iso&quot;:&quot;400&quot;,&quot;shutter_speed&quot;:&quot;0.016666666666667&quot;,&quot;title&quot;:&quot;&quot;,&quot;orientation&quot;:&quot;0&quot;,&quot;keywords&quot;:&quot;Array&quot;}\" data-image-title=\"Galeriile  Lafayette, Paris, Fran\u021ba\" data-image-description=\"\" data-medium-file=\"https:\/\/www.passports.top\/en\/wp-content\/uploads\/sites\/2\/2019\/12\/DSC_0251-300x200.jpg\" data-large-file=\"https:\/\/www.passports.top\/en\/wp-content\/uploads\/sites\/2\/2019\/12\/DSC_0251-1024x682.jpg\" \/><\/a>\n\t\t\t<\/div><\/figure><figure class='gallery-item'>\n\t\t\t<div class='gallery-icon portrait'>\n\t\t\t\t<a href='https:\/\/www.passports.top\/en\/dsc_0252-7\/'><img loading=\"lazy\" decoding=\"async\" width=\"150\" height=\"150\" src=\"https:\/\/www.passports.top\/en\/wp-content\/uploads\/sites\/2\/2019\/12\/DSC_0252-150x150.jpg\" class=\"attachment-thumbnail size-thumbnail\" alt=\"\" data-attachment-id=\"3716\" data-orig-file=\"https:\/\/www.passports.top\/en\/wp-content\/uploads\/sites\/2\/2019\/12\/DSC_0252.jpg\" data-orig-size=\"1333,2000\" data-comments-opened=\"1\" data-image-meta=\"{&quot;aperture&quot;:&quot;5&quot;,&quot;credit&quot;:&quot;&quot;,&quot;camera&quot;:&quot;NIKON D5300&quot;,&quot;caption&quot;:&quot;&quot;,&quot;created_timestamp&quot;:&quot;1573311592&quot;,&quot;copyright&quot;:&quot;&quot;,&quot;focal_length&quot;:&quot;18&quot;,&quot;iso&quot;:&quot;400&quot;,&quot;shutter_speed&quot;:&quot;0.01&quot;,&quot;title&quot;:&quot;&quot;,&quot;orientation&quot;:&quot;0&quot;,&quot;keywords&quot;:&quot;Array&quot;}\" data-image-title=\"Galeriile  Lafayette, Paris, Fran\u021ba\" data-image-description=\"\" data-medium-file=\"https:\/\/www.passports.top\/en\/wp-content\/uploads\/sites\/2\/2019\/12\/DSC_0252-200x300.jpg\" data-large-file=\"https:\/\/www.passports.top\/en\/wp-content\/uploads\/sites\/2\/2019\/12\/DSC_0252-682x1024.jpg\" \/><\/a>\n\t\t\t<\/div><\/figure><figure class='gallery-item'>\n\t\t\t<div class='gallery-icon landscape'>\n\t\t\t\t<a href='https:\/\/www.passports.top\/en\/dsc_0254-3\/'><img loading=\"lazy\" decoding=\"async\" width=\"150\" height=\"150\" src=\"https:\/\/www.passports.top\/en\/wp-content\/uploads\/sites\/2\/2019\/12\/DSC_0254-150x150.jpg\" class=\"attachment-thumbnail size-thumbnail\" alt=\"\" data-attachment-id=\"3717\" data-orig-file=\"https:\/\/www.passports.top\/en\/wp-content\/uploads\/sites\/2\/2019\/12\/DSC_0254.jpg\" data-orig-size=\"2000,1315\" data-comments-opened=\"1\" data-image-meta=\"{&quot;aperture&quot;:&quot;4&quot;,&quot;credit&quot;:&quot;&quot;,&quot;camera&quot;:&quot;NIKON D5300&quot;,&quot;caption&quot;:&quot;&quot;,&quot;created_timestamp&quot;:&quot;1573311603&quot;,&quot;copyright&quot;:&quot;&quot;,&quot;focal_length&quot;:&quot;18&quot;,&quot;iso&quot;:&quot;400&quot;,&quot;shutter_speed&quot;:&quot;0.016666666666667&quot;,&quot;title&quot;:&quot;&quot;,&quot;orientation&quot;:&quot;0&quot;,&quot;keywords&quot;:&quot;Array&quot;}\" data-image-title=\"Galeriile  Lafayette, Paris, Fran\u021ba\" data-image-description=\"\" data-medium-file=\"https:\/\/www.passports.top\/en\/wp-content\/uploads\/sites\/2\/2019\/12\/DSC_0254-300x197.jpg\" data-large-file=\"https:\/\/www.passports.top\/en\/wp-content\/uploads\/sites\/2\/2019\/12\/DSC_0254-1024x673.jpg\" \/><\/a>\n\t\t\t<\/div><\/figure><figure class='gallery-item'>\n\t\t\t<div class='gallery-icon portrait'>\n\t\t\t\t<a href='https:\/\/www.passports.top\/en\/20191109_140054\/'><img loading=\"lazy\" decoding=\"async\" width=\"150\" height=\"150\" src=\"https:\/\/www.passports.top\/en\/wp-content\/uploads\/sites\/2\/2019\/12\/20191109_140054-150x150.jpg\" class=\"attachment-thumbnail size-thumbnail\" alt=\"\" data-attachment-id=\"3656\" data-orig-file=\"https:\/\/www.passports.top\/en\/wp-content\/uploads\/sites\/2\/2019\/12\/20191109_140054.jpg\" data-orig-size=\"1125,2000\" data-comments-opened=\"1\" data-image-meta=\"{&quot;aperture&quot;:&quot;1.7&quot;,&quot;credit&quot;:&quot;&quot;,&quot;camera&quot;:&quot;SM-G950F&quot;,&quot;caption&quot;:&quot;&quot;,&quot;created_timestamp&quot;:&quot;1573308053&quot;,&quot;copyright&quot;:&quot;&quot;,&quot;focal_length&quot;:&quot;4.2&quot;,&quot;iso&quot;:&quot;50&quot;,&quot;shutter_speed&quot;:&quot;0.01&quot;,&quot;title&quot;:&quot;&quot;,&quot;orientation&quot;:&quot;0&quot;,&quot;keywords&quot;:&quot;Array&quot;}\" data-image-title=\"Galeriile Lafayette, Paris, Fran\u021ba\" data-image-description=\"\" data-medium-file=\"https:\/\/www.passports.top\/en\/wp-content\/uploads\/sites\/2\/2019\/12\/20191109_140054-169x300.jpg\" data-large-file=\"https:\/\/www.passports.top\/en\/wp-content\/uploads\/sites\/2\/2019\/12\/20191109_140054-576x1024.jpg\" \/><\/a>\n\t\t\t<\/div><\/figure><figure class='gallery-item'>\n\t\t\t<div class='gallery-icon landscape'>\n\t\t\t\t<a href='https:\/\/www.passports.top\/en\/dsc_0269-3\/'><img loading=\"lazy\" decoding=\"async\" width=\"150\" height=\"150\" src=\"https:\/\/www.passports.top\/en\/wp-content\/uploads\/sites\/2\/2019\/12\/DSC_0269-150x150.jpg\" class=\"attachment-thumbnail size-thumbnail\" alt=\"\" data-attachment-id=\"3721\" data-orig-file=\"https:\/\/www.passports.top\/en\/wp-content\/uploads\/sites\/2\/2019\/12\/DSC_0269.jpg\" data-orig-size=\"2000,1128\" data-comments-opened=\"1\" data-image-meta=\"{&quot;aperture&quot;:&quot;10&quot;,&quot;credit&quot;:&quot;&quot;,&quot;camera&quot;:&quot;NIKON D5300&quot;,&quot;caption&quot;:&quot;&quot;,&quot;created_timestamp&quot;:&quot;1573312187&quot;,&quot;copyright&quot;:&quot;&quot;,&quot;focal_length&quot;:&quot;105&quot;,&quot;iso&quot;:&quot;200&quot;,&quot;shutter_speed&quot;:&quot;0.0025&quot;,&quot;title&quot;:&quot;&quot;,&quot;orientation&quot;:&quot;0&quot;,&quot;keywords&quot;:&quot;Array&quot;}\" data-image-title=\"Catedrala Sacr\u00e9-C\u0153ur v\u0103zut\u0103 de pe terasa Galeriilor Lafayette, Paris, Fran\u021ba\" data-image-description=\"\" data-medium-file=\"https:\/\/www.passports.top\/en\/wp-content\/uploads\/sites\/2\/2019\/12\/DSC_0269-300x169.jpg\" data-large-file=\"https:\/\/www.passports.top\/en\/wp-content\/uploads\/sites\/2\/2019\/12\/DSC_0269-1024x578.jpg\" \/><\/a>\n\t\t\t<\/div><\/figure><figure class='gallery-item'>\n\t\t\t<div class='gallery-icon landscape'>\n\t\t\t\t<a href='https:\/\/www.passports.top\/en\/dsc_0259-3\/'><img loading=\"lazy\" decoding=\"async\" width=\"150\" height=\"150\" src=\"https:\/\/www.passports.top\/en\/wp-content\/uploads\/sites\/2\/2019\/12\/DSC_0259-150x150.jpg\" class=\"attachment-thumbnail size-thumbnail\" alt=\"\" data-attachment-id=\"3719\" data-orig-file=\"https:\/\/www.passports.top\/en\/wp-content\/uploads\/sites\/2\/2019\/12\/DSC_0259.jpg\" data-orig-size=\"2000,1783\" data-comments-opened=\"1\" data-image-meta=\"{&quot;aperture&quot;:&quot;11&quot;,&quot;credit&quot;:&quot;&quot;,&quot;camera&quot;:&quot;NIKON D5300&quot;,&quot;caption&quot;:&quot;&quot;,&quot;created_timestamp&quot;:&quot;1573311997&quot;,&quot;copyright&quot;:&quot;&quot;,&quot;focal_length&quot;:&quot;105&quot;,&quot;iso&quot;:&quot;200&quot;,&quot;shutter_speed&quot;:&quot;0.002&quot;,&quot;title&quot;:&quot;&quot;,&quot;orientation&quot;:&quot;0&quot;,&quot;keywords&quot;:&quot;Array&quot;}\" data-image-title=\"Turnul Eiffel v\u0103zut de pe terasa Galeriilor Lafayette, Paris, Fran\u021ba\" data-image-description=\"\" data-medium-file=\"https:\/\/www.passports.top\/en\/wp-content\/uploads\/sites\/2\/2019\/12\/DSC_0259-300x267.jpg\" data-large-file=\"https:\/\/www.passports.top\/en\/wp-content\/uploads\/sites\/2\/2019\/12\/DSC_0259-1024x913.jpg\" \/><\/a>\n\t\t\t<\/div><\/figure><figure class='gallery-item'>\n\t\t\t<div class='gallery-icon landscape'>\n\t\t\t\t<a href='https:\/\/www.passports.top\/en\/dsc_0264-2\/'><img loading=\"lazy\" decoding=\"async\" width=\"150\" height=\"150\" src=\"https:\/\/www.passports.top\/en\/wp-content\/uploads\/sites\/2\/2019\/12\/DSC_0264-150x150.jpg\" class=\"attachment-thumbnail size-thumbnail\" alt=\"\" data-attachment-id=\"3720\" data-orig-file=\"https:\/\/www.passports.top\/en\/wp-content\/uploads\/sites\/2\/2019\/12\/DSC_0264.jpg\" data-orig-size=\"2000,1343\" data-comments-opened=\"1\" data-image-meta=\"{&quot;aperture&quot;:&quot;9&quot;,&quot;credit&quot;:&quot;&quot;,&quot;camera&quot;:&quot;NIKON D5300&quot;,&quot;caption&quot;:&quot;&quot;,&quot;created_timestamp&quot;:&quot;1573312037&quot;,&quot;copyright&quot;:&quot;&quot;,&quot;focal_length&quot;:&quot;22&quot;,&quot;iso&quot;:&quot;200&quot;,&quot;shutter_speed&quot;:&quot;0.003125&quot;,&quot;title&quot;:&quot;&quot;,&quot;orientation&quot;:&quot;0&quot;,&quot;keywords&quot;:&quot;Array&quot;}\" data-image-title=\"Vedere de pe terasa Galeriilor Lafayette, Paris, Fran\u021ba\" data-image-description=\"\" data-medium-file=\"https:\/\/www.passports.top\/en\/wp-content\/uploads\/sites\/2\/2019\/12\/DSC_0264-300x201.jpg\" data-large-file=\"https:\/\/www.passports.top\/en\/wp-content\/uploads\/sites\/2\/2019\/12\/DSC_0264-1024x688.jpg\" \/><\/a>\n\t\t\t<\/div><\/figure><figure class='gallery-item'>\n\t\t\t<div class='gallery-icon landscape'>\n\t\t\t\t<a href='https:\/\/www.passports.top\/en\/dsc_0269-2-2\/'><img loading=\"lazy\" decoding=\"async\" width=\"150\" height=\"150\" src=\"https:\/\/www.passports.top\/en\/wp-content\/uploads\/sites\/2\/2019\/12\/DSC_0269-2-150x150.jpg\" class=\"attachment-thumbnail size-thumbnail\" alt=\"\" data-attachment-id=\"3722\" data-orig-file=\"https:\/\/www.passports.top\/en\/wp-content\/uploads\/sites\/2\/2019\/12\/DSC_0269-2.jpg\" data-orig-size=\"2000,1734\" data-comments-opened=\"1\" data-image-meta=\"{&quot;aperture&quot;:&quot;10&quot;,&quot;credit&quot;:&quot;&quot;,&quot;camera&quot;:&quot;NIKON D5300&quot;,&quot;caption&quot;:&quot;&quot;,&quot;created_timestamp&quot;:&quot;1573312187&quot;,&quot;copyright&quot;:&quot;&quot;,&quot;focal_length&quot;:&quot;105&quot;,&quot;iso&quot;:&quot;200&quot;,&quot;shutter_speed&quot;:&quot;0.0025&quot;,&quot;title&quot;:&quot;&quot;,&quot;orientation&quot;:&quot;0&quot;,&quot;keywords&quot;:&quot;Array&quot;}\" data-image-title=\"Catedrala Sacr\u00e9-C\u0153ur v\u0103zut\u0103 de pe terasa Galeriilor Lafayette, Paris, Fran\u021ba\" data-image-description=\"\" data-medium-file=\"https:\/\/www.passports.top\/en\/wp-content\/uploads\/sites\/2\/2019\/12\/DSC_0269-2-300x260.jpg\" data-large-file=\"https:\/\/www.passports.top\/en\/wp-content\/uploads\/sites\/2\/2019\/12\/DSC_0269-2-1024x888.jpg\" \/><\/a>\n\t\t\t<\/div><\/figure><figure class='gallery-item'>\n\t\t\t<div class='gallery-icon landscape'>\n\t\t\t\t<a href='https:\/\/www.passports.top\/en\/dsc_0255-7\/'><img loading=\"lazy\" decoding=\"async\" width=\"150\" height=\"150\" src=\"https:\/\/www.passports.top\/en\/wp-content\/uploads\/sites\/2\/2019\/12\/DSC_0255-150x150.jpg\" class=\"attachment-thumbnail size-thumbnail\" alt=\"\" data-attachment-id=\"3718\" data-orig-file=\"https:\/\/www.passports.top\/en\/wp-content\/uploads\/sites\/2\/2019\/12\/DSC_0255.jpg\" data-orig-size=\"2000,1365\" data-comments-opened=\"1\" data-image-meta=\"{&quot;aperture&quot;:&quot;10&quot;,&quot;credit&quot;:&quot;&quot;,&quot;camera&quot;:&quot;NIKON D5300&quot;,&quot;caption&quot;:&quot;&quot;,&quot;created_timestamp&quot;:&quot;1573311973&quot;,&quot;copyright&quot;:&quot;&quot;,&quot;focal_length&quot;:&quot;18&quot;,&quot;iso&quot;:&quot;200&quot;,&quot;shutter_speed&quot;:&quot;0.0025&quot;,&quot;title&quot;:&quot;&quot;,&quot;orientation&quot;:&quot;0&quot;,&quot;keywords&quot;:&quot;Array&quot;}\" data-image-title=\"Vedere de pe terasa Galeriilor Lafayette, Paris, Fran\u021ba\" data-image-description=\"\" data-medium-file=\"https:\/\/www.passports.top\/en\/wp-content\/uploads\/sites\/2\/2019\/12\/DSC_0255-300x205.jpg\" data-large-file=\"https:\/\/www.passports.top\/en\/wp-content\/uploads\/sites\/2\/2019\/12\/DSC_0255-1024x699.jpg\" \/><\/a>\n\t\t\t<\/div><\/figure><figure class='gallery-item'>\n\t\t\t<div class='gallery-icon landscape'>\n\t\t\t\t<a href='https:\/\/www.passports.top\/en\/dsc_0271-4\/'><img loading=\"lazy\" decoding=\"async\" width=\"150\" height=\"150\" src=\"https:\/\/www.passports.top\/en\/wp-content\/uploads\/sites\/2\/2019\/12\/DSC_0271-150x150.jpg\" class=\"attachment-thumbnail size-thumbnail\" alt=\"\" data-attachment-id=\"3723\" data-orig-file=\"https:\/\/www.passports.top\/en\/wp-content\/uploads\/sites\/2\/2019\/12\/DSC_0271.jpg\" data-orig-size=\"2000,1333\" data-comments-opened=\"1\" data-image-meta=\"{&quot;aperture&quot;:&quot;10&quot;,&quot;credit&quot;:&quot;&quot;,&quot;camera&quot;:&quot;NIKON D5300&quot;,&quot;caption&quot;:&quot;&quot;,&quot;created_timestamp&quot;:&quot;1573312204&quot;,&quot;copyright&quot;:&quot;&quot;,&quot;focal_length&quot;:&quot;105&quot;,&quot;iso&quot;:&quot;200&quot;,&quot;shutter_speed&quot;:&quot;0.0025&quot;,&quot;title&quot;:&quot;&quot;,&quot;orientation&quot;:&quot;0&quot;,&quot;keywords&quot;:&quot;Array&quot;}\" data-image-title=\"Catedrala Notre Dame v\u0103zut\u0103 de pe terasa Galeriilor Lafayette, Paris, Fran\u021ba\" data-image-description=\"\" data-medium-file=\"https:\/\/www.passports.top\/en\/wp-content\/uploads\/sites\/2\/2019\/12\/DSC_0271-300x200.jpg\" data-large-file=\"https:\/\/www.passports.top\/en\/wp-content\/uploads\/sites\/2\/2019\/12\/DSC_0271-1024x682.jpg\" \/><\/a>\n\t\t\t<\/div><\/figure><figure class='gallery-item'>\n\t\t\t<div class='gallery-icon landscape'>\n\t\t\t\t<a href='https:\/\/www.passports.top\/en\/dsc_0276\/'><img loading=\"lazy\" decoding=\"async\" width=\"150\" height=\"150\" src=\"https:\/\/www.passports.top\/en\/wp-content\/uploads\/sites\/2\/2019\/12\/DSC_0276-150x150.jpg\" class=\"attachment-thumbnail size-thumbnail\" alt=\"\" data-attachment-id=\"3724\" data-orig-file=\"https:\/\/www.passports.top\/en\/wp-content\/uploads\/sites\/2\/2019\/12\/DSC_0276.jpg\" data-orig-size=\"2000,1516\" data-comments-opened=\"1\" data-image-meta=\"{&quot;aperture&quot;:&quot;10&quot;,&quot;credit&quot;:&quot;&quot;,&quot;camera&quot;:&quot;NIKON D5300&quot;,&quot;caption&quot;:&quot;&quot;,&quot;created_timestamp&quot;:&quot;1573312717&quot;,&quot;copyright&quot;:&quot;&quot;,&quot;focal_length&quot;:&quot;22&quot;,&quot;iso&quot;:&quot;200&quot;,&quot;shutter_speed&quot;:&quot;0.0025&quot;,&quot;title&quot;:&quot;&quot;,&quot;orientation&quot;:&quot;0&quot;,&quot;keywords&quot;:&quot;Array&quot;}\" data-image-title=\"Op\u00e9ra Garnier, Paris, Fran\u021ba\" data-image-description=\"\" data-medium-file=\"https:\/\/www.passports.top\/en\/wp-content\/uploads\/sites\/2\/2019\/12\/DSC_0276-300x227.jpg\" data-large-file=\"https:\/\/www.passports.top\/en\/wp-content\/uploads\/sites\/2\/2019\/12\/DSC_0276-1024x776.jpg\" \/><\/a>\n\t\t\t<\/div><\/figure><figure class='gallery-item'>\n\t\t\t<div class='gallery-icon landscape'>\n\t\t\t\t<a href='https:\/\/www.passports.top\/en\/dsc_0277-2\/'><img loading=\"lazy\" decoding=\"async\" width=\"150\" height=\"150\" src=\"https:\/\/www.passports.top\/en\/wp-content\/uploads\/sites\/2\/2019\/12\/DSC_0277-150x150.jpg\" class=\"attachment-thumbnail size-thumbnail\" alt=\"\" data-attachment-id=\"3725\" data-orig-file=\"https:\/\/www.passports.top\/en\/wp-content\/uploads\/sites\/2\/2019\/12\/DSC_0277.jpg\" data-orig-size=\"2000,1369\" data-comments-opened=\"1\" data-image-meta=\"{&quot;aperture&quot;:&quot;9&quot;,&quot;credit&quot;:&quot;&quot;,&quot;camera&quot;:&quot;NIKON D5300&quot;,&quot;caption&quot;:&quot;&quot;,&quot;created_timestamp&quot;:&quot;1573313375&quot;,&quot;copyright&quot;:&quot;&quot;,&quot;focal_length&quot;:&quot;25&quot;,&quot;iso&quot;:&quot;200&quot;,&quot;shutter_speed&quot;:&quot;0.003125&quot;,&quot;title&quot;:&quot;&quot;,&quot;orientation&quot;:&quot;0&quot;,&quot;keywords&quot;:&quot;Array&quot;}\" data-image-title=\"Hotel Louvre, Paris, Fran\u021ba\" data-image-description=\"\" data-medium-file=\"https:\/\/www.passports.top\/en\/wp-content\/uploads\/sites\/2\/2019\/12\/DSC_0277-300x205.jpg\" data-large-file=\"https:\/\/www.passports.top\/en\/wp-content\/uploads\/sites\/2\/2019\/12\/DSC_0277-1024x701.jpg\" \/><\/a>\n\t\t\t<\/div><\/figure><figure class='gallery-item'>\n\t\t\t<div class='gallery-icon landscape'>\n\t\t\t\t<a href='https:\/\/www.passports.top\/en\/dsc_0279-5\/'><img loading=\"lazy\" decoding=\"async\" width=\"150\" height=\"150\" src=\"https:\/\/www.passports.top\/en\/wp-content\/uploads\/sites\/2\/2019\/12\/DSC_0279-150x150.jpg\" class=\"attachment-thumbnail size-thumbnail\" alt=\"\" data-attachment-id=\"3726\" data-orig-file=\"https:\/\/www.passports.top\/en\/wp-content\/uploads\/sites\/2\/2019\/12\/DSC_0279.jpg\" data-orig-size=\"2000,1345\" data-comments-opened=\"1\" data-image-meta=\"{&quot;aperture&quot;:&quot;10&quot;,&quot;credit&quot;:&quot;&quot;,&quot;camera&quot;:&quot;NIKON D5300&quot;,&quot;caption&quot;:&quot;&quot;,&quot;created_timestamp&quot;:&quot;1573313384&quot;,&quot;copyright&quot;:&quot;&quot;,&quot;focal_length&quot;:&quot;18&quot;,&quot;iso&quot;:&quot;200&quot;,&quot;shutter_speed&quot;:&quot;0.0025&quot;,&quot;title&quot;:&quot;&quot;,&quot;orientation&quot;:&quot;0&quot;,&quot;keywords&quot;:&quot;Array&quot;}\" data-image-title=\"Muzeul Louvre, Paris, Fran\u021ba\" data-image-description=\"\" data-medium-file=\"https:\/\/www.passports.top\/en\/wp-content\/uploads\/sites\/2\/2019\/12\/DSC_0279-300x202.jpg\" data-large-file=\"https:\/\/www.passports.top\/en\/wp-content\/uploads\/sites\/2\/2019\/12\/DSC_0279-1024x689.jpg\" \/><\/a>\n\t\t\t<\/div><\/figure><figure class='gallery-item'>\n\t\t\t<div class='gallery-icon landscape'>\n\t\t\t\t<a href='https:\/\/www.passports.top\/en\/dsc_0300\/'><img loading=\"lazy\" decoding=\"async\" width=\"150\" height=\"150\" src=\"https:\/\/www.passports.top\/en\/wp-content\/uploads\/sites\/2\/2019\/12\/DSC_0300-150x150.jpg\" class=\"attachment-thumbnail size-thumbnail\" alt=\"\" data-attachment-id=\"3731\" data-orig-file=\"https:\/\/www.passports.top\/en\/wp-content\/uploads\/sites\/2\/2019\/12\/DSC_0300.jpg\" data-orig-size=\"2000,1324\" data-comments-opened=\"1\" data-image-meta=\"{&quot;aperture&quot;:&quot;10&quot;,&quot;credit&quot;:&quot;&quot;,&quot;camera&quot;:&quot;NIKON D5300&quot;,&quot;caption&quot;:&quot;&quot;,&quot;created_timestamp&quot;:&quot;1573314054&quot;,&quot;copyright&quot;:&quot;&quot;,&quot;focal_length&quot;:&quot;18&quot;,&quot;iso&quot;:&quot;200&quot;,&quot;shutter_speed&quot;:&quot;0.0025&quot;,&quot;title&quot;:&quot;&quot;,&quot;orientation&quot;:&quot;0&quot;,&quot;keywords&quot;:&quot;Array&quot;}\" data-image-title=\"Domaine National du Palais-Royal, Paris, Fran\u021ba\" data-image-description=\"\" data-medium-file=\"https:\/\/www.passports.top\/en\/wp-content\/uploads\/sites\/2\/2019\/12\/DSC_0300-300x199.jpg\" data-large-file=\"https:\/\/www.passports.top\/en\/wp-content\/uploads\/sites\/2\/2019\/12\/DSC_0300-1024x678.jpg\" \/><\/a>\n\t\t\t<\/div><\/figure><figure class='gallery-item'>\n\t\t\t<div class='gallery-icon landscape'>\n\t\t\t\t<a href='https:\/\/www.passports.top\/en\/dsc_0291\/'><img loading=\"lazy\" decoding=\"async\" width=\"150\" height=\"150\" src=\"https:\/\/www.passports.top\/en\/wp-content\/uploads\/sites\/2\/2019\/12\/DSC_0291-150x150.jpg\" class=\"attachment-thumbnail size-thumbnail\" alt=\"\" data-attachment-id=\"3730\" data-orig-file=\"https:\/\/www.passports.top\/en\/wp-content\/uploads\/sites\/2\/2019\/12\/DSC_0291.jpg\" data-orig-size=\"2000,1312\" data-comments-opened=\"1\" data-image-meta=\"{&quot;aperture&quot;:&quot;9&quot;,&quot;credit&quot;:&quot;&quot;,&quot;camera&quot;:&quot;NIKON D5300&quot;,&quot;caption&quot;:&quot;&quot;,&quot;created_timestamp&quot;:&quot;1573313594&quot;,&quot;copyright&quot;:&quot;&quot;,&quot;focal_length&quot;:&quot;18&quot;,&quot;iso&quot;:&quot;200&quot;,&quot;shutter_speed&quot;:&quot;0.003125&quot;,&quot;title&quot;:&quot;&quot;,&quot;orientation&quot;:&quot;0&quot;,&quot;keywords&quot;:&quot;Array&quot;}\" data-image-title=\"Domaine National du Palais-Royal, Paris, Fran\u021ba\" data-image-description=\"\" data-medium-file=\"https:\/\/www.passports.top\/en\/wp-content\/uploads\/sites\/2\/2019\/12\/DSC_0291-300x197.jpg\" data-large-file=\"https:\/\/www.passports.top\/en\/wp-content\/uploads\/sites\/2\/2019\/12\/DSC_0291-1024x672.jpg\" \/><\/a>\n\t\t\t<\/div><\/figure><figure class='gallery-item'>\n\t\t\t<div class='gallery-icon landscape'>\n\t\t\t\t<a href='https:\/\/www.passports.top\/en\/dsc_0286-2\/'><img loading=\"lazy\" decoding=\"async\" width=\"150\" height=\"150\" src=\"https:\/\/www.passports.top\/en\/wp-content\/uploads\/sites\/2\/2019\/12\/DSC_0286-150x150.jpg\" class=\"attachment-thumbnail size-thumbnail\" alt=\"\" data-attachment-id=\"3729\" data-orig-file=\"https:\/\/www.passports.top\/en\/wp-content\/uploads\/sites\/2\/2019\/12\/DSC_0286.jpg\" data-orig-size=\"2000,1352\" data-comments-opened=\"1\" data-image-meta=\"{&quot;aperture&quot;:&quot;8&quot;,&quot;credit&quot;:&quot;&quot;,&quot;camera&quot;:&quot;NIKON D5300&quot;,&quot;caption&quot;:&quot;&quot;,&quot;created_timestamp&quot;:&quot;1573313529&quot;,&quot;copyright&quot;:&quot;&quot;,&quot;focal_length&quot;:&quot;18&quot;,&quot;iso&quot;:&quot;200&quot;,&quot;shutter_speed&quot;:&quot;0.004&quot;,&quot;title&quot;:&quot;&quot;,&quot;orientation&quot;:&quot;0&quot;,&quot;keywords&quot;:&quot;Array&quot;}\" data-image-title=\"Domaine National du Palais-Royal, Paris, Fran\u021ba\" data-image-description=\"\" data-medium-file=\"https:\/\/www.passports.top\/en\/wp-content\/uploads\/sites\/2\/2019\/12\/DSC_0286-300x203.jpg\" data-large-file=\"https:\/\/www.passports.top\/en\/wp-content\/uploads\/sites\/2\/2019\/12\/DSC_0286-1024x692.jpg\" \/><\/a>\n\t\t\t<\/div><\/figure><figure class='gallery-item'>\n\t\t\t<div class='gallery-icon landscape'>\n\t\t\t\t<a href='https:\/\/www.passports.top\/en\/dsc_0285-2\/'><img loading=\"lazy\" decoding=\"async\" width=\"150\" height=\"150\" src=\"https:\/\/www.passports.top\/en\/wp-content\/uploads\/sites\/2\/2019\/12\/DSC_0285-150x150.jpg\" class=\"attachment-thumbnail size-thumbnail\" alt=\"\" data-attachment-id=\"3728\" data-orig-file=\"https:\/\/www.passports.top\/en\/wp-content\/uploads\/sites\/2\/2019\/12\/DSC_0285.jpg\" data-orig-size=\"2000,1420\" data-comments-opened=\"1\" data-image-meta=\"{&quot;aperture&quot;:&quot;8&quot;,&quot;credit&quot;:&quot;&quot;,&quot;camera&quot;:&quot;NIKON D5300&quot;,&quot;caption&quot;:&quot;&quot;,&quot;created_timestamp&quot;:&quot;1573313497&quot;,&quot;copyright&quot;:&quot;&quot;,&quot;focal_length&quot;:&quot;18&quot;,&quot;iso&quot;:&quot;400&quot;,&quot;shutter_speed&quot;:&quot;0.004&quot;,&quot;title&quot;:&quot;&quot;,&quot;orientation&quot;:&quot;0&quot;,&quot;keywords&quot;:&quot;Array&quot;}\" data-image-title=\"Domaine National du Palais-Royal, Paris, Fran\u021ba\" data-image-description=\"\" data-medium-file=\"https:\/\/www.passports.top\/en\/wp-content\/uploads\/sites\/2\/2019\/12\/DSC_0285-300x213.jpg\" data-large-file=\"https:\/\/www.passports.top\/en\/wp-content\/uploads\/sites\/2\/2019\/12\/DSC_0285-1024x727.jpg\" \/><\/a>\n\t\t\t<\/div><\/figure><figure class='gallery-item'>\n\t\t\t<div class='gallery-icon portrait'>\n\t\t\t\t<a href='https:\/\/www.passports.top\/en\/dsc_0283-4\/'><img loading=\"lazy\" decoding=\"async\" width=\"150\" height=\"150\" src=\"https:\/\/www.passports.top\/en\/wp-content\/uploads\/sites\/2\/2019\/12\/DSC_0283-150x150.jpg\" class=\"attachment-thumbnail size-thumbnail\" alt=\"\" data-attachment-id=\"3727\" data-orig-file=\"https:\/\/www.passports.top\/en\/wp-content\/uploads\/sites\/2\/2019\/12\/DSC_0283.jpg\" data-orig-size=\"1297,2000\" data-comments-opened=\"1\" data-image-meta=\"{&quot;aperture&quot;:&quot;8&quot;,&quot;credit&quot;:&quot;&quot;,&quot;camera&quot;:&quot;NIKON D5300&quot;,&quot;caption&quot;:&quot;&quot;,&quot;created_timestamp&quot;:&quot;1573313476&quot;,&quot;copyright&quot;:&quot;&quot;,&quot;focal_length&quot;:&quot;18&quot;,&quot;iso&quot;:&quot;400&quot;,&quot;shutter_speed&quot;:&quot;0.004&quot;,&quot;title&quot;:&quot;&quot;,&quot;orientation&quot;:&quot;0&quot;,&quot;keywords&quot;:&quot;Array&quot;}\" data-image-title=\"Domaine National du Palais-Royal, Paris, Fran\u021ba\" data-image-description=\"\" data-medium-file=\"https:\/\/www.passports.top\/en\/wp-content\/uploads\/sites\/2\/2019\/12\/DSC_0283-195x300.jpg\" data-large-file=\"https:\/\/www.passports.top\/en\/wp-content\/uploads\/sites\/2\/2019\/12\/DSC_0283-664x1024.jpg\" \/><\/a>\n\t\t\t<\/div><\/figure><figure class='gallery-item'>\n\t\t\t<div class='gallery-icon landscape'>\n\t\t\t\t<a href='https:\/\/www.passports.top\/en\/dsc_0304-4\/'><img loading=\"lazy\" decoding=\"async\" width=\"150\" height=\"150\" src=\"https:\/\/www.passports.top\/en\/wp-content\/uploads\/sites\/2\/2019\/12\/DSC_0304-150x150.jpg\" class=\"attachment-thumbnail size-thumbnail\" alt=\"\" data-attachment-id=\"3732\" data-orig-file=\"https:\/\/www.passports.top\/en\/wp-content\/uploads\/sites\/2\/2019\/12\/DSC_0304.jpg\" data-orig-size=\"2000,1476\" data-comments-opened=\"1\" data-image-meta=\"{&quot;aperture&quot;:&quot;10&quot;,&quot;credit&quot;:&quot;&quot;,&quot;camera&quot;:&quot;NIKON D5300&quot;,&quot;caption&quot;:&quot;&quot;,&quot;created_timestamp&quot;:&quot;1573314950&quot;,&quot;copyright&quot;:&quot;&quot;,&quot;focal_length&quot;:&quot;18&quot;,&quot;iso&quot;:&quot;200&quot;,&quot;shutter_speed&quot;:&quot;0.0025&quot;,&quot;title&quot;:&quot;&quot;,&quot;orientation&quot;:&quot;0&quot;,&quot;keywords&quot;:&quot;Array&quot;}\" data-image-title=\"Statuia lui Charles de Gaulle, Paris, Fran\u021ba\" data-image-description=\"\" data-medium-file=\"https:\/\/www.passports.top\/en\/wp-content\/uploads\/sites\/2\/2019\/12\/DSC_0304-300x221.jpg\" data-large-file=\"https:\/\/www.passports.top\/en\/wp-content\/uploads\/sites\/2\/2019\/12\/DSC_0304-1024x756.jpg\" \/><\/a>\n\t\t\t<\/div><\/figure><figure class='gallery-item'>\n\t\t\t<div class='gallery-icon landscape'>\n\t\t\t\t<a href='https:\/\/www.passports.top\/en\/dsc_0329\/'><img loading=\"lazy\" decoding=\"async\" width=\"150\" height=\"150\" src=\"https:\/\/www.passports.top\/en\/wp-content\/uploads\/sites\/2\/2019\/12\/DSC_0329-150x150.jpg\" class=\"attachment-thumbnail size-thumbnail\" alt=\"\" data-attachment-id=\"3737\" data-orig-file=\"https:\/\/www.passports.top\/en\/wp-content\/uploads\/sites\/2\/2019\/12\/DSC_0329.jpg\" data-orig-size=\"2000,1389\" data-comments-opened=\"1\" data-image-meta=\"{&quot;aperture&quot;:&quot;10&quot;,&quot;credit&quot;:&quot;&quot;,&quot;camera&quot;:&quot;NIKON D5300&quot;,&quot;caption&quot;:&quot;&quot;,&quot;created_timestamp&quot;:&quot;1573317022&quot;,&quot;copyright&quot;:&quot;&quot;,&quot;focal_length&quot;:&quot;22&quot;,&quot;iso&quot;:&quot;200&quot;,&quot;shutter_speed&quot;:&quot;0.0025&quot;,&quot;title&quot;:&quot;&quot;,&quot;orientation&quot;:&quot;0&quot;,&quot;keywords&quot;:&quot;Array&quot;}\" data-image-title=\"Champs-\u00c9lys\u00e9es, Paris, Fran\u021ba\" data-image-description=\"\" data-medium-file=\"https:\/\/www.passports.top\/en\/wp-content\/uploads\/sites\/2\/2019\/12\/DSC_0329-300x208.jpg\" data-large-file=\"https:\/\/www.passports.top\/en\/wp-content\/uploads\/sites\/2\/2019\/12\/DSC_0329-1024x711.jpg\" \/><\/a>\n\t\t\t<\/div><\/figure><figure class='gallery-item'>\n\t\t\t<div class='gallery-icon landscape'>\n\t\t\t\t<a href='https:\/\/www.passports.top\/en\/dsc_0332-4\/'><img loading=\"lazy\" decoding=\"async\" width=\"150\" height=\"150\" src=\"https:\/\/www.passports.top\/en\/wp-content\/uploads\/sites\/2\/2019\/12\/DSC_0332-150x150.jpg\" class=\"attachment-thumbnail size-thumbnail\" alt=\"\" data-attachment-id=\"3738\" data-orig-file=\"https:\/\/www.passports.top\/en\/wp-content\/uploads\/sites\/2\/2019\/12\/DSC_0332.jpg\" data-orig-size=\"2000,1597\" data-comments-opened=\"1\" data-image-meta=\"{&quot;aperture&quot;:&quot;9&quot;,&quot;credit&quot;:&quot;&quot;,&quot;camera&quot;:&quot;NIKON D5300&quot;,&quot;caption&quot;:&quot;&quot;,&quot;created_timestamp&quot;:&quot;1573317378&quot;,&quot;copyright&quot;:&quot;&quot;,&quot;focal_length&quot;:&quot;25&quot;,&quot;iso&quot;:&quot;200&quot;,&quot;shutter_speed&quot;:&quot;0.003125&quot;,&quot;title&quot;:&quot;&quot;,&quot;orientation&quot;:&quot;0&quot;,&quot;keywords&quot;:&quot;Array&quot;}\" data-image-title=\"Arcul de Triumf, Paris, Fran\u021ba\" data-image-description=\"\" data-medium-file=\"https:\/\/www.passports.top\/en\/wp-content\/uploads\/sites\/2\/2019\/12\/DSC_0332-300x240.jpg\" data-large-file=\"https:\/\/www.passports.top\/en\/wp-content\/uploads\/sites\/2\/2019\/12\/DSC_0332-1024x818.jpg\" \/><\/a>\n\t\t\t<\/div><\/figure><figure class='gallery-item'>\n\t\t\t<div class='gallery-icon landscape'>\n\t\t\t\t<a href='https:\/\/www.passports.top\/en\/dsc_0307-2\/'><img loading=\"lazy\" decoding=\"async\" width=\"150\" height=\"150\" src=\"https:\/\/www.passports.top\/en\/wp-content\/uploads\/sites\/2\/2019\/12\/DSC_0307-150x150.jpg\" class=\"attachment-thumbnail size-thumbnail\" alt=\"\" data-attachment-id=\"3733\" data-orig-file=\"https:\/\/www.passports.top\/en\/wp-content\/uploads\/sites\/2\/2019\/12\/DSC_0307.jpg\" data-orig-size=\"2000,1323\" data-comments-opened=\"1\" data-image-meta=\"{&quot;aperture&quot;:&quot;10&quot;,&quot;credit&quot;:&quot;&quot;,&quot;camera&quot;:&quot;NIKON D5300&quot;,&quot;caption&quot;:&quot;&quot;,&quot;created_timestamp&quot;:&quot;1573315279&quot;,&quot;copyright&quot;:&quot;&quot;,&quot;focal_length&quot;:&quot;48&quot;,&quot;iso&quot;:&quot;200&quot;,&quot;shutter_speed&quot;:&quot;0.0025&quot;,&quot;title&quot;:&quot;&quot;,&quot;orientation&quot;:&quot;0&quot;,&quot;keywords&quot;:&quot;Array&quot;}\" data-image-title=\"Arcul de Triumf v\u0103zut de pe Bulevardul Champs-\u00c9lys\u00e9es, Paris, Fran\u021ba\" data-image-description=\"\" data-medium-file=\"https:\/\/www.passports.top\/en\/wp-content\/uploads\/sites\/2\/2019\/12\/DSC_0307-300x198.jpg\" data-large-file=\"https:\/\/www.passports.top\/en\/wp-content\/uploads\/sites\/2\/2019\/12\/DSC_0307-1024x677.jpg\" \/><\/a>\n\t\t\t<\/div><\/figure><figure class='gallery-item'>\n\t\t\t<div class='gallery-icon landscape'>\n\t\t\t\t<a href='https:\/\/www.passports.top\/en\/dsc_0316-4\/'><img loading=\"lazy\" decoding=\"async\" width=\"150\" height=\"150\" src=\"https:\/\/www.passports.top\/en\/wp-content\/uploads\/sites\/2\/2019\/12\/DSC_0316-150x150.jpg\" class=\"attachment-thumbnail size-thumbnail\" alt=\"\" data-attachment-id=\"3734\" data-orig-file=\"https:\/\/www.passports.top\/en\/wp-content\/uploads\/sites\/2\/2019\/12\/DSC_0316.jpg\" data-orig-size=\"2000,1384\" data-comments-opened=\"1\" data-image-meta=\"{&quot;aperture&quot;:&quot;9&quot;,&quot;credit&quot;:&quot;&quot;,&quot;camera&quot;:&quot;NIKON D5300&quot;,&quot;caption&quot;:&quot;&quot;,&quot;created_timestamp&quot;:&quot;1573315585&quot;,&quot;copyright&quot;:&quot;&quot;,&quot;focal_length&quot;:&quot;48&quot;,&quot;iso&quot;:&quot;200&quot;,&quot;shutter_speed&quot;:&quot;0.003125&quot;,&quot;title&quot;:&quot;&quot;,&quot;orientation&quot;:&quot;0&quot;,&quot;keywords&quot;:&quot;Array&quot;}\" data-image-title=\"Arcul de Triumf v\u0103zut de pe Bulevardul Champs-\u00c9lys\u00e9es, Paris, Fran\u021ba\" data-image-description=\"\" data-medium-file=\"https:\/\/www.passports.top\/en\/wp-content\/uploads\/sites\/2\/2019\/12\/DSC_0316-300x208.jpg\" data-large-file=\"https:\/\/www.passports.top\/en\/wp-content\/uploads\/sites\/2\/2019\/12\/DSC_0316-1024x709.jpg\" \/><\/a>\n\t\t\t<\/div><\/figure><figure class='gallery-item'>\n\t\t\t<div class='gallery-icon landscape'>\n\t\t\t\t<a href='https:\/\/www.passports.top\/en\/dsc_0340-2\/'><img loading=\"lazy\" decoding=\"async\" width=\"150\" height=\"150\" src=\"https:\/\/www.passports.top\/en\/wp-content\/uploads\/sites\/2\/2019\/12\/DSC_0340-150x150.jpg\" class=\"attachment-thumbnail size-thumbnail\" alt=\"\" data-attachment-id=\"3739\" data-orig-file=\"https:\/\/www.passports.top\/en\/wp-content\/uploads\/sites\/2\/2019\/12\/DSC_0340.jpg\" data-orig-size=\"2000,1478\" data-comments-opened=\"1\" data-image-meta=\"{&quot;aperture&quot;:&quot;6.3&quot;,&quot;credit&quot;:&quot;&quot;,&quot;camera&quot;:&quot;NIKON D5300&quot;,&quot;caption&quot;:&quot;&quot;,&quot;created_timestamp&quot;:&quot;1573317708&quot;,&quot;copyright&quot;:&quot;&quot;,&quot;focal_length&quot;:&quot;18&quot;,&quot;iso&quot;:&quot;400&quot;,&quot;shutter_speed&quot;:&quot;0.00625&quot;,&quot;title&quot;:&quot;&quot;,&quot;orientation&quot;:&quot;0&quot;,&quot;keywords&quot;:&quot;Array&quot;}\" data-image-title=\"Morm\u00e2ntul Soldatului Necunoscut, Arcul de Triumf, Paris, Fran\u021ba\" data-image-description=\"\" data-medium-file=\"https:\/\/www.passports.top\/en\/wp-content\/uploads\/sites\/2\/2019\/12\/DSC_0340-300x222.jpg\" data-large-file=\"https:\/\/www.passports.top\/en\/wp-content\/uploads\/sites\/2\/2019\/12\/DSC_0340-1024x757.jpg\" \/><\/a>\n\t\t\t<\/div><\/figure><figure class='gallery-item'>\n\t\t\t<div class='gallery-icon landscape'>\n\t\t\t\t<a href='https:\/\/www.passports.top\/en\/dsc_0342-6\/'><img loading=\"lazy\" decoding=\"async\" width=\"150\" height=\"150\" src=\"https:\/\/www.passports.top\/en\/wp-content\/uploads\/sites\/2\/2019\/12\/DSC_0342-150x150.jpg\" class=\"attachment-thumbnail size-thumbnail\" alt=\"\" data-attachment-id=\"3740\" data-orig-file=\"https:\/\/www.passports.top\/en\/wp-content\/uploads\/sites\/2\/2019\/12\/DSC_0342.jpg\" data-orig-size=\"2000,1487\" data-comments-opened=\"1\" data-image-meta=\"{&quot;aperture&quot;:&quot;7.1&quot;,&quot;credit&quot;:&quot;&quot;,&quot;camera&quot;:&quot;NIKON D5300&quot;,&quot;caption&quot;:&quot;&quot;,&quot;created_timestamp&quot;:&quot;1573317843&quot;,&quot;copyright&quot;:&quot;&quot;,&quot;focal_length&quot;:&quot;25&quot;,&quot;iso&quot;:&quot;400&quot;,&quot;shutter_speed&quot;:&quot;0.005&quot;,&quot;title&quot;:&quot;&quot;,&quot;orientation&quot;:&quot;0&quot;,&quot;keywords&quot;:&quot;Array&quot;}\" data-image-title=\"Arcul de Triumf, Paris, Fran\u021ba\" data-image-description=\"\" data-medium-file=\"https:\/\/www.passports.top\/en\/wp-content\/uploads\/sites\/2\/2019\/12\/DSC_0342-300x223.jpg\" data-large-file=\"https:\/\/www.passports.top\/en\/wp-content\/uploads\/sites\/2\/2019\/12\/DSC_0342-1024x761.jpg\" \/><\/a>\n\t\t\t<\/div><\/figure><figure class='gallery-item'>\n\t\t\t<div class='gallery-icon landscape'>\n\t\t\t\t<a href='https:\/\/www.passports.top\/en\/dsc_0323-4\/'><img loading=\"lazy\" decoding=\"async\" width=\"150\" height=\"150\" src=\"https:\/\/www.passports.top\/en\/wp-content\/uploads\/sites\/2\/2019\/12\/DSC_0323-150x150.jpg\" class=\"attachment-thumbnail size-thumbnail\" alt=\"\" data-attachment-id=\"3735\" data-orig-file=\"https:\/\/www.passports.top\/en\/wp-content\/uploads\/sites\/2\/2019\/12\/DSC_0323.jpg\" data-orig-size=\"2000,1369\" data-comments-opened=\"1\" data-image-meta=\"{&quot;aperture&quot;:&quot;8&quot;,&quot;credit&quot;:&quot;&quot;,&quot;camera&quot;:&quot;NIKON D5300&quot;,&quot;caption&quot;:&quot;&quot;,&quot;created_timestamp&quot;:&quot;1573316663&quot;,&quot;copyright&quot;:&quot;&quot;,&quot;focal_length&quot;:&quot;18&quot;,&quot;iso&quot;:&quot;400&quot;,&quot;shutter_speed&quot;:&quot;0.004&quot;,&quot;title&quot;:&quot;&quot;,&quot;orientation&quot;:&quot;0&quot;,&quot;keywords&quot;:&quot;Array&quot;}\" data-image-title=\"Champs-\u00c9lys\u00e9es, Paris, Fran\u021ba\" data-image-description=\"\" data-medium-file=\"https:\/\/www.passports.top\/en\/wp-content\/uploads\/sites\/2\/2019\/12\/DSC_0323-300x205.jpg\" data-large-file=\"https:\/\/www.passports.top\/en\/wp-content\/uploads\/sites\/2\/2019\/12\/DSC_0323-1024x701.jpg\" \/><\/a>\n\t\t\t<\/div><\/figure><figure class='gallery-item'>\n\t\t\t<div class='gallery-icon landscape'>\n\t\t\t\t<a href='https:\/\/www.passports.top\/en\/dsc_0325\/'><img loading=\"lazy\" decoding=\"async\" width=\"150\" height=\"150\" src=\"https:\/\/www.passports.top\/en\/wp-content\/uploads\/sites\/2\/2019\/12\/DSC_0325-150x150.jpg\" class=\"attachment-thumbnail size-thumbnail\" alt=\"\" data-attachment-id=\"3736\" data-orig-file=\"https:\/\/www.passports.top\/en\/wp-content\/uploads\/sites\/2\/2019\/12\/DSC_0325.jpg\" data-orig-size=\"2000,1352\" data-comments-opened=\"1\" data-image-meta=\"{&quot;aperture&quot;:&quot;6.3&quot;,&quot;credit&quot;:&quot;&quot;,&quot;camera&quot;:&quot;NIKON D5300&quot;,&quot;caption&quot;:&quot;&quot;,&quot;created_timestamp&quot;:&quot;1573316767&quot;,&quot;copyright&quot;:&quot;&quot;,&quot;focal_length&quot;:&quot;25&quot;,&quot;iso&quot;:&quot;400&quot;,&quot;shutter_speed&quot;:&quot;0.00625&quot;,&quot;title&quot;:&quot;&quot;,&quot;orientation&quot;:&quot;0&quot;,&quot;keywords&quot;:&quot;Array&quot;}\" data-image-title=\"Champs-\u00c9lys\u00e9es, Paris, Fran\u021ba\" data-image-description=\"\" data-medium-file=\"https:\/\/www.passports.top\/en\/wp-content\/uploads\/sites\/2\/2019\/12\/DSC_0325-300x203.jpg\" data-large-file=\"https:\/\/www.passports.top\/en\/wp-content\/uploads\/sites\/2\/2019\/12\/DSC_0325-1024x692.jpg\" \/><\/a>\n\t\t\t<\/div><\/figure><figure class='gallery-item'>\n\t\t\t<div class='gallery-icon landscape'>\n\t\t\t\t<a href='https:\/\/www.passports.top\/en\/dsc_0349-3\/'><img loading=\"lazy\" decoding=\"async\" width=\"150\" height=\"150\" src=\"https:\/\/www.passports.top\/en\/wp-content\/uploads\/sites\/2\/2019\/12\/DSC_0349-150x150.jpg\" class=\"attachment-thumbnail size-thumbnail\" alt=\"\" data-attachment-id=\"3741\" data-orig-file=\"https:\/\/www.passports.top\/en\/wp-content\/uploads\/sites\/2\/2019\/12\/DSC_0349.jpg\" data-orig-size=\"2000,1514\" data-comments-opened=\"1\" data-image-meta=\"{&quot;aperture&quot;:&quot;4&quot;,&quot;credit&quot;:&quot;&quot;,&quot;camera&quot;:&quot;NIKON D5300&quot;,&quot;caption&quot;:&quot;&quot;,&quot;created_timestamp&quot;:&quot;1573318804&quot;,&quot;copyright&quot;:&quot;&quot;,&quot;focal_length&quot;:&quot;18&quot;,&quot;iso&quot;:&quot;800&quot;,&quot;shutter_speed&quot;:&quot;0.016666666666667&quot;,&quot;title&quot;:&quot;&quot;,&quot;orientation&quot;:&quot;0&quot;,&quot;keywords&quot;:&quot;Array&quot;}\" data-image-title=\"Interior Arcul de Triumf, Paris, Fran\u021ba\" data-image-description=\"\" data-medium-file=\"https:\/\/www.passports.top\/en\/wp-content\/uploads\/sites\/2\/2019\/12\/DSC_0349-300x227.jpg\" data-large-file=\"https:\/\/www.passports.top\/en\/wp-content\/uploads\/sites\/2\/2019\/12\/DSC_0349-1024x775.jpg\" \/><\/a>\n\t\t\t<\/div><\/figure><figure class='gallery-item'>\n\t\t\t<div class='gallery-icon landscape'>\n\t\t\t\t<a href='https:\/\/www.passports.top\/en\/dsc_0358-2\/'><img loading=\"lazy\" decoding=\"async\" width=\"150\" height=\"150\" src=\"https:\/\/www.passports.top\/en\/wp-content\/uploads\/sites\/2\/2019\/12\/DSC_0358-150x150.jpg\" class=\"attachment-thumbnail size-thumbnail\" alt=\"\" data-attachment-id=\"3746\" data-orig-file=\"https:\/\/www.passports.top\/en\/wp-content\/uploads\/sites\/2\/2019\/12\/DSC_0358.jpg\" data-orig-size=\"2000,1363\" data-comments-opened=\"1\" data-image-meta=\"{&quot;aperture&quot;:&quot;8&quot;,&quot;credit&quot;:&quot;&quot;,&quot;camera&quot;:&quot;NIKON D5300&quot;,&quot;caption&quot;:&quot;&quot;,&quot;created_timestamp&quot;:&quot;1573319021&quot;,&quot;copyright&quot;:&quot;&quot;,&quot;focal_length&quot;:&quot;30&quot;,&quot;iso&quot;:&quot;400&quot;,&quot;shutter_speed&quot;:&quot;0.004&quot;,&quot;title&quot;:&quot;&quot;,&quot;orientation&quot;:&quot;0&quot;,&quot;keywords&quot;:&quot;Array&quot;}\" data-image-title=\"Vedere de pe Arcul de Triumf, Paris, Fran\u021ba\" data-image-description=\"\" data-medium-file=\"https:\/\/www.passports.top\/en\/wp-content\/uploads\/sites\/2\/2019\/12\/DSC_0358-300x204.jpg\" data-large-file=\"https:\/\/www.passports.top\/en\/wp-content\/uploads\/sites\/2\/2019\/12\/DSC_0358-1024x698.jpg\" \/><\/a>\n\t\t\t<\/div><\/figure><figure class='gallery-item'>\n\t\t\t<div class='gallery-icon landscape'>\n\t\t\t\t<a href='https:\/\/www.passports.top\/en\/dsc_0356-3\/'><img loading=\"lazy\" decoding=\"async\" width=\"150\" height=\"150\" src=\"https:\/\/www.passports.top\/en\/wp-content\/uploads\/sites\/2\/2019\/12\/DSC_0356-150x150.jpg\" class=\"attachment-thumbnail size-thumbnail\" alt=\"\" data-attachment-id=\"3745\" data-orig-file=\"https:\/\/www.passports.top\/en\/wp-content\/uploads\/sites\/2\/2019\/12\/DSC_0356.jpg\" data-orig-size=\"2000,1333\" data-comments-opened=\"1\" data-image-meta=\"{&quot;aperture&quot;:&quot;8&quot;,&quot;credit&quot;:&quot;&quot;,&quot;camera&quot;:&quot;NIKON D5300&quot;,&quot;caption&quot;:&quot;&quot;,&quot;created_timestamp&quot;:&quot;1573318989&quot;,&quot;copyright&quot;:&quot;&quot;,&quot;focal_length&quot;:&quot;105&quot;,&quot;iso&quot;:&quot;200&quot;,&quot;shutter_speed&quot;:&quot;0.004&quot;,&quot;title&quot;:&quot;&quot;,&quot;orientation&quot;:&quot;0&quot;,&quot;keywords&quot;:&quot;Array&quot;}\" data-image-title=\"Bazilica Sacr\u00e9-C\u0153ur v\u0103zut\u0103 de pe Arcul de Triumf, Paris, Fran\u021ba\" data-image-description=\"\" data-medium-file=\"https:\/\/www.passports.top\/en\/wp-content\/uploads\/sites\/2\/2019\/12\/DSC_0356-300x200.jpg\" data-large-file=\"https:\/\/www.passports.top\/en\/wp-content\/uploads\/sites\/2\/2019\/12\/DSC_0356-1024x682.jpg\" \/><\/a>\n\t\t\t<\/div><\/figure><figure class='gallery-item'>\n\t\t\t<div class='gallery-icon landscape'>\n\t\t\t\t<a href='https:\/\/www.passports.top\/en\/dsc_0355-2\/'><img loading=\"lazy\" decoding=\"async\" width=\"150\" height=\"150\" src=\"https:\/\/www.passports.top\/en\/wp-content\/uploads\/sites\/2\/2019\/12\/DSC_0355-150x150.jpg\" class=\"attachment-thumbnail size-thumbnail\" alt=\"\" data-attachment-id=\"3744\" data-orig-file=\"https:\/\/www.passports.top\/en\/wp-content\/uploads\/sites\/2\/2019\/12\/DSC_0355.jpg\" data-orig-size=\"2000,1310\" data-comments-opened=\"1\" data-image-meta=\"{&quot;aperture&quot;:&quot;8&quot;,&quot;credit&quot;:&quot;&quot;,&quot;camera&quot;:&quot;NIKON D5300&quot;,&quot;caption&quot;:&quot;&quot;,&quot;created_timestamp&quot;:&quot;1573318982&quot;,&quot;copyright&quot;:&quot;&quot;,&quot;focal_length&quot;:&quot;18&quot;,&quot;iso&quot;:&quot;250&quot;,&quot;shutter_speed&quot;:&quot;0.004&quot;,&quot;title&quot;:&quot;&quot;,&quot;orientation&quot;:&quot;0&quot;,&quot;keywords&quot;:&quot;Array&quot;}\" data-image-title=\"Vedere de pe Arcul de Triumf, Paris, Fran\u021ba\" data-image-description=\"\" data-medium-file=\"https:\/\/www.passports.top\/en\/wp-content\/uploads\/sites\/2\/2019\/12\/DSC_0355-300x197.jpg\" data-large-file=\"https:\/\/www.passports.top\/en\/wp-content\/uploads\/sites\/2\/2019\/12\/DSC_0355-1024x671.jpg\" \/><\/a>\n\t\t\t<\/div><\/figure><figure class='gallery-item'>\n\t\t\t<div class='gallery-icon landscape'>\n\t\t\t\t<a href='https:\/\/www.passports.top\/en\/dsc_0354-2\/'><img loading=\"lazy\" decoding=\"async\" width=\"150\" height=\"150\" src=\"https:\/\/www.passports.top\/en\/wp-content\/uploads\/sites\/2\/2019\/12\/DSC_0354-150x150.jpg\" class=\"attachment-thumbnail size-thumbnail\" alt=\"\" data-attachment-id=\"3743\" data-orig-file=\"https:\/\/www.passports.top\/en\/wp-content\/uploads\/sites\/2\/2019\/12\/DSC_0354.jpg\" data-orig-size=\"2000,1357\" data-comments-opened=\"1\" data-image-meta=\"{&quot;aperture&quot;:&quot;7.1&quot;,&quot;credit&quot;:&quot;&quot;,&quot;camera&quot;:&quot;NIKON D5300&quot;,&quot;caption&quot;:&quot;&quot;,&quot;created_timestamp&quot;:&quot;1573318926&quot;,&quot;copyright&quot;:&quot;&quot;,&quot;focal_length&quot;:&quot;18&quot;,&quot;iso&quot;:&quot;400&quot;,&quot;shutter_speed&quot;:&quot;0.005&quot;,&quot;title&quot;:&quot;&quot;,&quot;orientation&quot;:&quot;0&quot;,&quot;keywords&quot;:&quot;Array&quot;}\" data-image-title=\"Vedere de pe Arcul de Triumf, Paris, Fran\u021ba\" data-image-description=\"\" data-medium-file=\"https:\/\/www.passports.top\/en\/wp-content\/uploads\/sites\/2\/2019\/12\/DSC_0354-300x204.jpg\" data-large-file=\"https:\/\/www.passports.top\/en\/wp-content\/uploads\/sites\/2\/2019\/12\/DSC_0354-1024x695.jpg\" \/><\/a>\n\t\t\t<\/div><\/figure><figure class='gallery-item'>\n\t\t\t<div class='gallery-icon landscape'>\n\t\t\t\t<a href='https:\/\/www.passports.top\/en\/dsc_0360-2\/'><img loading=\"lazy\" decoding=\"async\" width=\"150\" height=\"150\" src=\"https:\/\/www.passports.top\/en\/wp-content\/uploads\/sites\/2\/2019\/12\/DSC_0360-150x150.jpg\" class=\"attachment-thumbnail size-thumbnail\" alt=\"\" data-attachment-id=\"3747\" data-orig-file=\"https:\/\/www.passports.top\/en\/wp-content\/uploads\/sites\/2\/2019\/12\/DSC_0360.jpg\" data-orig-size=\"2000,1381\" data-comments-opened=\"1\" data-image-meta=\"{&quot;aperture&quot;:&quot;8&quot;,&quot;credit&quot;:&quot;&quot;,&quot;camera&quot;:&quot;NIKON D5300&quot;,&quot;caption&quot;:&quot;&quot;,&quot;created_timestamp&quot;:&quot;1573319029&quot;,&quot;copyright&quot;:&quot;&quot;,&quot;focal_length&quot;:&quot;18&quot;,&quot;iso&quot;:&quot;400&quot;,&quot;shutter_speed&quot;:&quot;0.004&quot;,&quot;title&quot;:&quot;&quot;,&quot;orientation&quot;:&quot;0&quot;,&quot;keywords&quot;:&quot;Array&quot;}\" data-image-title=\"Vedere de pe Arcul de Triumf, Paris, Fran\u021ba\" data-image-description=\"\" data-medium-file=\"https:\/\/www.passports.top\/en\/wp-content\/uploads\/sites\/2\/2019\/12\/DSC_0360-300x207.jpg\" data-large-file=\"https:\/\/www.passports.top\/en\/wp-content\/uploads\/sites\/2\/2019\/12\/DSC_0360-1024x707.jpg\" \/><\/a>\n\t\t\t<\/div><\/figure><figure class='gallery-item'>\n\t\t\t<div class='gallery-icon landscape'>\n\t\t\t\t<a href='https:\/\/www.passports.top\/en\/dsc_0350-2\/'><img loading=\"lazy\" decoding=\"async\" width=\"150\" height=\"150\" src=\"https:\/\/www.passports.top\/en\/wp-content\/uploads\/sites\/2\/2019\/12\/DSC_0350-150x150.jpg\" class=\"attachment-thumbnail size-thumbnail\" alt=\"\" data-attachment-id=\"3742\" data-orig-file=\"https:\/\/www.passports.top\/en\/wp-content\/uploads\/sites\/2\/2019\/12\/DSC_0350.jpg\" data-orig-size=\"2000,1321\" data-comments-opened=\"1\" data-image-meta=\"{&quot;aperture&quot;:&quot;8&quot;,&quot;credit&quot;:&quot;&quot;,&quot;camera&quot;:&quot;NIKON D5300&quot;,&quot;caption&quot;:&quot;&quot;,&quot;created_timestamp&quot;:&quot;1573318899&quot;,&quot;copyright&quot;:&quot;&quot;,&quot;focal_length&quot;:&quot;22&quot;,&quot;iso&quot;:&quot;400&quot;,&quot;shutter_speed&quot;:&quot;0.004&quot;,&quot;title&quot;:&quot;&quot;,&quot;orientation&quot;:&quot;0&quot;,&quot;keywords&quot;:&quot;Array&quot;}\" data-image-title=\"Vedere de pe Arcul de Triumf, Paris, Fran\u021ba\" data-image-description=\"\" data-medium-file=\"https:\/\/www.passports.top\/en\/wp-content\/uploads\/sites\/2\/2019\/12\/DSC_0350-300x198.jpg\" data-large-file=\"https:\/\/www.passports.top\/en\/wp-content\/uploads\/sites\/2\/2019\/12\/DSC_0350-1024x676.jpg\" \/><\/a>\n\t\t\t<\/div><\/figure><figure class='gallery-item'>\n\t\t\t<div class='gallery-icon landscape'>\n\t\t\t\t<a href='https:\/\/www.passports.top\/en\/dsc_0370-2\/'><img loading=\"lazy\" decoding=\"async\" width=\"150\" height=\"150\" src=\"https:\/\/www.passports.top\/en\/wp-content\/uploads\/sites\/2\/2019\/12\/DSC_0370-150x150.jpg\" class=\"attachment-thumbnail size-thumbnail\" alt=\"\" data-attachment-id=\"3752\" data-orig-file=\"https:\/\/www.passports.top\/en\/wp-content\/uploads\/sites\/2\/2019\/12\/DSC_0370.jpg\" data-orig-size=\"2000,1408\" data-comments-opened=\"1\" data-image-meta=\"{&quot;aperture&quot;:&quot;8&quot;,&quot;credit&quot;:&quot;&quot;,&quot;camera&quot;:&quot;NIKON D5300&quot;,&quot;caption&quot;:&quot;&quot;,&quot;created_timestamp&quot;:&quot;1573319216&quot;,&quot;copyright&quot;:&quot;&quot;,&quot;focal_length&quot;:&quot;26&quot;,&quot;iso&quot;:&quot;250&quot;,&quot;shutter_speed&quot;:&quot;0.004&quot;,&quot;title&quot;:&quot;&quot;,&quot;orientation&quot;:&quot;0&quot;,&quot;keywords&quot;:&quot;Array&quot;}\" data-image-title=\"Turnul Eiffel v\u0103zut de pe Arcul de Triumf, Paris, Fran\u021ba\" data-image-description=\"\" data-medium-file=\"https:\/\/www.passports.top\/en\/wp-content\/uploads\/sites\/2\/2019\/12\/DSC_0370-300x211.jpg\" data-large-file=\"https:\/\/www.passports.top\/en\/wp-content\/uploads\/sites\/2\/2019\/12\/DSC_0370-1024x721.jpg\" \/><\/a>\n\t\t\t<\/div><\/figure><figure class='gallery-item'>\n\t\t\t<div class='gallery-icon landscape'>\n\t\t\t\t<a href='https:\/\/www.passports.top\/en\/dsc_0380-2\/'><img loading=\"lazy\" decoding=\"async\" width=\"150\" height=\"150\" src=\"https:\/\/www.passports.top\/en\/wp-content\/uploads\/sites\/2\/2019\/12\/DSC_0380-150x150.jpg\" class=\"attachment-thumbnail size-thumbnail\" alt=\"\" data-attachment-id=\"3753\" data-orig-file=\"https:\/\/www.passports.top\/en\/wp-content\/uploads\/sites\/2\/2019\/12\/DSC_0380.jpg\" data-orig-size=\"2000,1299\" data-comments-opened=\"1\" data-image-meta=\"{&quot;aperture&quot;:&quot;6.3&quot;,&quot;credit&quot;:&quot;&quot;,&quot;camera&quot;:&quot;NIKON D5300&quot;,&quot;caption&quot;:&quot;&quot;,&quot;created_timestamp&quot;:&quot;1573319451&quot;,&quot;copyright&quot;:&quot;&quot;,&quot;focal_length&quot;:&quot;28&quot;,&quot;iso&quot;:&quot;400&quot;,&quot;shutter_speed&quot;:&quot;0.00625&quot;,&quot;title&quot;:&quot;&quot;,&quot;orientation&quot;:&quot;0&quot;,&quot;keywords&quot;:&quot;Array&quot;}\" data-image-title=\"Vedere de pe Arcul de Triumf, Paris, Fran\u021ba\" data-image-description=\"\" data-medium-file=\"https:\/\/www.passports.top\/en\/wp-content\/uploads\/sites\/2\/2019\/12\/DSC_0380-300x195.jpg\" data-large-file=\"https:\/\/www.passports.top\/en\/wp-content\/uploads\/sites\/2\/2019\/12\/DSC_0380-1024x665.jpg\" \/><\/a>\n\t\t\t<\/div><\/figure><figure class='gallery-item'>\n\t\t\t<div class='gallery-icon landscape'>\n\t\t\t\t<a href='https:\/\/www.passports.top\/en\/dsc_0363\/'><img loading=\"lazy\" decoding=\"async\" width=\"150\" height=\"150\" src=\"https:\/\/www.passports.top\/en\/wp-content\/uploads\/sites\/2\/2019\/12\/DSC_0363-150x150.jpg\" class=\"attachment-thumbnail size-thumbnail\" alt=\"\" data-attachment-id=\"3748\" data-orig-file=\"https:\/\/www.passports.top\/en\/wp-content\/uploads\/sites\/2\/2019\/12\/DSC_0363.jpg\" data-orig-size=\"2000,1333\" data-comments-opened=\"1\" data-image-meta=\"{&quot;aperture&quot;:&quot;8&quot;,&quot;credit&quot;:&quot;&quot;,&quot;camera&quot;:&quot;NIKON D5300&quot;,&quot;caption&quot;:&quot;&quot;,&quot;created_timestamp&quot;:&quot;1573319125&quot;,&quot;copyright&quot;:&quot;&quot;,&quot;focal_length&quot;:&quot;18&quot;,&quot;iso&quot;:&quot;250&quot;,&quot;shutter_speed&quot;:&quot;0.004&quot;,&quot;title&quot;:&quot;&quot;,&quot;orientation&quot;:&quot;0&quot;,&quot;keywords&quot;:&quot;Array&quot;}\" data-image-title=\"Vedere de pe Arcul de Triumf, Paris, Fran\u021ba\" data-image-description=\"\" data-medium-file=\"https:\/\/www.passports.top\/en\/wp-content\/uploads\/sites\/2\/2019\/12\/DSC_0363-300x200.jpg\" data-large-file=\"https:\/\/www.passports.top\/en\/wp-content\/uploads\/sites\/2\/2019\/12\/DSC_0363-1024x682.jpg\" \/><\/a>\n\t\t\t<\/div><\/figure><figure class='gallery-item'>\n\t\t\t<div class='gallery-icon landscape'>\n\t\t\t\t<a href='https:\/\/www.passports.top\/en\/dsc_0365-2\/'><img loading=\"lazy\" decoding=\"async\" width=\"150\" height=\"150\" src=\"https:\/\/www.passports.top\/en\/wp-content\/uploads\/sites\/2\/2019\/12\/DSC_0365-150x150.jpg\" class=\"attachment-thumbnail size-thumbnail\" alt=\"\" data-attachment-id=\"3749\" data-orig-file=\"https:\/\/www.passports.top\/en\/wp-content\/uploads\/sites\/2\/2019\/12\/DSC_0365.jpg\" data-orig-size=\"2000,1453\" data-comments-opened=\"1\" data-image-meta=\"{&quot;aperture&quot;:&quot;8&quot;,&quot;credit&quot;:&quot;&quot;,&quot;camera&quot;:&quot;NIKON D5300&quot;,&quot;caption&quot;:&quot;&quot;,&quot;created_timestamp&quot;:&quot;1573319160&quot;,&quot;copyright&quot;:&quot;&quot;,&quot;focal_length&quot;:&quot;25&quot;,&quot;iso&quot;:&quot;220&quot;,&quot;shutter_speed&quot;:&quot;0.004&quot;,&quot;title&quot;:&quot;&quot;,&quot;orientation&quot;:&quot;0&quot;,&quot;keywords&quot;:&quot;Array&quot;}\" data-image-title=\"Turnul Eiffel v\u0103zut de pe Arcul de Triumf, Paris, Fran\u021ba\" data-image-description=\"\" data-medium-file=\"https:\/\/www.passports.top\/en\/wp-content\/uploads\/sites\/2\/2019\/12\/DSC_0365-300x218.jpg\" data-large-file=\"https:\/\/www.passports.top\/en\/wp-content\/uploads\/sites\/2\/2019\/12\/DSC_0365-1024x744.jpg\" \/><\/a>\n\t\t\t<\/div><\/figure><figure class='gallery-item'>\n\t\t\t<div class='gallery-icon landscape'>\n\t\t\t\t<a href='https:\/\/www.passports.top\/en\/dsc_0389\/'><img loading=\"lazy\" decoding=\"async\" width=\"150\" height=\"150\" src=\"https:\/\/www.passports.top\/en\/wp-content\/uploads\/sites\/2\/2019\/12\/DSC_0389-150x150.jpg\" class=\"attachment-thumbnail size-thumbnail\" alt=\"\" data-attachment-id=\"3754\" data-orig-file=\"https:\/\/www.passports.top\/en\/wp-content\/uploads\/sites\/2\/2019\/12\/DSC_0389.jpg\" data-orig-size=\"2000,1333\" data-comments-opened=\"1\" data-image-meta=\"{&quot;aperture&quot;:&quot;3.8&quot;,&quot;credit&quot;:&quot;&quot;,&quot;camera&quot;:&quot;NIKON D5300&quot;,&quot;caption&quot;:&quot;&quot;,&quot;created_timestamp&quot;:&quot;1573319725&quot;,&quot;copyright&quot;:&quot;&quot;,&quot;focal_length&quot;:&quot;21&quot;,&quot;iso&quot;:&quot;6400&quot;,&quot;shutter_speed&quot;:&quot;0.02&quot;,&quot;title&quot;:&quot;&quot;,&quot;orientation&quot;:&quot;0&quot;,&quot;keywords&quot;:&quot;Array&quot;}\" data-image-title=\"Sc\u0103rile din Arcul de Triumf, Paris, Fran\u021ba\" data-image-description=\"\" data-medium-file=\"https:\/\/www.passports.top\/en\/wp-content\/uploads\/sites\/2\/2019\/12\/DSC_0389-300x200.jpg\" data-large-file=\"https:\/\/www.passports.top\/en\/wp-content\/uploads\/sites\/2\/2019\/12\/DSC_0389-1024x682.jpg\" \/><\/a>\n\t\t\t<\/div><\/figure><figure class='gallery-item'>\n\t\t\t<div class='gallery-icon landscape'>\n\t\t\t\t<a href='https:\/\/www.passports.top\/en\/dsc_0415\/'><img loading=\"lazy\" decoding=\"async\" width=\"150\" height=\"150\" src=\"https:\/\/www.passports.top\/en\/wp-content\/uploads\/sites\/2\/2019\/12\/DSC_0415-150x150.jpg\" class=\"attachment-thumbnail size-thumbnail\" alt=\"\" data-attachment-id=\"3755\" data-orig-file=\"https:\/\/www.passports.top\/en\/wp-content\/uploads\/sites\/2\/2019\/12\/DSC_0415.jpg\" data-orig-size=\"2000,1435\" data-comments-opened=\"1\" data-image-meta=\"{&quot;aperture&quot;:&quot;6.3&quot;,&quot;credit&quot;:&quot;&quot;,&quot;camera&quot;:&quot;NIKON D5300&quot;,&quot;caption&quot;:&quot;&quot;,&quot;created_timestamp&quot;:&quot;1573321035&quot;,&quot;copyright&quot;:&quot;&quot;,&quot;focal_length&quot;:&quot;25&quot;,&quot;iso&quot;:&quot;400&quot;,&quot;shutter_speed&quot;:&quot;0.00625&quot;,&quot;title&quot;:&quot;&quot;,&quot;orientation&quot;:&quot;0&quot;,&quot;keywords&quot;:&quot;Array&quot;}\" data-image-title=\"Turnul Eiffel v\u0103zut din Place de Trocad\u00e9ro, Paris, Fran\u021ba\" data-image-description=\"\" data-medium-file=\"https:\/\/www.passports.top\/en\/wp-content\/uploads\/sites\/2\/2019\/12\/DSC_0415-300x215.jpg\" data-large-file=\"https:\/\/www.passports.top\/en\/wp-content\/uploads\/sites\/2\/2019\/12\/DSC_0415-1024x735.jpg\" \/><\/a>\n\t\t\t<\/div><\/figure><figure class='gallery-item'>\n\t\t\t<div class='gallery-icon landscape'>\n\t\t\t\t<a href='https:\/\/www.passports.top\/en\/dsc_0366-2\/'><img loading=\"lazy\" decoding=\"async\" width=\"150\" height=\"150\" src=\"https:\/\/www.passports.top\/en\/wp-content\/uploads\/sites\/2\/2019\/12\/DSC_0366-150x150.jpg\" class=\"attachment-thumbnail size-thumbnail\" alt=\"\" data-attachment-id=\"3750\" data-orig-file=\"https:\/\/www.passports.top\/en\/wp-content\/uploads\/sites\/2\/2019\/12\/DSC_0366.jpg\" data-orig-size=\"2000,1333\" data-comments-opened=\"1\" data-image-meta=\"{&quot;aperture&quot;:&quot;8&quot;,&quot;credit&quot;:&quot;&quot;,&quot;camera&quot;:&quot;NIKON D5300&quot;,&quot;caption&quot;:&quot;&quot;,&quot;created_timestamp&quot;:&quot;1573319196&quot;,&quot;copyright&quot;:&quot;&quot;,&quot;focal_length&quot;:&quot;24&quot;,&quot;iso&quot;:&quot;250&quot;,&quot;shutter_speed&quot;:&quot;0.004&quot;,&quot;title&quot;:&quot;&quot;,&quot;orientation&quot;:&quot;0&quot;,&quot;keywords&quot;:&quot;Array&quot;}\" data-image-title=\"Turnul Eiffel v\u0103zut de pe Arcul de Triumf, Paris, Fran\u021ba\" data-image-description=\"\" data-medium-file=\"https:\/\/www.passports.top\/en\/wp-content\/uploads\/sites\/2\/2019\/12\/DSC_0366-300x200.jpg\" data-large-file=\"https:\/\/www.passports.top\/en\/wp-content\/uploads\/sites\/2\/2019\/12\/DSC_0366-1024x682.jpg\" \/><\/a>\n\t\t\t<\/div><\/figure><figure class='gallery-item'>\n\t\t\t<div class='gallery-icon landscape'>\n\t\t\t\t<a href='https:\/\/www.passports.top\/en\/dsc_0369-2\/'><img loading=\"lazy\" decoding=\"async\" width=\"150\" height=\"150\" src=\"https:\/\/www.passports.top\/en\/wp-content\/uploads\/sites\/2\/2019\/12\/DSC_0369-150x150.jpg\" class=\"attachment-thumbnail size-thumbnail\" alt=\"\" data-attachment-id=\"3751\" data-orig-file=\"https:\/\/www.passports.top\/en\/wp-content\/uploads\/sites\/2\/2019\/12\/DSC_0369.jpg\" data-orig-size=\"2000,1615\" data-comments-opened=\"1\" data-image-meta=\"{&quot;aperture&quot;:&quot;8&quot;,&quot;credit&quot;:&quot;&quot;,&quot;camera&quot;:&quot;NIKON D5300&quot;,&quot;caption&quot;:&quot;&quot;,&quot;created_timestamp&quot;:&quot;1573319211&quot;,&quot;copyright&quot;:&quot;&quot;,&quot;focal_length&quot;:&quot;66&quot;,&quot;iso&quot;:&quot;280&quot;,&quot;shutter_speed&quot;:&quot;0.004&quot;,&quot;title&quot;:&quot;&quot;,&quot;orientation&quot;:&quot;0&quot;,&quot;keywords&quot;:&quot;Array&quot;}\" data-image-title=\"Turnul Eiffel v\u0103zut de pe Arcul de Triumf, Paris, Fran\u021ba\" data-image-description=\"\" data-medium-file=\"https:\/\/www.passports.top\/en\/wp-content\/uploads\/sites\/2\/2019\/12\/DSC_0369-300x242.jpg\" data-large-file=\"https:\/\/www.passports.top\/en\/wp-content\/uploads\/sites\/2\/2019\/12\/DSC_0369-1024x827.jpg\" \/><\/a>\n\t\t\t<\/div><\/figure><figure class='gallery-item'>\n\t\t\t<div class='gallery-icon landscape'>\n\t\t\t\t<a href='https:\/\/www.passports.top\/en\/dsc_0424-3\/'><img loading=\"lazy\" decoding=\"async\" width=\"150\" height=\"150\" src=\"https:\/\/www.passports.top\/en\/wp-content\/uploads\/sites\/2\/2019\/12\/DSC_0424-150x150.jpg\" class=\"attachment-thumbnail size-thumbnail\" alt=\"\" data-attachment-id=\"3756\" data-orig-file=\"https:\/\/www.passports.top\/en\/wp-content\/uploads\/sites\/2\/2019\/12\/DSC_0424.jpg\" data-orig-size=\"2000,1333\" data-comments-opened=\"1\" data-image-meta=\"{&quot;aperture&quot;:&quot;5.6&quot;,&quot;credit&quot;:&quot;&quot;,&quot;camera&quot;:&quot;NIKON D5300&quot;,&quot;caption&quot;:&quot;&quot;,&quot;created_timestamp&quot;:&quot;1573321109&quot;,&quot;copyright&quot;:&quot;&quot;,&quot;focal_length&quot;:&quot;25&quot;,&quot;iso&quot;:&quot;400&quot;,&quot;shutter_speed&quot;:&quot;0.008&quot;,&quot;title&quot;:&quot;&quot;,&quot;orientation&quot;:&quot;0&quot;,&quot;keywords&quot;:&quot;Array&quot;}\" data-image-title=\"Turnul Eiffel v\u0103zut din Place de Trocad\u00e9ro, Paris, Fran\u021ba\" data-image-description=\"\" data-medium-file=\"https:\/\/www.passports.top\/en\/wp-content\/uploads\/sites\/2\/2019\/12\/DSC_0424-300x200.jpg\" data-large-file=\"https:\/\/www.passports.top\/en\/wp-content\/uploads\/sites\/2\/2019\/12\/DSC_0424-1024x682.jpg\" \/><\/a>\n\t\t\t<\/div><\/figure><figure class='gallery-item'>\n\t\t\t<div class='gallery-icon landscape'>\n\t\t\t\t<a href='https:\/\/www.passports.top\/en\/dsc_0468-2\/'><img loading=\"lazy\" decoding=\"async\" width=\"150\" height=\"150\" src=\"https:\/\/www.passports.top\/en\/wp-content\/uploads\/sites\/2\/2019\/12\/DSC_0468-150x150.jpg\" class=\"attachment-thumbnail size-thumbnail\" alt=\"\" data-attachment-id=\"3762\" data-orig-file=\"https:\/\/www.passports.top\/en\/wp-content\/uploads\/sites\/2\/2019\/12\/DSC_0468.jpg\" data-orig-size=\"2000,1344\" data-comments-opened=\"1\" data-image-meta=\"{&quot;aperture&quot;:&quot;6.3&quot;,&quot;credit&quot;:&quot;&quot;,&quot;camera&quot;:&quot;NIKON D5300&quot;,&quot;caption&quot;:&quot;&quot;,&quot;created_timestamp&quot;:&quot;1573323794&quot;,&quot;copyright&quot;:&quot;&quot;,&quot;focal_length&quot;:&quot;18&quot;,&quot;iso&quot;:&quot;560&quot;,&quot;shutter_speed&quot;:&quot;0.066666666666667&quot;,&quot;title&quot;:&quot;&quot;,&quot;orientation&quot;:&quot;0&quot;,&quot;keywords&quot;:&quot;Array&quot;}\" data-image-title=\"Les Invalides, Paris, Fran\u021ba\" data-image-description=\"\" data-medium-file=\"https:\/\/www.passports.top\/en\/wp-content\/uploads\/sites\/2\/2019\/12\/DSC_0468-300x202.jpg\" data-large-file=\"https:\/\/www.passports.top\/en\/wp-content\/uploads\/sites\/2\/2019\/12\/DSC_0468-1024x688.jpg\" \/><\/a>\n\t\t\t<\/div><\/figure><figure class='gallery-item'>\n\t\t\t<div class='gallery-icon landscape'>\n\t\t\t\t<a href='https:\/\/www.passports.top\/en\/dsc_0447-5\/'><img loading=\"lazy\" decoding=\"async\" width=\"150\" height=\"150\" src=\"https:\/\/www.passports.top\/en\/wp-content\/uploads\/sites\/2\/2019\/12\/DSC_0447-150x150.jpg\" class=\"attachment-thumbnail size-thumbnail\" alt=\"\" data-attachment-id=\"3758\" data-orig-file=\"https:\/\/www.passports.top\/en\/wp-content\/uploads\/sites\/2\/2019\/12\/DSC_0447.jpg\" data-orig-size=\"2000,1360\" data-comments-opened=\"1\" data-image-meta=\"{&quot;aperture&quot;:&quot;6.3&quot;,&quot;credit&quot;:&quot;&quot;,&quot;camera&quot;:&quot;NIKON D5300&quot;,&quot;caption&quot;:&quot;&quot;,&quot;created_timestamp&quot;:&quot;1573323206&quot;,&quot;copyright&quot;:&quot;&quot;,&quot;focal_length&quot;:&quot;22&quot;,&quot;iso&quot;:&quot;400&quot;,&quot;shutter_speed&quot;:&quot;0.05&quot;,&quot;title&quot;:&quot;&quot;,&quot;orientation&quot;:&quot;0&quot;,&quot;keywords&quot;:&quot;Array&quot;}\" data-image-title=\"Les Invalides, Paris, Fran\u021ba\" data-image-description=\"\" data-medium-file=\"https:\/\/www.passports.top\/en\/wp-content\/uploads\/sites\/2\/2019\/12\/DSC_0447-300x204.jpg\" data-large-file=\"https:\/\/www.passports.top\/en\/wp-content\/uploads\/sites\/2\/2019\/12\/DSC_0447-1024x696.jpg\" \/><\/a>\n\t\t\t<\/div><\/figure><figure class='gallery-item'>\n\t\t\t<div class='gallery-icon landscape'>\n\t\t\t\t<a href='https:\/\/www.passports.top\/en\/dsc_0452-2\/'><img loading=\"lazy\" decoding=\"async\" width=\"150\" height=\"150\" src=\"https:\/\/www.passports.top\/en\/wp-content\/uploads\/sites\/2\/2019\/12\/DSC_0452-150x150.jpg\" class=\"attachment-thumbnail size-thumbnail\" alt=\"\" data-attachment-id=\"3760\" data-orig-file=\"https:\/\/www.passports.top\/en\/wp-content\/uploads\/sites\/2\/2019\/12\/DSC_0452.jpg\" data-orig-size=\"2000,1412\" data-comments-opened=\"1\" data-image-meta=\"{&quot;aperture&quot;:&quot;6.3&quot;,&quot;credit&quot;:&quot;&quot;,&quot;camera&quot;:&quot;NIKON D5300&quot;,&quot;caption&quot;:&quot;&quot;,&quot;created_timestamp&quot;:&quot;1573323499&quot;,&quot;copyright&quot;:&quot;&quot;,&quot;focal_length&quot;:&quot;21&quot;,&quot;iso&quot;:&quot;400&quot;,&quot;shutter_speed&quot;:&quot;0.05&quot;,&quot;title&quot;:&quot;&quot;,&quot;orientation&quot;:&quot;0&quot;,&quot;keywords&quot;:&quot;Array&quot;}\" data-image-title=\"Les Invalides, Paris, Fran\u021ba\" data-image-description=\"\" data-medium-file=\"https:\/\/www.passports.top\/en\/wp-content\/uploads\/sites\/2\/2019\/12\/DSC_0452-300x212.jpg\" data-large-file=\"https:\/\/www.passports.top\/en\/wp-content\/uploads\/sites\/2\/2019\/12\/DSC_0452-1024x723.jpg\" \/><\/a>\n\t\t\t<\/div><\/figure><figure class='gallery-item'>\n\t\t\t<div class='gallery-icon landscape'>\n\t\t\t\t<a href='https:\/\/www.passports.top\/en\/dsc_0448\/'><img loading=\"lazy\" decoding=\"async\" width=\"150\" height=\"150\" src=\"https:\/\/www.passports.top\/en\/wp-content\/uploads\/sites\/2\/2019\/12\/DSC_0448-150x150.jpg\" class=\"attachment-thumbnail size-thumbnail\" alt=\"\" data-attachment-id=\"3759\" data-orig-file=\"https:\/\/www.passports.top\/en\/wp-content\/uploads\/sites\/2\/2019\/12\/DSC_0448.jpg\" data-orig-size=\"2000,1443\" data-comments-opened=\"1\" data-image-meta=\"{&quot;aperture&quot;:&quot;7.1&quot;,&quot;credit&quot;:&quot;&quot;,&quot;camera&quot;:&quot;NIKON D5300&quot;,&quot;caption&quot;:&quot;&quot;,&quot;created_timestamp&quot;:&quot;1573323286&quot;,&quot;copyright&quot;:&quot;&quot;,&quot;focal_length&quot;:&quot;18&quot;,&quot;iso&quot;:&quot;400&quot;,&quot;shutter_speed&quot;:&quot;0.04&quot;,&quot;title&quot;:&quot;&quot;,&quot;orientation&quot;:&quot;0&quot;,&quot;keywords&quot;:&quot;Array&quot;}\" data-image-title=\"Les Invalides, Paris, Fran\u021ba\" data-image-description=\"\" data-medium-file=\"https:\/\/www.passports.top\/en\/wp-content\/uploads\/sites\/2\/2019\/12\/DSC_0448-300x216.jpg\" data-large-file=\"https:\/\/www.passports.top\/en\/wp-content\/uploads\/sites\/2\/2019\/12\/DSC_0448-1024x739.jpg\" \/><\/a>\n\t\t\t<\/div><\/figure><figure class='gallery-item'>\n\t\t\t<div class='gallery-icon landscape'>\n\t\t\t\t<a href='https:\/\/www.passports.top\/en\/dsc_0456-2\/'><img loading=\"lazy\" decoding=\"async\" width=\"150\" height=\"150\" src=\"https:\/\/www.passports.top\/en\/wp-content\/uploads\/sites\/2\/2019\/12\/DSC_0456-150x150.jpg\" class=\"attachment-thumbnail size-thumbnail\" alt=\"\" data-attachment-id=\"3761\" data-orig-file=\"https:\/\/www.passports.top\/en\/wp-content\/uploads\/sites\/2\/2019\/12\/DSC_0456.jpg\" data-orig-size=\"2000,1383\" data-comments-opened=\"1\" data-image-meta=\"{&quot;aperture&quot;:&quot;6.3&quot;,&quot;credit&quot;:&quot;&quot;,&quot;camera&quot;:&quot;NIKON D5300&quot;,&quot;caption&quot;:&quot;&quot;,&quot;created_timestamp&quot;:&quot;1573323624&quot;,&quot;copyright&quot;:&quot;&quot;,&quot;focal_length&quot;:&quot;25&quot;,&quot;iso&quot;:&quot;400&quot;,&quot;shutter_speed&quot;:&quot;0.05&quot;,&quot;title&quot;:&quot;&quot;,&quot;orientation&quot;:&quot;0&quot;,&quot;keywords&quot;:&quot;Array&quot;}\" data-image-title=\"Les Invalides, Paris, Fran\u021ba\" data-image-description=\"\" data-medium-file=\"https:\/\/www.passports.top\/en\/wp-content\/uploads\/sites\/2\/2019\/12\/DSC_0456-300x207.jpg\" data-large-file=\"https:\/\/www.passports.top\/en\/wp-content\/uploads\/sites\/2\/2019\/12\/DSC_0456-1024x708.jpg\" \/><\/a>\n\t\t\t<\/div><\/figure><figure class='gallery-item'>\n\t\t\t<div class='gallery-icon landscape'>\n\t\t\t\t<a href='https:\/\/www.passports.top\/en\/dsc_0430-3\/'><img loading=\"lazy\" decoding=\"async\" width=\"150\" height=\"150\" src=\"https:\/\/www.passports.top\/en\/wp-content\/uploads\/sites\/2\/2019\/12\/DSC_0430-150x150.jpg\" class=\"attachment-thumbnail size-thumbnail\" alt=\"\" data-attachment-id=\"3757\" data-orig-file=\"https:\/\/www.passports.top\/en\/wp-content\/uploads\/sites\/2\/2019\/12\/DSC_0430.jpg\" data-orig-size=\"2000,1499\" data-comments-opened=\"1\" data-image-meta=\"{&quot;aperture&quot;:&quot;5&quot;,&quot;credit&quot;:&quot;&quot;,&quot;camera&quot;:&quot;NIKON D5300&quot;,&quot;caption&quot;:&quot;&quot;,&quot;created_timestamp&quot;:&quot;1573322982&quot;,&quot;copyright&quot;:&quot;&quot;,&quot;focal_length&quot;:&quot;50&quot;,&quot;iso&quot;:&quot;450&quot;,&quot;shutter_speed&quot;:&quot;0.016666666666667&quot;,&quot;title&quot;:&quot;&quot;,&quot;orientation&quot;:&quot;0&quot;,&quot;keywords&quot;:&quot;Array&quot;}\" data-image-title=\"Pont Alexandre III, Paris, Fran\u021ba\" data-image-description=\"\" data-medium-file=\"https:\/\/www.passports.top\/en\/wp-content\/uploads\/sites\/2\/2019\/12\/DSC_0430-300x225.jpg\" data-large-file=\"https:\/\/www.passports.top\/en\/wp-content\/uploads\/sites\/2\/2019\/12\/DSC_0430-1024x767.jpg\" \/><\/a>\n\t\t\t<\/div><\/figure><figure class='gallery-item'>\n\t\t\t<div class='gallery-icon landscape'>\n\t\t\t\t<a href='https:\/\/www.passports.top\/en\/dsc_0494\/'><img loading=\"lazy\" decoding=\"async\" width=\"150\" height=\"150\" src=\"https:\/\/www.passports.top\/en\/wp-content\/uploads\/sites\/2\/2019\/12\/DSC_0494-150x150.jpg\" class=\"attachment-thumbnail size-thumbnail\" alt=\"\" data-attachment-id=\"3767\" data-orig-file=\"https:\/\/www.passports.top\/en\/wp-content\/uploads\/sites\/2\/2019\/12\/DSC_0494.jpg\" data-orig-size=\"2000,1460\" data-comments-opened=\"1\" data-image-meta=\"{&quot;aperture&quot;:&quot;4&quot;,&quot;credit&quot;:&quot;&quot;,&quot;camera&quot;:&quot;NIKON D5300&quot;,&quot;caption&quot;:&quot;&quot;,&quot;created_timestamp&quot;:&quot;1573326175&quot;,&quot;copyright&quot;:&quot;&quot;,&quot;focal_length&quot;:&quot;18&quot;,&quot;iso&quot;:&quot;1600&quot;,&quot;shutter_speed&quot;:&quot;0.066666666666667&quot;,&quot;title&quot;:&quot;&quot;,&quot;orientation&quot;:&quot;0&quot;,&quot;keywords&quot;:&quot;Array&quot;}\" data-image-title=\"Paris, Fran\u021ba\" data-image-description=\"\" data-medium-file=\"https:\/\/www.passports.top\/en\/wp-content\/uploads\/sites\/2\/2019\/12\/DSC_0494-300x219.jpg\" data-large-file=\"https:\/\/www.passports.top\/en\/wp-content\/uploads\/sites\/2\/2019\/12\/DSC_0494-1024x748.jpg\" \/><\/a>\n\t\t\t<\/div><\/figure><figure class='gallery-item'>\n\t\t\t<div class='gallery-icon landscape'>\n\t\t\t\t<a href='https:\/\/www.passports.top\/en\/dsc_0499\/'><img loading=\"lazy\" decoding=\"async\" width=\"150\" height=\"150\" src=\"https:\/\/www.passports.top\/en\/wp-content\/uploads\/sites\/2\/2019\/12\/DSC_0499-150x150.jpg\" class=\"attachment-thumbnail size-thumbnail\" alt=\"\" data-attachment-id=\"3768\" data-orig-file=\"https:\/\/www.passports.top\/en\/wp-content\/uploads\/sites\/2\/2019\/12\/DSC_0499.jpg\" data-orig-size=\"2000,1611\" data-comments-opened=\"1\" data-image-meta=\"{&quot;aperture&quot;:&quot;4.2&quot;,&quot;credit&quot;:&quot;&quot;,&quot;camera&quot;:&quot;NIKON D5300&quot;,&quot;caption&quot;:&quot;&quot;,&quot;created_timestamp&quot;:&quot;1573326272&quot;,&quot;copyright&quot;:&quot;&quot;,&quot;focal_length&quot;:&quot;34&quot;,&quot;iso&quot;:&quot;1600&quot;,&quot;shutter_speed&quot;:&quot;0.125&quot;,&quot;title&quot;:&quot;&quot;,&quot;orientation&quot;:&quot;0&quot;,&quot;keywords&quot;:&quot;Array&quot;}\" data-image-title=\"Paris, Fran\u021ba\" data-image-description=\"\" data-medium-file=\"https:\/\/www.passports.top\/en\/wp-content\/uploads\/sites\/2\/2019\/12\/DSC_0499-300x242.jpg\" data-large-file=\"https:\/\/www.passports.top\/en\/wp-content\/uploads\/sites\/2\/2019\/12\/DSC_0499-1024x825.jpg\" \/><\/a>\n\t\t\t<\/div><\/figure><figure class='gallery-item'>\n\t\t\t<div class='gallery-icon landscape'>\n\t\t\t\t<a href='https:\/\/www.passports.top\/en\/dsc_0469-3\/'><img loading=\"lazy\" decoding=\"async\" width=\"150\" height=\"150\" src=\"https:\/\/www.passports.top\/en\/wp-content\/uploads\/sites\/2\/2019\/12\/DSC_0469-150x150.jpg\" class=\"attachment-thumbnail size-thumbnail\" alt=\"\" data-attachment-id=\"3763\" data-orig-file=\"https:\/\/www.passports.top\/en\/wp-content\/uploads\/sites\/2\/2019\/12\/DSC_0469.jpg\" data-orig-size=\"2000,1333\" data-comments-opened=\"1\" data-image-meta=\"{&quot;aperture&quot;:&quot;6.3&quot;,&quot;credit&quot;:&quot;&quot;,&quot;camera&quot;:&quot;NIKON D5300&quot;,&quot;caption&quot;:&quot;&quot;,&quot;created_timestamp&quot;:&quot;1573323816&quot;,&quot;copyright&quot;:&quot;&quot;,&quot;focal_length&quot;:&quot;18&quot;,&quot;iso&quot;:&quot;1100&quot;,&quot;shutter_speed&quot;:&quot;0.066666666666667&quot;,&quot;title&quot;:&quot;&quot;,&quot;orientation&quot;:&quot;0&quot;,&quot;keywords&quot;:&quot;Array&quot;}\" data-image-title=\"Les Invalides, Paris, Fran\u021ba\" data-image-description=\"\" data-medium-file=\"https:\/\/www.passports.top\/en\/wp-content\/uploads\/sites\/2\/2019\/12\/DSC_0469-300x200.jpg\" data-large-file=\"https:\/\/www.passports.top\/en\/wp-content\/uploads\/sites\/2\/2019\/12\/DSC_0469-1024x682.jpg\" \/><\/a>\n\t\t\t<\/div><\/figure><figure class='gallery-item'>\n\t\t\t<div class='gallery-icon landscape'>\n\t\t\t\t<a href='https:\/\/www.passports.top\/en\/dsc_0472-2\/'><img loading=\"lazy\" decoding=\"async\" width=\"150\" height=\"150\" src=\"https:\/\/www.passports.top\/en\/wp-content\/uploads\/sites\/2\/2019\/12\/DSC_0472-150x150.jpg\" class=\"attachment-thumbnail size-thumbnail\" alt=\"\" data-attachment-id=\"3764\" data-orig-file=\"https:\/\/www.passports.top\/en\/wp-content\/uploads\/sites\/2\/2019\/12\/DSC_0472.jpg\" data-orig-size=\"2000,1331\" data-comments-opened=\"1\" data-image-meta=\"{&quot;aperture&quot;:&quot;4.5&quot;,&quot;credit&quot;:&quot;&quot;,&quot;camera&quot;:&quot;NIKON D5300&quot;,&quot;caption&quot;:&quot;&quot;,&quot;created_timestamp&quot;:&quot;1573325615&quot;,&quot;copyright&quot;:&quot;&quot;,&quot;focal_length&quot;:&quot;32&quot;,&quot;iso&quot;:&quot;1600&quot;,&quot;shutter_speed&quot;:&quot;0.066666666666667&quot;,&quot;title&quot;:&quot;&quot;,&quot;orientation&quot;:&quot;0&quot;,&quot;keywords&quot;:&quot;Array&quot;}\" data-image-title=\"Paris, Fran\u021ba\" data-image-description=\"\" data-medium-file=\"https:\/\/www.passports.top\/en\/wp-content\/uploads\/sites\/2\/2019\/12\/DSC_0472-300x200.jpg\" data-large-file=\"https:\/\/www.passports.top\/en\/wp-content\/uploads\/sites\/2\/2019\/12\/DSC_0472-1024x681.jpg\" \/><\/a>\n\t\t\t<\/div><\/figure><figure class='gallery-item'>\n\t\t\t<div class='gallery-icon landscape'>\n\t\t\t\t<a href='https:\/\/www.passports.top\/en\/dsc_0503-2\/'><img loading=\"lazy\" decoding=\"async\" width=\"150\" height=\"150\" src=\"https:\/\/www.passports.top\/en\/wp-content\/uploads\/sites\/2\/2019\/12\/DSC_0503-150x150.jpg\" class=\"attachment-thumbnail size-thumbnail\" alt=\"\" data-attachment-id=\"3769\" data-orig-file=\"https:\/\/www.passports.top\/en\/wp-content\/uploads\/sites\/2\/2019\/12\/DSC_0503.jpg\" data-orig-size=\"2000,1406\" data-comments-opened=\"1\" data-image-meta=\"{&quot;aperture&quot;:&quot;5&quot;,&quot;credit&quot;:&quot;&quot;,&quot;camera&quot;:&quot;NIKON D5300&quot;,&quot;caption&quot;:&quot;&quot;,&quot;created_timestamp&quot;:&quot;1573326887&quot;,&quot;copyright&quot;:&quot;&quot;,&quot;focal_length&quot;:&quot;18&quot;,&quot;iso&quot;:&quot;1600&quot;,&quot;shutter_speed&quot;:&quot;0.066666666666667&quot;,&quot;title&quot;:&quot;&quot;,&quot;orientation&quot;:&quot;0&quot;,&quot;keywords&quot;:&quot;Array&quot;}\" data-image-title=\"Paris, Fran\u021ba\" data-image-description=\"\" data-medium-file=\"https:\/\/www.passports.top\/en\/wp-content\/uploads\/sites\/2\/2019\/12\/DSC_0503-300x211.jpg\" data-large-file=\"https:\/\/www.passports.top\/en\/wp-content\/uploads\/sites\/2\/2019\/12\/DSC_0503-1024x720.jpg\" \/><\/a>\n\t\t\t<\/div><\/figure><figure class='gallery-item'>\n\t\t\t<div class='gallery-icon landscape'>\n\t\t\t\t<a href='https:\/\/www.passports.top\/en\/dsc_0513\/'><img loading=\"lazy\" decoding=\"async\" width=\"150\" height=\"150\" src=\"https:\/\/www.passports.top\/en\/wp-content\/uploads\/sites\/2\/2019\/12\/DSC_0513-150x150.jpg\" class=\"attachment-thumbnail size-thumbnail\" alt=\"\" data-attachment-id=\"3770\" data-orig-file=\"https:\/\/www.passports.top\/en\/wp-content\/uploads\/sites\/2\/2019\/12\/DSC_0513.jpg\" data-orig-size=\"2000,1310\" data-comments-opened=\"1\" data-image-meta=\"{&quot;aperture&quot;:&quot;4.5&quot;,&quot;credit&quot;:&quot;&quot;,&quot;camera&quot;:&quot;NIKON D5300&quot;,&quot;caption&quot;:&quot;&quot;,&quot;created_timestamp&quot;:&quot;1573327053&quot;,&quot;copyright&quot;:&quot;&quot;,&quot;focal_length&quot;:&quot;18&quot;,&quot;iso&quot;:&quot;1600&quot;,&quot;shutter_speed&quot;:&quot;0.066666666666667&quot;,&quot;title&quot;:&quot;&quot;,&quot;orientation&quot;:&quot;0&quot;,&quot;keywords&quot;:&quot;Array&quot;}\" data-image-title=\"Libr\u0103ria Shakespeare and Company, Paris, Fran\u021ba\" data-image-description=\"\" data-medium-file=\"https:\/\/www.passports.top\/en\/wp-content\/uploads\/sites\/2\/2019\/12\/DSC_0513-300x197.jpg\" data-large-file=\"https:\/\/www.passports.top\/en\/wp-content\/uploads\/sites\/2\/2019\/12\/DSC_0513-1024x671.jpg\" \/><\/a>\n\t\t\t<\/div><\/figure><figure class='gallery-item'>\n\t\t\t<div class='gallery-icon landscape'>\n\t\t\t\t<a href='https:\/\/www.passports.top\/en\/dsc_0474-2\/'><img loading=\"lazy\" decoding=\"async\" width=\"150\" height=\"150\" src=\"https:\/\/www.passports.top\/en\/wp-content\/uploads\/sites\/2\/2019\/12\/DSC_0474-150x150.jpg\" class=\"attachment-thumbnail size-thumbnail\" alt=\"\" data-attachment-id=\"3765\" data-orig-file=\"https:\/\/www.passports.top\/en\/wp-content\/uploads\/sites\/2\/2019\/12\/DSC_0474.jpg\" data-orig-size=\"2000,1417\" data-comments-opened=\"1\" data-image-meta=\"{&quot;aperture&quot;:&quot;4&quot;,&quot;credit&quot;:&quot;&quot;,&quot;camera&quot;:&quot;NIKON D5300&quot;,&quot;caption&quot;:&quot;&quot;,&quot;created_timestamp&quot;:&quot;1573325940&quot;,&quot;copyright&quot;:&quot;&quot;,&quot;focal_length&quot;:&quot;21&quot;,&quot;iso&quot;:&quot;1600&quot;,&quot;shutter_speed&quot;:&quot;0.066666666666667&quot;,&quot;title&quot;:&quot;&quot;,&quot;orientation&quot;:&quot;0&quot;,&quot;keywords&quot;:&quot;Array&quot;}\" data-image-title=\"DSC_0474\" data-image-description=\"\" data-medium-file=\"https:\/\/www.passports.top\/en\/wp-content\/uploads\/sites\/2\/2019\/12\/DSC_0474-300x213.jpg\" data-large-file=\"https:\/\/www.passports.top\/en\/wp-content\/uploads\/sites\/2\/2019\/12\/DSC_0474-1024x726.jpg\" \/><\/a>\n\t\t\t<\/div><\/figure><figure class='gallery-item'>\n\t\t\t<div class='gallery-icon landscape'>\n\t\t\t\t<a href='https:\/\/www.passports.top\/en\/dsc_0487\/'><img loading=\"lazy\" decoding=\"async\" width=\"150\" height=\"150\" src=\"https:\/\/www.passports.top\/en\/wp-content\/uploads\/sites\/2\/2019\/12\/DSC_0487-150x150.jpg\" class=\"attachment-thumbnail size-thumbnail\" alt=\"\" data-attachment-id=\"3766\" data-orig-file=\"https:\/\/www.passports.top\/en\/wp-content\/uploads\/sites\/2\/2019\/12\/DSC_0487.jpg\" data-orig-size=\"2000,1434\" data-comments-opened=\"1\" data-image-meta=\"{&quot;aperture&quot;:&quot;3.5&quot;,&quot;credit&quot;:&quot;&quot;,&quot;camera&quot;:&quot;NIKON D5300&quot;,&quot;caption&quot;:&quot;&quot;,&quot;created_timestamp&quot;:&quot;1573326091&quot;,&quot;copyright&quot;:&quot;&quot;,&quot;focal_length&quot;:&quot;18&quot;,&quot;iso&quot;:&quot;1600&quot;,&quot;shutter_speed&quot;:&quot;0.33333333333333&quot;,&quot;title&quot;:&quot;&quot;,&quot;orientation&quot;:&quot;0&quot;,&quot;keywords&quot;:&quot;Array&quot;}\" data-image-title=\"Panth\u00e9on, Paris, Fran\u021ba\" data-image-description=\"\" data-medium-file=\"https:\/\/www.passports.top\/en\/wp-content\/uploads\/sites\/2\/2019\/12\/DSC_0487-300x215.jpg\" data-large-file=\"https:\/\/www.passports.top\/en\/wp-content\/uploads\/sites\/2\/2019\/12\/DSC_0487-1024x734.jpg\" \/><\/a>\n\t\t\t<\/div><\/figure><figure class='gallery-item'>\n\t\t\t<div class='gallery-icon landscape'>\n\t\t\t\t<a href='https:\/\/www.passports.top\/en\/dsc_0514-3\/'><img loading=\"lazy\" decoding=\"async\" width=\"150\" height=\"150\" src=\"https:\/\/www.passports.top\/en\/wp-content\/uploads\/sites\/2\/2019\/12\/DSC_0514-150x150.jpg\" class=\"attachment-thumbnail size-thumbnail\" alt=\"\" data-attachment-id=\"3771\" data-orig-file=\"https:\/\/www.passports.top\/en\/wp-content\/uploads\/sites\/2\/2019\/12\/DSC_0514.jpg\" data-orig-size=\"2000,1518\" data-comments-opened=\"1\" data-image-meta=\"{&quot;aperture&quot;:&quot;4.5&quot;,&quot;credit&quot;:&quot;&quot;,&quot;camera&quot;:&quot;NIKON D5300&quot;,&quot;caption&quot;:&quot;&quot;,&quot;created_timestamp&quot;:&quot;1573327069&quot;,&quot;copyright&quot;:&quot;&quot;,&quot;focal_length&quot;:&quot;18&quot;,&quot;iso&quot;:&quot;1600&quot;,&quot;shutter_speed&quot;:&quot;0.066666666666667&quot;,&quot;title&quot;:&quot;&quot;,&quot;orientation&quot;:&quot;0&quot;,&quot;keywords&quot;:&quot;Array&quot;}\" data-image-title=\"Libr\u0103ria Shakespeare and Company, Paris, Fran\u021ba\" data-image-description=\"\" data-medium-file=\"https:\/\/www.passports.top\/en\/wp-content\/uploads\/sites\/2\/2019\/12\/DSC_0514-300x228.jpg\" data-large-file=\"https:\/\/www.passports.top\/en\/wp-content\/uploads\/sites\/2\/2019\/12\/DSC_0514-1024x777.jpg\" \/><\/a>\n\t\t\t<\/div><\/figure><figure class='gallery-item'>\n\t\t\t<div class='gallery-icon landscape'>\n\t\t\t\t<a href='https:\/\/www.passports.top\/en\/dsc_0534-3\/'><img loading=\"lazy\" decoding=\"async\" width=\"150\" height=\"150\" src=\"https:\/\/www.passports.top\/en\/wp-content\/uploads\/sites\/2\/2019\/12\/DSC_0534-150x150.jpg\" class=\"attachment-thumbnail size-thumbnail\" alt=\"\" data-attachment-id=\"3776\" data-orig-file=\"https:\/\/www.passports.top\/en\/wp-content\/uploads\/sites\/2\/2019\/12\/DSC_0534.jpg\" data-orig-size=\"2000,1428\" data-comments-opened=\"1\" data-image-meta=\"{&quot;aperture&quot;:&quot;6.3&quot;,&quot;credit&quot;:&quot;&quot;,&quot;camera&quot;:&quot;NIKON D5300&quot;,&quot;caption&quot;:&quot;&quot;,&quot;created_timestamp&quot;:&quot;1573328435&quot;,&quot;copyright&quot;:&quot;&quot;,&quot;focal_length&quot;:&quot;18&quot;,&quot;iso&quot;:&quot;1000&quot;,&quot;shutter_speed&quot;:&quot;0.066666666666667&quot;,&quot;title&quot;:&quot;&quot;,&quot;orientation&quot;:&quot;0&quot;,&quot;keywords&quot;:&quot;Array&quot;}\" data-image-title=\"Paris, Fran\u021ba\" data-image-description=\"\" data-medium-file=\"https:\/\/www.passports.top\/en\/wp-content\/uploads\/sites\/2\/2019\/12\/DSC_0534-300x214.jpg\" data-large-file=\"https:\/\/www.passports.top\/en\/wp-content\/uploads\/sites\/2\/2019\/12\/DSC_0534-1024x731.jpg\" \/><\/a>\n\t\t\t<\/div><\/figure><figure class='gallery-item'>\n\t\t\t<div class='gallery-icon landscape'>\n\t\t\t\t<a href='https:\/\/www.passports.top\/en\/dsc_0533-2\/'><img loading=\"lazy\" decoding=\"async\" width=\"150\" height=\"150\" src=\"https:\/\/www.passports.top\/en\/wp-content\/uploads\/sites\/2\/2019\/12\/DSC_0533-150x150.jpg\" class=\"attachment-thumbnail size-thumbnail\" alt=\"\" data-attachment-id=\"3775\" data-orig-file=\"https:\/\/www.passports.top\/en\/wp-content\/uploads\/sites\/2\/2019\/12\/DSC_0533.jpg\" data-orig-size=\"2000,1307\" data-comments-opened=\"1\" data-image-meta=\"{&quot;aperture&quot;:&quot;6.3&quot;,&quot;credit&quot;:&quot;&quot;,&quot;camera&quot;:&quot;NIKON D5300&quot;,&quot;caption&quot;:&quot;&quot;,&quot;created_timestamp&quot;:&quot;1573328280&quot;,&quot;copyright&quot;:&quot;&quot;,&quot;focal_length&quot;:&quot;18&quot;,&quot;iso&quot;:&quot;1600&quot;,&quot;shutter_speed&quot;:&quot;0.066666666666667&quot;,&quot;title&quot;:&quot;&quot;,&quot;orientation&quot;:&quot;0&quot;,&quot;keywords&quot;:&quot;Array&quot;}\" data-image-title=\"Paris, Fran\u021ba\" data-image-description=\"\" data-medium-file=\"https:\/\/www.passports.top\/en\/wp-content\/uploads\/sites\/2\/2019\/12\/DSC_0533-300x196.jpg\" data-large-file=\"https:\/\/www.passports.top\/en\/wp-content\/uploads\/sites\/2\/2019\/12\/DSC_0533-1024x669.jpg\" \/><\/a>\n\t\t\t<\/div><\/figure><figure class='gallery-item'>\n\t\t\t<div class='gallery-icon landscape'>\n\t\t\t\t<a href='https:\/\/www.passports.top\/en\/dsc_0530-4\/'><img loading=\"lazy\" decoding=\"async\" width=\"150\" height=\"150\" src=\"https:\/\/www.passports.top\/en\/wp-content\/uploads\/sites\/2\/2019\/12\/DSC_0530-150x150.jpg\" class=\"attachment-thumbnail size-thumbnail\" alt=\"\" data-attachment-id=\"3774\" data-orig-file=\"https:\/\/www.passports.top\/en\/wp-content\/uploads\/sites\/2\/2019\/12\/DSC_0530.jpg\" data-orig-size=\"2000,1442\" data-comments-opened=\"1\" data-image-meta=\"{&quot;aperture&quot;:&quot;5.6&quot;,&quot;credit&quot;:&quot;&quot;,&quot;camera&quot;:&quot;NIKON D5300&quot;,&quot;caption&quot;:&quot;&quot;,&quot;created_timestamp&quot;:&quot;1573328078&quot;,&quot;copyright&quot;:&quot;&quot;,&quot;focal_length&quot;:&quot;18&quot;,&quot;iso&quot;:&quot;1600&quot;,&quot;shutter_speed&quot;:&quot;0.066666666666667&quot;,&quot;title&quot;:&quot;&quot;,&quot;orientation&quot;:&quot;0&quot;,&quot;keywords&quot;:&quot;Array&quot;}\" data-image-title=\"Paris, Fran\u021ba\" data-image-description=\"\" data-medium-file=\"https:\/\/www.passports.top\/en\/wp-content\/uploads\/sites\/2\/2019\/12\/DSC_0530-300x216.jpg\" data-large-file=\"https:\/\/www.passports.top\/en\/wp-content\/uploads\/sites\/2\/2019\/12\/DSC_0530-1024x738.jpg\" \/><\/a>\n\t\t\t<\/div><\/figure><figure class='gallery-item'>\n\t\t\t<div class='gallery-icon landscape'>\n\t\t\t\t<a href='https:\/\/www.passports.top\/en\/dsc_0527\/'><img loading=\"lazy\" decoding=\"async\" width=\"150\" height=\"150\" src=\"https:\/\/www.passports.top\/en\/wp-content\/uploads\/sites\/2\/2019\/12\/DSC_0527-150x150.jpg\" class=\"attachment-thumbnail size-thumbnail\" alt=\"\" data-attachment-id=\"3773\" data-orig-file=\"https:\/\/www.passports.top\/en\/wp-content\/uploads\/sites\/2\/2019\/12\/DSC_0527.jpg\" data-orig-size=\"2000,1713\" data-comments-opened=\"1\" data-image-meta=\"{&quot;aperture&quot;:&quot;3.5&quot;,&quot;credit&quot;:&quot;&quot;,&quot;camera&quot;:&quot;NIKON D5300&quot;,&quot;caption&quot;:&quot;&quot;,&quot;created_timestamp&quot;:&quot;1573327940&quot;,&quot;copyright&quot;:&quot;&quot;,&quot;focal_length&quot;:&quot;18&quot;,&quot;iso&quot;:&quot;1600&quot;,&quot;shutter_speed&quot;:&quot;0.16666666666667&quot;,&quot;title&quot;:&quot;&quot;,&quot;orientation&quot;:&quot;0&quot;,&quot;keywords&quot;:&quot;Array&quot;}\" data-image-title=\"Cath\u00e9drale Notre-Dame de Paris, Fran\u021ba\" data-image-description=\"\" data-medium-file=\"https:\/\/www.passports.top\/en\/wp-content\/uploads\/sites\/2\/2019\/12\/DSC_0527-300x257.jpg\" data-large-file=\"https:\/\/www.passports.top\/en\/wp-content\/uploads\/sites\/2\/2019\/12\/DSC_0527-1024x877.jpg\" \/><\/a>\n\t\t\t<\/div><\/figure><figure class='gallery-item'>\n\t\t\t<div class='gallery-icon landscape'>\n\t\t\t\t<a href='https:\/\/www.passports.top\/en\/dsc_0524-3\/'><img loading=\"lazy\" decoding=\"async\" width=\"150\" height=\"150\" src=\"https:\/\/www.passports.top\/en\/wp-content\/uploads\/sites\/2\/2019\/12\/DSC_0524-150x150.jpg\" class=\"attachment-thumbnail size-thumbnail\" alt=\"\" data-attachment-id=\"3772\" data-orig-file=\"https:\/\/www.passports.top\/en\/wp-content\/uploads\/sites\/2\/2019\/12\/DSC_0524.jpg\" data-orig-size=\"2000,1362\" data-comments-opened=\"1\" data-image-meta=\"{&quot;aperture&quot;:&quot;4&quot;,&quot;credit&quot;:&quot;&quot;,&quot;camera&quot;:&quot;NIKON D5300&quot;,&quot;caption&quot;:&quot;&quot;,&quot;created_timestamp&quot;:&quot;1573327846&quot;,&quot;copyright&quot;:&quot;&quot;,&quot;focal_length&quot;:&quot;18&quot;,&quot;iso&quot;:&quot;1600&quot;,&quot;shutter_speed&quot;:&quot;0.066666666666667&quot;,&quot;title&quot;:&quot;&quot;,&quot;orientation&quot;:&quot;0&quot;,&quot;keywords&quot;:&quot;Array&quot;}\" data-image-title=\"Libr\u0103ria Shakespeare and Company, Paris, Fran\u021ba\" data-image-description=\"\" data-medium-file=\"https:\/\/www.passports.top\/en\/wp-content\/uploads\/sites\/2\/2019\/12\/DSC_0524-300x204.jpg\" data-large-file=\"https:\/\/www.passports.top\/en\/wp-content\/uploads\/sites\/2\/2019\/12\/DSC_0524-1024x697.jpg\" \/><\/a>\n\t\t\t<\/div><\/figure><figure class='gallery-item'>\n\t\t\t<div class='gallery-icon landscape'>\n\t\t\t\t<a href='https:\/\/www.passports.top\/en\/dsc_0538-2\/'><img loading=\"lazy\" decoding=\"async\" width=\"150\" height=\"150\" src=\"https:\/\/www.passports.top\/en\/wp-content\/uploads\/sites\/2\/2019\/12\/DSC_0538-150x150.jpg\" class=\"attachment-thumbnail size-thumbnail\" alt=\"\" data-attachment-id=\"3777\" data-orig-file=\"https:\/\/www.passports.top\/en\/wp-content\/uploads\/sites\/2\/2019\/12\/DSC_0538.jpg\" data-orig-size=\"2000,1333\" data-comments-opened=\"1\" data-image-meta=\"{&quot;aperture&quot;:&quot;3.5&quot;,&quot;credit&quot;:&quot;&quot;,&quot;camera&quot;:&quot;NIKON D5300&quot;,&quot;caption&quot;:&quot;&quot;,&quot;created_timestamp&quot;:&quot;1573328471&quot;,&quot;copyright&quot;:&quot;&quot;,&quot;focal_length&quot;:&quot;18&quot;,&quot;iso&quot;:&quot;1600&quot;,&quot;shutter_speed&quot;:&quot;0.125&quot;,&quot;title&quot;:&quot;&quot;,&quot;orientation&quot;:&quot;0&quot;,&quot;keywords&quot;:&quot;Array&quot;}\" data-image-title=\"Sena v\u0103zut\u0103 seara \u00een Paris, Fran\u021ba\" data-image-description=\"\" data-medium-file=\"https:\/\/www.passports.top\/en\/wp-content\/uploads\/sites\/2\/2019\/12\/DSC_0538-300x200.jpg\" data-large-file=\"https:\/\/www.passports.top\/en\/wp-content\/uploads\/sites\/2\/2019\/12\/DSC_0538-1024x682.jpg\" \/><\/a>\n\t\t\t<\/div><\/figure><figure class='gallery-item'>\n\t\t\t<div class='gallery-icon landscape'>\n\t\t\t\t<a href='https:\/\/www.passports.top\/en\/dsc_0543-2\/'><img loading=\"lazy\" decoding=\"async\" width=\"150\" height=\"150\" src=\"https:\/\/www.passports.top\/en\/wp-content\/uploads\/sites\/2\/2019\/12\/DSC_0543-150x150.jpg\" class=\"attachment-thumbnail size-thumbnail\" alt=\"\" data-attachment-id=\"3778\" data-orig-file=\"https:\/\/www.passports.top\/en\/wp-content\/uploads\/sites\/2\/2019\/12\/DSC_0543.jpg\" data-orig-size=\"2000,1351\" data-comments-opened=\"1\" data-image-meta=\"{&quot;aperture&quot;:&quot;3.5&quot;,&quot;credit&quot;:&quot;&quot;,&quot;camera&quot;:&quot;NIKON D5300&quot;,&quot;caption&quot;:&quot;&quot;,&quot;created_timestamp&quot;:&quot;1573328692&quot;,&quot;copyright&quot;:&quot;&quot;,&quot;focal_length&quot;:&quot;18&quot;,&quot;iso&quot;:&quot;1600&quot;,&quot;shutter_speed&quot;:&quot;0.066666666666667&quot;,&quot;title&quot;:&quot;&quot;,&quot;orientation&quot;:&quot;0&quot;,&quot;keywords&quot;:&quot;Array&quot;}\" data-image-title=\"Paris, Fran\u021ba\" data-image-description=\"\" data-medium-file=\"https:\/\/www.passports.top\/en\/wp-content\/uploads\/sites\/2\/2019\/12\/DSC_0543-300x203.jpg\" data-large-file=\"https:\/\/www.passports.top\/en\/wp-content\/uploads\/sites\/2\/2019\/12\/DSC_0543-1024x692.jpg\" \/><\/a>\n\t\t\t<\/div><\/figure><figure class='gallery-item'>\n\t\t\t<div class='gallery-icon landscape'>\n\t\t\t\t<a href='https:\/\/www.passports.top\/en\/dsc_0548-2\/'><img loading=\"lazy\" decoding=\"async\" width=\"150\" height=\"150\" src=\"https:\/\/www.passports.top\/en\/wp-content\/uploads\/sites\/2\/2019\/12\/DSC_0548-150x150.jpg\" class=\"attachment-thumbnail size-thumbnail\" alt=\"\" data-attachment-id=\"3779\" data-orig-file=\"https:\/\/www.passports.top\/en\/wp-content\/uploads\/sites\/2\/2019\/12\/DSC_0548.jpg\" data-orig-size=\"2000,1461\" data-comments-opened=\"1\" data-image-meta=\"{&quot;aperture&quot;:&quot;4&quot;,&quot;credit&quot;:&quot;&quot;,&quot;camera&quot;:&quot;NIKON D5300&quot;,&quot;caption&quot;:&quot;&quot;,&quot;created_timestamp&quot;:&quot;1573328803&quot;,&quot;copyright&quot;:&quot;&quot;,&quot;focal_length&quot;:&quot;18&quot;,&quot;iso&quot;:&quot;1600&quot;,&quot;shutter_speed&quot;:&quot;0.066666666666667&quot;,&quot;title&quot;:&quot;&quot;,&quot;orientation&quot;:&quot;0&quot;,&quot;keywords&quot;:&quot;Array&quot;}\" data-image-title=\"Paris, Fran\u021ba\" data-image-description=\"\" data-medium-file=\"https:\/\/www.passports.top\/en\/wp-content\/uploads\/sites\/2\/2019\/12\/DSC_0548-300x219.jpg\" data-large-file=\"https:\/\/www.passports.top\/en\/wp-content\/uploads\/sites\/2\/2019\/12\/DSC_0548-1024x748.jpg\" \/><\/a>\n\t\t\t<\/div><\/figure><figure class='gallery-item'>\n\t\t\t<div class='gallery-icon landscape'>\n\t\t\t\t<a href='https:\/\/www.passports.top\/en\/dsc_0550-4\/'><img loading=\"lazy\" decoding=\"async\" width=\"150\" height=\"150\" src=\"https:\/\/www.passports.top\/en\/wp-content\/uploads\/sites\/2\/2019\/12\/DSC_0550-150x150.jpg\" class=\"attachment-thumbnail size-thumbnail\" alt=\"\" data-attachment-id=\"3780\" data-orig-file=\"https:\/\/www.passports.top\/en\/wp-content\/uploads\/sites\/2\/2019\/12\/DSC_0550.jpg\" data-orig-size=\"2000,1338\" data-comments-opened=\"1\" data-image-meta=\"{&quot;aperture&quot;:&quot;3.5&quot;,&quot;credit&quot;:&quot;&quot;,&quot;camera&quot;:&quot;NIKON D5300&quot;,&quot;caption&quot;:&quot;&quot;,&quot;created_timestamp&quot;:&quot;1573328813&quot;,&quot;copyright&quot;:&quot;&quot;,&quot;focal_length&quot;:&quot;18&quot;,&quot;iso&quot;:&quot;1600&quot;,&quot;shutter_speed&quot;:&quot;0.066666666666667&quot;,&quot;title&quot;:&quot;&quot;,&quot;orientation&quot;:&quot;0&quot;,&quot;keywords&quot;:&quot;Array&quot;}\" data-image-title=\"Paris, Fran\u021ba\" data-image-description=\"\" data-medium-file=\"https:\/\/www.passports.top\/en\/wp-content\/uploads\/sites\/2\/2019\/12\/DSC_0550-300x201.jpg\" data-large-file=\"https:\/\/www.passports.top\/en\/wp-content\/uploads\/sites\/2\/2019\/12\/DSC_0550-1024x685.jpg\" \/><\/a>\n\t\t\t<\/div><\/figure><figure class='gallery-item'>\n\t\t\t<div class='gallery-icon landscape'>\n\t\t\t\t<a href='https:\/\/www.passports.top\/en\/dsc_0554\/'><img loading=\"lazy\" decoding=\"async\" width=\"150\" height=\"150\" src=\"https:\/\/www.passports.top\/en\/wp-content\/uploads\/sites\/2\/2019\/12\/DSC_0554-150x150.jpg\" class=\"attachment-thumbnail size-thumbnail\" alt=\"\" data-attachment-id=\"3781\" data-orig-file=\"https:\/\/www.passports.top\/en\/wp-content\/uploads\/sites\/2\/2019\/12\/DSC_0554.jpg\" data-orig-size=\"2000,1541\" data-comments-opened=\"1\" data-image-meta=\"{&quot;aperture&quot;:&quot;5.6&quot;,&quot;credit&quot;:&quot;&quot;,&quot;camera&quot;:&quot;NIKON D5300&quot;,&quot;caption&quot;:&quot;&quot;,&quot;created_timestamp&quot;:&quot;1573329140&quot;,&quot;copyright&quot;:&quot;&quot;,&quot;focal_length&quot;:&quot;18&quot;,&quot;iso&quot;:&quot;1600&quot;,&quot;shutter_speed&quot;:&quot;0.066666666666667&quot;,&quot;title&quot;:&quot;&quot;,&quot;orientation&quot;:&quot;0&quot;,&quot;keywords&quot;:&quot;Array&quot;}\" data-image-title=\"Paris, Fran\u021ba\" data-image-description=\"\" data-medium-file=\"https:\/\/www.passports.top\/en\/wp-content\/uploads\/sites\/2\/2019\/12\/DSC_0554-300x231.jpg\" data-large-file=\"https:\/\/www.passports.top\/en\/wp-content\/uploads\/sites\/2\/2019\/12\/DSC_0554-1024x789.jpg\" \/><\/a>\n\t\t\t<\/div><\/figure>\n\t\t<\/div>\n\n","protected":false},"excerpt":{"rendered":"<div class=\"mh-excerpt\"><p>When it comes to Paris, there are plenty of reasons to visit the most romantic city in the world.<\/p>\n<\/div>","protected":false},"author":2,"featured_media":3682,"comment_status":"open","ping_status":"open","sticky":false,"template":"","format":"standard","meta":{"footnotes":""},"categories":[6],"tags":[63,64,122,124,125,126,231,232,240,242,272,339,340,379,466,467,589,595,598,607,666,689,773,784,798,881,904,906,925,934,978,979,990,991,1090,1137,1142,1247,1249,1262,1270,1271,1272,1273,1274,1275,1277,1281,1285,1288,1296,1309,1361,1366,1403,1404],"class_list":["post-7502","post","type-post","status-publish","format-standard","has-post-thumbnail","hentry","category-travel","tag-arc-de-triomphe-de-letoile","tag-arc-de-triomphe-du-carrousel","tag-best-at-travel","tag-best-travel","tag-best-travel-destinations","tag-best-travel-website","tag-cathedrale-notre-dame-de-paris","tag-ce-poti-vizita-in-paris","tag-champs-elysees","tag-charles-de-gaulle","tag-city-break","tag-domaine-national-du-palais-royal","tag-dome-des-invalides","tag-eiffel","tag-galeries-lafayette","tag-galeries-lafayette-gourmet","tag-hotel-national-des-invalides","tag-ile-de-la-cite","tag-institut-de-france","tag-jean-paul-hevin-chocolatier","tag-les-invalides","tag-louvre","tag-mormantul-soldatului-necunoscut","tag-moulin-rouge","tag-musee-de-larmee","tag-opera-garnier","tag-palais-garnier","tag-palais-royal","tag-pantheon","tag-paris","tag-place-de-trocadero","tag-place-louise-michel","tag-pont-alexandre-iii","tag-pont-neuf","tag-sacre-coeur","tag-sena","tag-shakespeare-and-company","tag-things-to-do","tag-things-to-see","tag-tourism","tag-travel","tag-travel-around-the-world","tag-travel-blog","tag-travel-blogger","tag-travel-channel","tag-travel-consultant","tag-travel-news","tag-traveler","tag-trip","tag-tuileries-garden","tag-turnul-eiffel","tag-unesco","tag-visit-france","tag-visit-paris","tag-what-to-see","tag-what-to-visit"],"aioseo_notices":[],"_links":{"self":[{"href":"https:\/\/www.passports.top\/en\/wp-json\/wp\/v2\/posts\/7502","targetHints":{"allow":["GET"]}}],"collection":[{"href":"https:\/\/www.passports.top\/en\/wp-json\/wp\/v2\/posts"}],"about":[{"href":"https:\/\/www.passports.top\/en\/wp-json\/wp\/v2\/types\/post"}],"author":[{"embeddable":true,"href":"https:\/\/www.passports.top\/en\/wp-json\/wp\/v2\/users\/2"}],"replies":[{"embeddable":true,"href":"https:\/\/www.passports.top\/en\/wp-json\/wp\/v2\/comments?post=7502"}],"version-history":[{"count":3,"href":"https:\/\/www.passports.top\/en\/wp-json\/wp\/v2\/posts\/7502\/revisions"}],"predecessor-version":[{"id":11111,"href":"https:\/\/www.passports.top\/en\/wp-json\/wp\/v2\/posts\/7502\/revisions\/11111"}],"wp:featuredmedia":[{"embeddable":true,"href":"https:\/\/www.passports.top\/en\/wp-json\/wp\/v2\/media\/3682"}],"wp:attachment":[{"href":"https:\/\/www.passports.top\/en\/wp-json\/wp\/v2\/media?parent=7502"}],"wp:term":[{"taxonomy":"category","embeddable":true,"href":"https:\/\/www.passports.top\/en\/wp-json\/wp\/v2\/categories?post=7502"},{"taxonomy":"post_tag","embeddable":true,"href":"https:\/\/www.passports.top\/en\/wp-json\/wp\/v2\/tags?post=7502"}],"curies":[{"name":"wp","href":"https:\/\/api.w.org\/{rel}","templated":true}]}}