{"id":7376,"date":"2022-10-25T16:22:09","date_gmt":"2022-10-25T14:22:09","guid":{"rendered":"https:\/\/www.passports.top\/?p=7376"},"modified":"2022-11-01T16:18:53","modified_gmt":"2022-11-01T14:18:53","slug":"black-forest","status":"publish","type":"post","link":"https:\/\/www.passports.top\/en\/black-forest\/","title":{"rendered":"Black Forest | Schwarzwald"},"content":{"rendered":"<p><span style=\"font-family: arial, helvetica, sans-serif\">\r\n\r\n<\/span><\/p>\r\n<p><span style=\"font-family: arial, helvetica, sans-serif\">When we hear about the\u00a0<strong>Black Forest<\/strong>, we all think of the geography lessons where we learned that the\u00a0<em>Danube<\/em> originates from there.\u00a0But it is more than that and few know that the\u00a0<em>Black Forest<\/em>\u00a0is one of the most beautiful places in\u00a0<em>Germany<\/em>\u00a0\u2013 one of the booming tourist destinations, which gathers every year more and more tourists attracted by the superb landscapes.<\/span><\/p>\r\n<p><span style=\"font-family: arial, helvetica, sans-serif\"><!--more--><\/span><\/p>\r\n<p><span style=\"font-family: arial, helvetica, sans-serif\"><img loading=\"lazy\" decoding=\"async\" class=\"size-full wp-image-1945 aligncenter\" src=\"https:\/\/www.passports.top\/en\/wp-content\/uploads\/sites\/2\/2018\/08\/DSC_0275.jpg\" alt=\"\" width=\"2000\" height=\"1333\" srcset=\"https:\/\/www.passports.top\/en\/wp-content\/uploads\/sites\/2\/2018\/08\/DSC_0275.jpg 2000w, https:\/\/www.passports.top\/en\/wp-content\/uploads\/sites\/2\/2018\/08\/DSC_0275-300x200.jpg 300w, https:\/\/www.passports.top\/en\/wp-content\/uploads\/sites\/2\/2018\/08\/DSC_0275-1024x682.jpg 1024w, https:\/\/www.passports.top\/en\/wp-content\/uploads\/sites\/2\/2018\/08\/DSC_0275-768x512.jpg 768w, https:\/\/www.passports.top\/en\/wp-content\/uploads\/sites\/2\/2018\/08\/DSC_0275-1536x1024.jpg 1536w\" sizes=\"auto, (max-width: 2000px) 100vw, 2000px\" \/><\/span><\/p>\r\n<p><span style=\"font-family: arial, helvetica, sans-serif\">\r\n\r\n<\/span><\/p>\r\n<p><span style=\"font-family: arial, helvetica, sans-serif\">Located in western\u00a0<em>Germany<\/em>, in the Land\u00a0<em>of Baden-W\u00fcrttemberg<\/em>, the\u00a0<strong>Black Forest<\/strong>\u00a0is a region that includes a spectacular mountain range, rivers, lakes, mountain and spa resorts, waterfalls and much more.<\/span><\/p>\r\n<p><span style=\"font-family: arial, helvetica, sans-serif\">\r\n\r\n<\/span><\/p>\r\n<p><iframe loading=\"lazy\" title=\"Flying over Schwarzwald | The Black Forest - Germany - 4K UHD\" width=\"500\" height=\"281\" src=\"https:\/\/www.youtube.com\/embed\/thde7y3RVGI?feature=oembed\" frameborder=\"0\" allow=\"accelerometer; autoplay; clipboard-write; encrypted-media; gyroscope; picture-in-picture; web-share\" referrerpolicy=\"strict-origin-when-cross-origin\" allowfullscreen><\/iframe><\/p>\r\n<p><span style=\"font-family: arial, helvetica, sans-serif\">Apart from nature, the\u00a0<strong>Black Forest<\/strong>\u00a0is also recognized in the world for its three symbols:<\/span><\/p>\r\n<p><span style=\"font-family: arial, helvetica, sans-serif\"><span class=\"\">1. <\/span><strong><span class=\"\">Schwarzwalder Kirchtorte<\/span><\/strong><span class=\"\">\u00a0\u2013 a delicious cocoa sponge cake, syruped with <\/span><em><span class=\"\">Kirschwasser<\/span><\/em><span class=\"\">\u00a0\u2013 alcoholic drink with 40% alc., black cherries collected right from the region and natural whipped cream.<\/span><\/span><\/p>\r\n<p><span style=\"font-family: arial, helvetica, sans-serif\"><img loading=\"lazy\" decoding=\"async\" class=\"size-full wp-image-1875 aligncenter\" src=\"https:\/\/www.passports.top\/en\/wp-content\/uploads\/sites\/2\/2018\/08\/20180804_150134.jpg\" alt=\"\" width=\"2000\" height=\"1357\" srcset=\"https:\/\/www.passports.top\/en\/wp-content\/uploads\/sites\/2\/2018\/08\/20180804_150134.jpg 2000w, https:\/\/www.passports.top\/en\/wp-content\/uploads\/sites\/2\/2018\/08\/20180804_150134-300x204.jpg 300w, https:\/\/www.passports.top\/en\/wp-content\/uploads\/sites\/2\/2018\/08\/20180804_150134-1024x695.jpg 1024w, https:\/\/www.passports.top\/en\/wp-content\/uploads\/sites\/2\/2018\/08\/20180804_150134-768x521.jpg 768w, https:\/\/www.passports.top\/en\/wp-content\/uploads\/sites\/2\/2018\/08\/20180804_150134-1536x1042.jpg 1536w\" sizes=\"auto, (max-width: 2000px) 100vw, 2000px\" \/><\/span><\/p>\r\n<p><span style=\"font-family: arial, helvetica, sans-serif\">\r\n\r\n<\/span><\/p>\r\n<p><span style=\"font-family: arial, helvetica, sans-serif\">2.\u00a0<strong>Bollenhut<\/strong>\u00a0hats \u2013 worn around 1750 by Protestant women as part of folk costume.\u00a0The large red tassels and white brim of the hats are said to have inspired the top layer of the\u00a0<em>Black Forest<\/em> cake.<\/span><\/p>\r\n<p><span style=\"font-family: arial, helvetica, sans-serif\">3.\u00a0<strong>Cuckoo clocks<\/strong> (<strong>Kuckucksuhr<\/strong>).\u00a0The first carved wooden clocks were produced in the 17th century and sold to customers all over\u00a0<em>Europe<\/em>\u00a0.\u00a0Thus, the villagers who lived in the\u00a0<em>Black Forest<\/em>\u00a0region could supplement their income during the winter.<\/span><\/p>\r\n<p><span style=\"font-family: arial, helvetica, sans-serif\"><img loading=\"lazy\" decoding=\"async\" class=\"size-full wp-image-1885 aligncenter\" src=\"https:\/\/www.passports.top\/en\/wp-content\/uploads\/sites\/2\/2018\/08\/DSC_0026.jpg\" alt=\"\" width=\"2000\" height=\"1333\" srcset=\"https:\/\/www.passports.top\/en\/wp-content\/uploads\/sites\/2\/2018\/08\/DSC_0026.jpg 2000w, https:\/\/www.passports.top\/en\/wp-content\/uploads\/sites\/2\/2018\/08\/DSC_0026-300x200.jpg 300w, https:\/\/www.passports.top\/en\/wp-content\/uploads\/sites\/2\/2018\/08\/DSC_0026-1024x682.jpg 1024w, https:\/\/www.passports.top\/en\/wp-content\/uploads\/sites\/2\/2018\/08\/DSC_0026-768x512.jpg 768w, https:\/\/www.passports.top\/en\/wp-content\/uploads\/sites\/2\/2018\/08\/DSC_0026-1536x1024.jpg 1536w\" sizes=\"auto, (max-width: 2000px) 100vw, 2000px\" \/><\/span><\/p>\r\n<p><span style=\"font-family: arial, helvetica, sans-serif\">\r\n\r\n<\/span><\/p>\r\n<p><span style=\"font-family: arial, helvetica, sans-serif\">The world&#8217;s largest cuckoo clock (according to the\u00a0<em>Guinness Book<\/em>) \u2013\u00a0<strong>Weltgr\u00f6\u00dfte Kuckucksuhr<\/strong>\u00a0\u2013 is located at the foot of the\u00a0<em>Black Forest<\/em>\u00a0mountains (in\u00a0<em>Schonach im Schwarzwald<\/em>), its mechanism weighing 6 tons.\u00a0<span class=\"goog-text-highlight\">The interior of the clock building can be visited and houses the working mechanism \u2013 all the parts that go into making a cuckoo clock, only they are oversized (60 times larger than regular ones).<\/span><\/span><\/p>\r\n<p><span style=\"font-family: arial, helvetica, sans-serif\"><img loading=\"lazy\" decoding=\"async\" class=\"size-full wp-image-1884 aligncenter\" src=\"https:\/\/www.passports.top\/en\/wp-content\/uploads\/sites\/2\/2018\/08\/DSC_0022-1.jpg\" alt=\"\" width=\"2000\" height=\"1333\" srcset=\"https:\/\/www.passports.top\/en\/wp-content\/uploads\/sites\/2\/2018\/08\/DSC_0022-1.jpg 2000w, https:\/\/www.passports.top\/en\/wp-content\/uploads\/sites\/2\/2018\/08\/DSC_0022-1-300x200.jpg 300w, https:\/\/www.passports.top\/en\/wp-content\/uploads\/sites\/2\/2018\/08\/DSC_0022-1-1024x682.jpg 1024w, https:\/\/www.passports.top\/en\/wp-content\/uploads\/sites\/2\/2018\/08\/DSC_0022-1-768x512.jpg 768w, https:\/\/www.passports.top\/en\/wp-content\/uploads\/sites\/2\/2018\/08\/DSC_0022-1-1536x1024.jpg 1536w\" sizes=\"auto, (max-width: 2000px) 100vw, 2000px\" \/><\/span><\/p>\r\n<p><span style=\"font-family: arial, helvetica, sans-serif\">\r\n\r\n<\/span><\/p>\r\n<p><span style=\"font-family: arial, helvetica, sans-serif\"><strong><span class=\"goog-text-highlight\">The Black Forest<\/span><\/strong><span class=\"goog-text-highlight\"> is also famous for the legends that circulate in the area and that have inspired children&#8217;s stories with the famous witch<\/span><span class=\"goog-text-highlight\">\u00a0or even sci-fi and horror films.<\/span><\/span><\/p>\r\n<p><span style=\"font-family: arial, helvetica, sans-serif\"><img loading=\"lazy\" decoding=\"async\" class=\"size-full wp-image-1877 aligncenter\" src=\"https:\/\/www.passports.top\/en\/wp-content\/uploads\/sites\/2\/2018\/08\/20180804_173039.jpg\" alt=\"\" width=\"2000\" height=\"1163\" srcset=\"https:\/\/www.passports.top\/en\/wp-content\/uploads\/sites\/2\/2018\/08\/20180804_173039.jpg 2000w, https:\/\/www.passports.top\/en\/wp-content\/uploads\/sites\/2\/2018\/08\/20180804_173039-300x174.jpg 300w, https:\/\/www.passports.top\/en\/wp-content\/uploads\/sites\/2\/2018\/08\/20180804_173039-1024x595.jpg 1024w, https:\/\/www.passports.top\/en\/wp-content\/uploads\/sites\/2\/2018\/08\/20180804_173039-768x447.jpg 768w, https:\/\/www.passports.top\/en\/wp-content\/uploads\/sites\/2\/2018\/08\/20180804_173039-1536x893.jpg 1536w\" sizes=\"auto, (max-width: 2000px) 100vw, 2000px\" \/><\/span><\/p>\r\n<p><span style=\"font-family: arial, helvetica, sans-serif\">\r\n\r\n<\/span><\/p>\r\n<p><span style=\"font-family: arial, helvetica, sans-serif\"><span class=\"goog-text-highlight\">Whether it&#8217;s the witches who live deep in the forests, most of which have positive significance in this region \u2013 they are said to look after the vineyards and farms of the villagers (a tradition of the area is that if you visit someone for the first time, to you take a witch to take care of the house) or that it is water monsters or nymphs that lure people and drag them into the depths of the lakes, all these are another reason that make the\u00a0<\/span><em><span class=\"goog-text-highlight\">Black Forest<\/span><\/em><span class=\"goog-text-highlight\">\u00a0a mystical and fairytale place.<\/span><\/span><\/p>\r\n<p><iframe loading=\"lazy\" title=\"Visiting Triberg - Black Forest | Schwarzwald - Germany - 4K UHD\" width=\"500\" height=\"281\" src=\"https:\/\/www.youtube.com\/embed\/bbzinRKmcv8?feature=oembed\" frameborder=\"0\" allow=\"accelerometer; autoplay; clipboard-write; encrypted-media; gyroscope; picture-in-picture; web-share\" referrerpolicy=\"strict-origin-when-cross-origin\" allowfullscreen><\/iframe><\/p>\r\n<p><span style=\"font-family: arial, helvetica, sans-serif\">\r\n\r\n<\/span><\/p>\r\n<p><span style=\"font-family: arial, helvetica, sans-serif\"><em>The Danube<\/em>\u00a0is the second largest river in\u00a0<em>Europe<\/em>\u00a0(after the\u00a0<em>Volga<\/em>) and crosses 10 countries and 4 capitals.\u00a0It is the only European river that flows from west to east over a length of 2860 km and flows into\u00a0<em>the Black Sea<\/em>.\u00a0In the\u00a0<em>Black Forest<\/em> there are 3 different places, each marked as the &#8220;<em>source of the Danube<\/em>&#8221; (<strong>Donauquelle<\/strong>).\u00a0The geographic and hydrological source of the river is located where the\u00a0<em>Breg<\/em> River begins to form.<\/span><\/p>\r\n<p><span style=\"font-family: arial, helvetica, sans-serif\"><img loading=\"lazy\" decoding=\"async\" class=\"size-full wp-image-1906 aligncenter\" src=\"https:\/\/www.passports.top\/en\/wp-content\/uploads\/sites\/2\/2018\/08\/DSC_0119.jpg\" alt=\"\" width=\"2000\" height=\"1393\" srcset=\"https:\/\/www.passports.top\/en\/wp-content\/uploads\/sites\/2\/2018\/08\/DSC_0119.jpg 2000w, https:\/\/www.passports.top\/en\/wp-content\/uploads\/sites\/2\/2018\/08\/DSC_0119-300x209.jpg 300w, https:\/\/www.passports.top\/en\/wp-content\/uploads\/sites\/2\/2018\/08\/DSC_0119-1024x713.jpg 1024w, https:\/\/www.passports.top\/en\/wp-content\/uploads\/sites\/2\/2018\/08\/DSC_0119-768x535.jpg 768w, https:\/\/www.passports.top\/en\/wp-content\/uploads\/sites\/2\/2018\/08\/DSC_0119-1536x1070.jpg 1536w\" sizes=\"auto, (max-width: 2000px) 100vw, 2000px\" \/><\/span><\/p>\r\n<p><span style=\"font-family: arial, helvetica, sans-serif\">\r\n\r\n<\/span><\/p>\r\n<p><span style=\"font-family: arial, helvetica, sans-serif\">On maps,\u00a0<em>the Danube<\/em>\u00a0appears at the confluence of the\u00a0<em>Breg<\/em>\u00a0and\u00a0<em>Brigach<\/em> rivers, in the town of\u00a0<strong>Donaueschingen<\/strong>.<\/span><\/p>\r\n<p><span style=\"font-family: arial, helvetica, sans-serif\">And from a touristic and historical point of view, the spring of the\u00a0<em>Danube<\/em> is located in a round basin in <strong>Donaueschingen<\/strong>\u00a0where the water of a karst spring is discharged through an underground channel into the river\u00a0<em>Brigach<\/em>.\u00a0It has been recognized as the source of the\u00a0<em>Danube<\/em>\u00a0since the time\u00a0<em>of the Ottoman Empire<\/em>\u00a0and is marked by a small water fountain surrounded by the signs of the zodiac and a statue representing two women:\u00a0<strong>Mutter Baar<\/strong> (<em>Mother<\/em>\u00a0<em>Baar<\/em> \u2013 the local name of the upper\u00a0<em>Danube)<\/em> showing them to his daughter, <em>Danube<\/em>, the path she must follow.<\/span><\/p>\r\n<p><span style=\"font-family: arial, helvetica, sans-serif\"><img loading=\"lazy\" decoding=\"async\" class=\"size-full wp-image-1950 aligncenter\" src=\"https:\/\/www.passports.top\/en\/wp-content\/uploads\/sites\/2\/2018\/08\/DSC_0306.jpg\" alt=\"\" width=\"2000\" height=\"1539\" srcset=\"https:\/\/www.passports.top\/en\/wp-content\/uploads\/sites\/2\/2018\/08\/DSC_0306.jpg 2000w, https:\/\/www.passports.top\/en\/wp-content\/uploads\/sites\/2\/2018\/08\/DSC_0306-300x231.jpg 300w, https:\/\/www.passports.top\/en\/wp-content\/uploads\/sites\/2\/2018\/08\/DSC_0306-1024x788.jpg 1024w, https:\/\/www.passports.top\/en\/wp-content\/uploads\/sites\/2\/2018\/08\/DSC_0306-768x591.jpg 768w, https:\/\/www.passports.top\/en\/wp-content\/uploads\/sites\/2\/2018\/08\/DSC_0306-1536x1182.jpg 1536w\" sizes=\"auto, (max-width: 2000px) 100vw, 2000px\" \/><\/span><\/p>\r\n<p><span style=\"font-family: arial, helvetica, sans-serif\">\r\n\r\n<\/span><\/p>\r\n<p><span style=\"font-family: arial, helvetica, sans-serif\"><span class=\"\">Once you arrived in the <\/span><em><span class=\"\">Black Forest<\/span><\/em><span class=\"\">, you must not miss the small town of\u00a0<\/span><strong><span class=\"\">Triberg<\/span><\/strong><span class=\"\">, where the highest waterfall in\u00a0<\/span><em><span class=\"\">Germany<\/span><\/em><span class=\"\">\u00a0is located (163 meters).\u00a0<\/span>During\u00a0<em>Christmas<\/em>, the waterfall is illuminated by 500,000 light bulbs.<\/span><\/p>\r\n<p><span style=\"font-family: arial, helvetica, sans-serif\"><img loading=\"lazy\" decoding=\"async\" class=\"size-full wp-image-1901 aligncenter\" src=\"https:\/\/www.passports.top\/en\/wp-content\/uploads\/sites\/2\/2018\/08\/DSC_0085-1.jpg\" alt=\"\" width=\"2000\" height=\"1333\" srcset=\"https:\/\/www.passports.top\/en\/wp-content\/uploads\/sites\/2\/2018\/08\/DSC_0085-1.jpg 2000w, https:\/\/www.passports.top\/en\/wp-content\/uploads\/sites\/2\/2018\/08\/DSC_0085-1-300x200.jpg 300w, https:\/\/www.passports.top\/en\/wp-content\/uploads\/sites\/2\/2018\/08\/DSC_0085-1-1024x682.jpg 1024w, https:\/\/www.passports.top\/en\/wp-content\/uploads\/sites\/2\/2018\/08\/DSC_0085-1-768x512.jpg 768w, https:\/\/www.passports.top\/en\/wp-content\/uploads\/sites\/2\/2018\/08\/DSC_0085-1-1536x1024.jpg 1536w\" sizes=\"auto, (max-width: 2000px) 100vw, 2000px\" \/><\/span><\/p>\r\n<p><span style=\"font-family: arial, helvetica, sans-serif\">\r\n\r\n\r\n\r\n<\/span><\/p>\r\n<p><span style=\"font-family: arial, helvetica, sans-serif\"><span class=\"goog-text-highlight\">In the city center there are shops with souvenirs, cuckoo clocks (<\/span><strong><span class=\"goog-text-highlight\">House of 1000 clocks<\/span><\/strong><span class=\"goog-text-highlight\">) and wooden sculptures, restaurants and terraces.<\/span><\/span><\/p>\r\n<p><span style=\"font-family: arial, helvetica, sans-serif\"><img loading=\"lazy\" decoding=\"async\" class=\"size-full wp-image-1874 aligncenter\" src=\"https:\/\/www.passports.top\/en\/wp-content\/uploads\/sites\/2\/2018\/08\/20180804_133649.jpg\" alt=\"\" width=\"2000\" height=\"1125\" srcset=\"https:\/\/www.passports.top\/en\/wp-content\/uploads\/sites\/2\/2018\/08\/20180804_133649.jpg 2000w, https:\/\/www.passports.top\/en\/wp-content\/uploads\/sites\/2\/2018\/08\/20180804_133649-300x169.jpg 300w, https:\/\/www.passports.top\/en\/wp-content\/uploads\/sites\/2\/2018\/08\/20180804_133649-1024x576.jpg 1024w, https:\/\/www.passports.top\/en\/wp-content\/uploads\/sites\/2\/2018\/08\/20180804_133649-768x432.jpg 768w, https:\/\/www.passports.top\/en\/wp-content\/uploads\/sites\/2\/2018\/08\/20180804_133649-1536x864.jpg 1536w, https:\/\/www.passports.top\/en\/wp-content\/uploads\/sites\/2\/2018\/08\/20180804_133649-905x509.jpg 905w\" sizes=\"auto, (max-width: 2000px) 100vw, 2000px\" \/><\/span><\/p>\r\n<p><span style=\"font-family: arial, helvetica, sans-serif\">\r\n\r\n<\/span><\/p>\r\n<p><span style=\"font-family: arial, helvetica, sans-serif\"><span class=\"goog-text-highlight\">About 20 minutes by car is the\u00a0<\/span><strong><span class=\"goog-text-highlight\">Sommerrodelbahn Gutach<\/span><\/strong><span class=\"goog-text-highlight\">\/<\/span><strong><span class=\"goog-text-highlight\">Schwarzwaldbahn<\/span><\/strong><span class=\"goog-text-highlight\">\u00a0(also called the\u00a0<\/span><em><span class=\"goog-text-highlight\">Black Forest<\/span><\/em><span class=\"goog-text-highlight\"> bob) \u2013 a kind of toboggan with a length of 1.15 kilometers.\u00a0<\/span>A lift system pulls you up a distance of 300 meters, and then the fast and fun descent begins at a speed of about 40km\/h.<\/span><\/p>\r\n<p><span style=\"font-family: arial, helvetica, sans-serif\"><img loading=\"lazy\" decoding=\"async\" class=\"size-full wp-image-1878 aligncenter\" src=\"https:\/\/www.passports.top\/en\/wp-content\/uploads\/sites\/2\/2018\/08\/DSC_0001.jpg\" alt=\"\" width=\"2000\" height=\"1333\" srcset=\"https:\/\/www.passports.top\/en\/wp-content\/uploads\/sites\/2\/2018\/08\/DSC_0001.jpg 2000w, https:\/\/www.passports.top\/en\/wp-content\/uploads\/sites\/2\/2018\/08\/DSC_0001-300x200.jpg 300w, https:\/\/www.passports.top\/en\/wp-content\/uploads\/sites\/2\/2018\/08\/DSC_0001-1024x682.jpg 1024w, https:\/\/www.passports.top\/en\/wp-content\/uploads\/sites\/2\/2018\/08\/DSC_0001-768x512.jpg 768w, https:\/\/www.passports.top\/en\/wp-content\/uploads\/sites\/2\/2018\/08\/DSC_0001-1536x1024.jpg 1536w\" sizes=\"auto, (max-width: 2000px) 100vw, 2000px\" \/><\/span><\/p>\r\n<p><span style=\"font-family: arial, helvetica, sans-serif\">\r\n\r\n<\/span><\/p>\r\n<p><span style=\"font-family: arial, helvetica, sans-serif\">Price: \u20ac3\/adult\/route, \u20ac14\/adult\/6routes, \u20ac2.5\/child\/route, \u20ac11\/child\/6routes. Other details can be found on\u00a0<a href=\"https:\/\/www.sommerrodelbahn-gutach.de\/\" data-darkreader-inline-color=\"\">the official website<\/a>\u00a0.<\/span><\/p>\r\n<p><span style=\"font-family: arial, helvetica, sans-serif\">Another tourist attraction is the\u00a0<strong>Titisee<\/strong>\u00a0resort , which houses the lake of the same name.\u00a0Surrounded by wooded mountains, <em>Titisee<\/em>\u00a0is an idyllic place to relax in an enchanting setting.<\/span><\/p>\r\n<p><span style=\"font-family: arial, helvetica, sans-serif\"><img loading=\"lazy\" decoding=\"async\" class=\"size-full wp-image-1910 aligncenter\" src=\"https:\/\/www.passports.top\/en\/wp-content\/uploads\/sites\/2\/2018\/08\/DSC_0128-1.jpg\" alt=\"\" width=\"2000\" height=\"1333\" srcset=\"https:\/\/www.passports.top\/en\/wp-content\/uploads\/sites\/2\/2018\/08\/DSC_0128-1.jpg 2000w, https:\/\/www.passports.top\/en\/wp-content\/uploads\/sites\/2\/2018\/08\/DSC_0128-1-300x200.jpg 300w, https:\/\/www.passports.top\/en\/wp-content\/uploads\/sites\/2\/2018\/08\/DSC_0128-1-1024x682.jpg 1024w, https:\/\/www.passports.top\/en\/wp-content\/uploads\/sites\/2\/2018\/08\/DSC_0128-1-768x512.jpg 768w, https:\/\/www.passports.top\/en\/wp-content\/uploads\/sites\/2\/2018\/08\/DSC_0128-1-1536x1024.jpg 1536w\" sizes=\"auto, (max-width: 2000px) 100vw, 2000px\" \/><\/span><\/p>\r\n<p><span style=\"font-family: arial, helvetica, sans-serif\">Whether you choose to take a steamboat ride, sample the area&#8217;s specialties at one of the lakeside terraces, or just soak up the sun, you can&#8217;t go wrong visiting this wonderful place.<\/span><\/p>\r\n<p><span style=\"font-family: arial, helvetica, sans-serif\"><img loading=\"lazy\" decoding=\"async\" class=\"size-full wp-image-1911 aligncenter\" src=\"https:\/\/www.passports.top\/en\/wp-content\/uploads\/sites\/2\/2018\/08\/DSC_0131.jpg\" alt=\"\" width=\"2000\" height=\"1333\" srcset=\"https:\/\/www.passports.top\/en\/wp-content\/uploads\/sites\/2\/2018\/08\/DSC_0131.jpg 2000w, https:\/\/www.passports.top\/en\/wp-content\/uploads\/sites\/2\/2018\/08\/DSC_0131-300x200.jpg 300w, https:\/\/www.passports.top\/en\/wp-content\/uploads\/sites\/2\/2018\/08\/DSC_0131-1024x682.jpg 1024w, https:\/\/www.passports.top\/en\/wp-content\/uploads\/sites\/2\/2018\/08\/DSC_0131-768x512.jpg 768w, https:\/\/www.passports.top\/en\/wp-content\/uploads\/sites\/2\/2018\/08\/DSC_0131-1536x1024.jpg 1536w\" sizes=\"auto, (max-width: 2000px) 100vw, 2000px\" \/><\/span><\/p>\r\n<p><span style=\"font-family: arial, helvetica, sans-serif\">\r\n\r\n<\/span><\/p>\r\n<p><span style=\"font-family: arial, helvetica, sans-serif\"><strong><span class=\"goog-text-highlight\">Freiburg\u00a0<\/span><\/strong><strong><span class=\"goog-text-highlight\">im Breisgau<\/span><\/strong><span class=\"goog-text-highlight\">\u00a0is a small and picturesque town at the foot of the\u00a0<\/span><em><span class=\"goog-text-highlight\">Black Forest<\/span><\/em><span class=\"goog-text-highlight\"> mountains.\u00a0<\/span>According to weather statistics,\u00a0<em>Freiburg<\/em>\u00a0is the sunniest and warmest city in\u00a0<em>Germany<\/em>, holding the German temperature record of 40.2\u00b0C from 2003 to 2015.<\/span><\/p>\r\n<p><span style=\"font-family: arial, helvetica, sans-serif\"><img loading=\"lazy\" decoding=\"async\" class=\"size-full wp-image-1925 aligncenter\" src=\"https:\/\/www.passports.top\/en\/wp-content\/uploads\/sites\/2\/2018\/08\/DSC_0201-1.jpg\" alt=\"\" width=\"2000\" height=\"1359\" srcset=\"https:\/\/www.passports.top\/en\/wp-content\/uploads\/sites\/2\/2018\/08\/DSC_0201-1.jpg 2000w, https:\/\/www.passports.top\/en\/wp-content\/uploads\/sites\/2\/2018\/08\/DSC_0201-1-300x204.jpg 300w, https:\/\/www.passports.top\/en\/wp-content\/uploads\/sites\/2\/2018\/08\/DSC_0201-1-1024x696.jpg 1024w, https:\/\/www.passports.top\/en\/wp-content\/uploads\/sites\/2\/2018\/08\/DSC_0201-1-768x522.jpg 768w, https:\/\/www.passports.top\/en\/wp-content\/uploads\/sites\/2\/2018\/08\/DSC_0201-1-1536x1044.jpg 1536w\" sizes=\"auto, (max-width: 2000px) 100vw, 2000px\" \/><\/span><\/p>\r\n<p><span style=\"font-family: arial, helvetica, sans-serif\"><span class=\"goog-text-highlight\">Due to its scenic beauty, relatively warm and sunny climate and easy access to the\u00a0<\/span><em><span class=\"goog-text-highlight\">Black Forest<\/span><\/em><span class=\"goog-text-highlight\">,\u00a0<\/span><em><span class=\"goog-text-highlight\">Freiburg<\/span><\/em><span class=\"goog-text-highlight\">\u00a0is the center of regional tourism.<\/span><\/span><\/p>\r\n<p><span style=\"font-family: arial, helvetica, sans-serif\"><img loading=\"lazy\" decoding=\"async\" class=\"size-full wp-image-1940 aligncenter\" src=\"https:\/\/www.passports.top\/en\/wp-content\/uploads\/sites\/2\/2018\/08\/DSC_0244.jpg\" alt=\"\" width=\"2000\" height=\"1333\" srcset=\"https:\/\/www.passports.top\/en\/wp-content\/uploads\/sites\/2\/2018\/08\/DSC_0244.jpg 2000w, https:\/\/www.passports.top\/en\/wp-content\/uploads\/sites\/2\/2018\/08\/DSC_0244-300x200.jpg 300w, https:\/\/www.passports.top\/en\/wp-content\/uploads\/sites\/2\/2018\/08\/DSC_0244-1024x682.jpg 1024w, https:\/\/www.passports.top\/en\/wp-content\/uploads\/sites\/2\/2018\/08\/DSC_0244-768x512.jpg 768w, https:\/\/www.passports.top\/en\/wp-content\/uploads\/sites\/2\/2018\/08\/DSC_0244-1536x1024.jpg 1536w\" sizes=\"auto, (max-width: 2000px) 100vw, 2000px\" \/><\/span><\/p>\r\n<p><span style=\"font-family: arial, helvetica, sans-serif\">\r\n\r\n<\/span><\/p>\r\n<p><span style=\"font-family: arial, helvetica, sans-serif\"><strong>Augustinerplatz<\/strong>\u00a0is one of the central squares of the old town.\u00a0The former site of the Augustinian monastery, which became a museum in 1921, is now a popular social space for the city&#8217;s younger residents.\u00a0It has a number of restaurants and bars, including the &#8220;<em>Beerling<\/em>&#8220;, home to a brewery.\u00a0<span class=\"goog-text-highlight\">On warm summer nights, hundreds of students gather here,\u00a0<\/span><em><span class=\"goog-text-highlight\">Freiburg<\/span><\/em><span class=\"goog-text-highlight\">\u00a0being an old university center.<\/span><\/span><\/p>\r\n<p><span style=\"font-family: arial, helvetica, sans-serif\"><img loading=\"lazy\" decoding=\"async\" class=\"size-full wp-image-1926 aligncenter\" src=\"https:\/\/www.passports.top\/en\/wp-content\/uploads\/sites\/2\/2018\/08\/DSC_0203.jpg\" alt=\"\" width=\"2000\" height=\"1333\" srcset=\"https:\/\/www.passports.top\/en\/wp-content\/uploads\/sites\/2\/2018\/08\/DSC_0203.jpg 2000w, https:\/\/www.passports.top\/en\/wp-content\/uploads\/sites\/2\/2018\/08\/DSC_0203-300x200.jpg 300w, https:\/\/www.passports.top\/en\/wp-content\/uploads\/sites\/2\/2018\/08\/DSC_0203-1024x682.jpg 1024w, https:\/\/www.passports.top\/en\/wp-content\/uploads\/sites\/2\/2018\/08\/DSC_0203-768x512.jpg 768w, https:\/\/www.passports.top\/en\/wp-content\/uploads\/sites\/2\/2018\/08\/DSC_0203-1536x1024.jpg 1536w\" sizes=\"auto, (max-width: 2000px) 100vw, 2000px\" \/><\/span><\/p>\r\n<p><span style=\"font-family: arial, helvetica, sans-serif\">\r\n\r\n<\/span><\/p>\r\n<p><span style=\"font-family: arial, helvetica, sans-serif\">In the center of the old town is the\u00a0<strong>M\u00fcnsterplatz<\/strong>\u00a0or\u00a0<strong>Cathedral Square \u2013\u00a0<\/strong><em>Freiburg<\/em>&#8216;s largest square.\u00a0<span class=\"goog-text-highlight\">Here is the <\/span><strong><span class=\"goog-text-highlight\">Freiburger\u00a0<\/span><\/strong><strong><span class=\"goog-text-highlight\">M\u00fcnster<\/span><\/strong><span class=\"goog-text-highlight\">\u00a0\u2013 a cathedral built between 1200 and 1530 in the Gothic style and remarkable for its high tower (116 meters).<\/span><\/span><\/p>\r\n<p><span style=\"font-family: arial, helvetica, sans-serif\"><img loading=\"lazy\" decoding=\"async\" class=\"size-full wp-image-1922 aligncenter\" src=\"https:\/\/www.passports.top\/en\/wp-content\/uploads\/sites\/2\/2018\/08\/DSC_0190.jpg\" alt=\"\" width=\"1333\" height=\"2000\" srcset=\"https:\/\/www.passports.top\/en\/wp-content\/uploads\/sites\/2\/2018\/08\/DSC_0190.jpg 1333w, https:\/\/www.passports.top\/en\/wp-content\/uploads\/sites\/2\/2018\/08\/DSC_0190-200x300.jpg 200w, https:\/\/www.passports.top\/en\/wp-content\/uploads\/sites\/2\/2018\/08\/DSC_0190-682x1024.jpg 682w, https:\/\/www.passports.top\/en\/wp-content\/uploads\/sites\/2\/2018\/08\/DSC_0190-768x1152.jpg 768w, https:\/\/www.passports.top\/en\/wp-content\/uploads\/sites\/2\/2018\/08\/DSC_0190-1024x1536.jpg 1024w\" sizes=\"auto, (max-width: 1333px) 100vw, 1333px\" \/><\/span><\/p>\r\n<p><span style=\"font-family: arial, helvetica, sans-serif\">\r\n\r\n<\/span><\/p>\r\n<p><span style=\"font-family: arial, helvetica, sans-serif\"><strong><span class=\"goog-text-highlight\">The Historisches Kaufhaus<\/span><\/strong><span class=\"goog-text-highlight\">\u00a0is a late Gothic building built between 1520 and 1530. The building was once the center of the region&#8217;s financial life, its facade decorated with coats of arms and statues of four Habsburg emperors.<\/span><\/span><\/p>\r\n<p><span style=\"font-family: arial, helvetica, sans-serif\"><img loading=\"lazy\" decoding=\"async\" class=\"size-full wp-image-1923 aligncenter\" src=\"https:\/\/www.passports.top\/en\/wp-content\/uploads\/sites\/2\/2018\/08\/DSC_0195.jpg\" alt=\"\" width=\"2000\" height=\"1333\" srcset=\"https:\/\/www.passports.top\/en\/wp-content\/uploads\/sites\/2\/2018\/08\/DSC_0195.jpg 2000w, https:\/\/www.passports.top\/en\/wp-content\/uploads\/sites\/2\/2018\/08\/DSC_0195-300x200.jpg 300w, https:\/\/www.passports.top\/en\/wp-content\/uploads\/sites\/2\/2018\/08\/DSC_0195-1024x682.jpg 1024w, https:\/\/www.passports.top\/en\/wp-content\/uploads\/sites\/2\/2018\/08\/DSC_0195-768x512.jpg 768w, https:\/\/www.passports.top\/en\/wp-content\/uploads\/sites\/2\/2018\/08\/DSC_0195-1536x1024.jpg 1536w\" sizes=\"auto, (max-width: 2000px) 100vw, 2000px\" \/><\/span><\/p>\r\n<p><span style=\"font-family: arial, helvetica, sans-serif\">\r\n\r\n<\/span><\/p>\r\n<p><span style=\"font-family: arial, helvetica, sans-serif\"><strong>Feldberg<\/strong>\u00a0\u2013 the highest peak in\u00a0<em>the Black Forest Mountains<\/em>\u00a0(1493 meters).\u00a0<span class=\"goog-text-highlight\">Once at the top, you can enjoy beautiful views of the\u00a0<\/span><em><span class=\"goog-text-highlight\">Black Forest,<\/span><\/em><span class=\"goog-text-highlight\">\u00a0and from the viewing platform on the 11th floor of the\u00a0<\/span><strong><span class=\"goog-text-highlight\">Feldberg Tower<\/span><\/strong><span class=\"goog-text-highlight\">,<\/span><span class=\"goog-text-highlight\">\u00a0in favorable weather conditions, you can admire the magnificent alpine panorama from\u00a0<\/span><em><span class=\"goog-text-highlight\">Mont Blanc<\/span><\/em><span class=\"goog-text-highlight\">\u00a0to the\u00a0<\/span><em><span class=\"goog-text-highlight\">Zugspitze<\/span><\/em><span class=\"goog-text-highlight\">.<\/span><\/span><\/p>\r\n<p><span style=\"font-family: arial, helvetica, sans-serif\"><img loading=\"lazy\" decoding=\"async\" class=\"size-full wp-image-1946 aligncenter\" src=\"https:\/\/www.passports.top\/en\/wp-content\/uploads\/sites\/2\/2018\/08\/DSC_0279.jpg\" alt=\"\" width=\"2000\" height=\"1333\" srcset=\"https:\/\/www.passports.top\/en\/wp-content\/uploads\/sites\/2\/2018\/08\/DSC_0279.jpg 2000w, https:\/\/www.passports.top\/en\/wp-content\/uploads\/sites\/2\/2018\/08\/DSC_0279-300x200.jpg 300w, https:\/\/www.passports.top\/en\/wp-content\/uploads\/sites\/2\/2018\/08\/DSC_0279-1024x682.jpg 1024w, https:\/\/www.passports.top\/en\/wp-content\/uploads\/sites\/2\/2018\/08\/DSC_0279-768x512.jpg 768w, https:\/\/www.passports.top\/en\/wp-content\/uploads\/sites\/2\/2018\/08\/DSC_0279-1536x1024.jpg 1536w\" sizes=\"auto, (max-width: 2000px) 100vw, 2000px\" \/><\/span><\/p>\r\n<p><span style=\"font-family: arial, helvetica, sans-serif\">\r\n\r\n<\/span><\/p>\r\n<p><span style=\"font-family: arial, helvetica, sans-serif\">You can find the prices for the cable car ride on\u00a0<a href=\"http:\/\/www.feldbergbahn.de\/Info-Service\/Preise-Feldbergbahn\">the official website<\/a>.<\/span><\/p>\r\n<p><span style=\"font-family: arial, helvetica, sans-serif\">Black\u00a0<strong>Forest\u00a0<\/strong><strong>Railways<\/strong>\u00a0.\u00a0One of the most beautiful and interesting railway lines in\u00a0<em>Germany<\/em>.\u00a0It connects <strong>Offenburg <\/strong>and <strong>Singen <\/strong>(<strong>Hohentwiel<\/strong>) on a route of 149 km.<\/span><\/p>\r\n<p><span style=\"font-family: arial, helvetica, sans-serif\"><img loading=\"lazy\" decoding=\"async\" class=\"size-full wp-image-1891 aligncenter\" src=\"https:\/\/www.passports.top\/en\/wp-content\/uploads\/sites\/2\/2018\/08\/DSC_0053.jpg\" alt=\"\" width=\"2000\" height=\"1808\" srcset=\"https:\/\/www.passports.top\/en\/wp-content\/uploads\/sites\/2\/2018\/08\/DSC_0053.jpg 2000w, https:\/\/www.passports.top\/en\/wp-content\/uploads\/sites\/2\/2018\/08\/DSC_0053-300x271.jpg 300w, https:\/\/www.passports.top\/en\/wp-content\/uploads\/sites\/2\/2018\/08\/DSC_0053-1024x926.jpg 1024w, https:\/\/www.passports.top\/en\/wp-content\/uploads\/sites\/2\/2018\/08\/DSC_0053-768x694.jpg 768w, https:\/\/www.passports.top\/en\/wp-content\/uploads\/sites\/2\/2018\/08\/DSC_0053-1536x1389.jpg 1536w\" sizes=\"auto, (max-width: 2000px) 100vw, 2000px\" \/><\/span><\/p>\r\n<p><span style=\"font-family: arial, helvetica, sans-serif\">With a height difference of about 670 meters, it is the railway in\u00a0<em>Europe<\/em> that passes through the most tunnels (39 tunnels). <span class=\"goog-text-highlight\">Tourists can follow a panoramic tour with impressive views of the railways, which brings to life the interesting history of the railway network in the\u00a0<\/span><em><span class=\"goog-text-highlight\">Black Forest<\/span><\/em><span class=\"goog-text-highlight\">.<\/span><\/span><\/p>\r\n<p><span style=\"font-family: arial, helvetica, sans-serif\"><img loading=\"lazy\" decoding=\"async\" class=\"size-full wp-image-1888 aligncenter\" src=\"https:\/\/www.passports.top\/en\/wp-content\/uploads\/sites\/2\/2018\/08\/DSC_0035.jpg\" alt=\"\" width=\"2000\" height=\"1333\" srcset=\"https:\/\/www.passports.top\/en\/wp-content\/uploads\/sites\/2\/2018\/08\/DSC_0035.jpg 2000w, https:\/\/www.passports.top\/en\/wp-content\/uploads\/sites\/2\/2018\/08\/DSC_0035-300x200.jpg 300w, https:\/\/www.passports.top\/en\/wp-content\/uploads\/sites\/2\/2018\/08\/DSC_0035-1024x682.jpg 1024w, https:\/\/www.passports.top\/en\/wp-content\/uploads\/sites\/2\/2018\/08\/DSC_0035-768x512.jpg 768w, https:\/\/www.passports.top\/en\/wp-content\/uploads\/sites\/2\/2018\/08\/DSC_0035-1536x1024.jpg 1536w\" sizes=\"auto, (max-width: 2000px) 100vw, 2000px\" \/><\/span><\/p>\r\n<p><span style=\"font-family: arial, helvetica, sans-serif\">\r\n\r\n<\/span><\/p>\r\n<p><span style=\"font-family: arial, helvetica, sans-serif\">Other tourist attractions in the\u00a0<strong>Black Forest<\/strong>:\u00a0<strong>Schwarzwaldmuseum<\/strong> (<em>Triberg<\/em>) \u2013\u00a0<strong>Black Forest Museum<\/strong>\u00a0\u2013 where you can take a journey through time into the economic and cultural life of the region;\u00a0<strong>Park of birds of prey and owls<\/strong> (<em>Triberg<\/em>) \u2013 the largest in\u00a0<em>Germany<\/em>;\u00a0Lakes\u00a0<strong>Mummelsee<\/strong>\u00a0and\u00a0<strong>Schluchsee<\/strong>;\u00a0the resort\u00a0<strong>of Baden-Baden<\/strong>\u00a0.<\/span><\/p>\r\n<p><span style=\"font-family: arial, helvetica, sans-serif\">If you liked our article, read about the last destinations we visited by clicking\u00a0<a href=\"https:\/\/www.passports.top\/en\/\">here<\/a>\u00a0.<\/span><\/p>\r\n<p><span style=\"font-family: arial, helvetica, sans-serif;font-size: 10pt\">(Black Forest &#8211; August 2018)<\/span><\/p>\r\n<p><span style=\"font-family: arial, helvetica, sans-serif\"><img loading=\"lazy\" decoding=\"async\" class=\"alignnone size-full wp-image-93\" src=\"https:\/\/www.passports.top\/en\/wp-content\/uploads\/sites\/2\/2017\/01\/text1486654700.gif\" alt=\"\" width=\"129\" height=\"100\" \/><\/span><\/p>\r\n<div data-carousel-extra='{\"blog_id\":2,\"permalink\":\"https:\\\/\\\/www.passports.top\\\/en\\\/black-forest\\\/\",\"likes_blog_id\":false}' id='gallery-1' class='gallery galleryid-7376 gallery-columns-4 gallery-size-thumbnail'><figure class='gallery-item'>\n\t\t\t<div class='gallery-icon landscape'>\n\t\t\t\t<a href='https:\/\/www.passports.top\/en\/dsc_0022-7\/'><img loading=\"lazy\" decoding=\"async\" width=\"150\" height=\"150\" src=\"https:\/\/www.passports.top\/en\/wp-content\/uploads\/sites\/2\/2018\/08\/DSC_0022-1-150x150.jpg\" class=\"attachment-thumbnail size-thumbnail\" alt=\"\" data-attachment-id=\"1884\" data-orig-file=\"https:\/\/www.passports.top\/en\/wp-content\/uploads\/sites\/2\/2018\/08\/DSC_0022-1.jpg\" data-orig-size=\"2000,1333\" data-comments-opened=\"1\" data-image-meta=\"{&quot;aperture&quot;:&quot;10&quot;,&quot;credit&quot;:&quot;&quot;,&quot;camera&quot;:&quot;NIKON D5300&quot;,&quot;caption&quot;:&quot;&quot;,&quot;created_timestamp&quot;:&quot;1533381860&quot;,&quot;copyright&quot;:&quot;&quot;,&quot;focal_length&quot;:&quot;18&quot;,&quot;iso&quot;:&quot;400&quot;,&quot;shutter_speed&quot;:&quot;0.003125&quot;,&quot;title&quot;:&quot;&quot;,&quot;orientation&quot;:&quot;0&quot;,&quot;keywords&quot;:&quot;Array&quot;}\" data-image-title=\"Cel mai mare ceas cu cuc &#8211; P\u0103durea Neagr\u0103\" data-image-description=\"\" data-medium-file=\"https:\/\/www.passports.top\/en\/wp-content\/uploads\/sites\/2\/2018\/08\/DSC_0022-1-300x200.jpg\" data-large-file=\"https:\/\/www.passports.top\/en\/wp-content\/uploads\/sites\/2\/2018\/08\/DSC_0022-1-1024x682.jpg\" \/><\/a>\n\t\t\t<\/div><\/figure><figure class='gallery-item'>\n\t\t\t<div class='gallery-icon landscape'>\n\t\t\t\t<a href='https:\/\/www.passports.top\/en\/dsc_0018-4\/'><img loading=\"lazy\" decoding=\"async\" width=\"150\" height=\"150\" src=\"https:\/\/www.passports.top\/en\/wp-content\/uploads\/sites\/2\/2018\/08\/DSC_0018-150x150.jpg\" class=\"attachment-thumbnail size-thumbnail\" alt=\"\" data-attachment-id=\"1883\" data-orig-file=\"https:\/\/www.passports.top\/en\/wp-content\/uploads\/sites\/2\/2018\/08\/DSC_0018.jpg\" data-orig-size=\"2000,1333\" data-comments-opened=\"1\" data-image-meta=\"{&quot;aperture&quot;:&quot;11&quot;,&quot;credit&quot;:&quot;&quot;,&quot;camera&quot;:&quot;NIKON D5300&quot;,&quot;caption&quot;:&quot;&quot;,&quot;created_timestamp&quot;:&quot;1533381743&quot;,&quot;copyright&quot;:&quot;&quot;,&quot;focal_length&quot;:&quot;26&quot;,&quot;iso&quot;:&quot;320&quot;,&quot;shutter_speed&quot;:&quot;0.002&quot;,&quot;title&quot;:&quot;&quot;,&quot;orientation&quot;:&quot;0&quot;,&quot;keywords&quot;:&quot;Array&quot;}\" data-image-title=\"Cel mai mare ceas cu cuc &#8211; P\u0103durea Neagr\u0103\" data-image-description=\"\" data-medium-file=\"https:\/\/www.passports.top\/en\/wp-content\/uploads\/sites\/2\/2018\/08\/DSC_0018-300x200.jpg\" data-large-file=\"https:\/\/www.passports.top\/en\/wp-content\/uploads\/sites\/2\/2018\/08\/DSC_0018-1024x682.jpg\" \/><\/a>\n\t\t\t<\/div><\/figure><figure class='gallery-item'>\n\t\t\t<div class='gallery-icon landscape'>\n\t\t\t\t<a href='https:\/\/www.passports.top\/en\/dsc_0013-8\/'><img loading=\"lazy\" decoding=\"async\" width=\"150\" height=\"150\" src=\"https:\/\/www.passports.top\/en\/wp-content\/uploads\/sites\/2\/2018\/08\/DSC_0013-1-150x150.jpg\" class=\"attachment-thumbnail size-thumbnail\" alt=\"\" data-attachment-id=\"1882\" data-orig-file=\"https:\/\/www.passports.top\/en\/wp-content\/uploads\/sites\/2\/2018\/08\/DSC_0013-1.jpg\" data-orig-size=\"2000,1333\" data-comments-opened=\"1\" data-image-meta=\"{&quot;aperture&quot;:&quot;10&quot;,&quot;credit&quot;:&quot;&quot;,&quot;camera&quot;:&quot;NIKON D5300&quot;,&quot;caption&quot;:&quot;&quot;,&quot;created_timestamp&quot;:&quot;1533381501&quot;,&quot;copyright&quot;:&quot;&quot;,&quot;focal_length&quot;:&quot;24&quot;,&quot;iso&quot;:&quot;400&quot;,&quot;shutter_speed&quot;:&quot;0.003125&quot;,&quot;title&quot;:&quot;&quot;,&quot;orientation&quot;:&quot;0&quot;,&quot;keywords&quot;:&quot;Array&quot;}\" data-image-title=\"P\u0103durea Neagr\u0103\" data-image-description=\"\" data-medium-file=\"https:\/\/www.passports.top\/en\/wp-content\/uploads\/sites\/2\/2018\/08\/DSC_0013-1-300x200.jpg\" data-large-file=\"https:\/\/www.passports.top\/en\/wp-content\/uploads\/sites\/2\/2018\/08\/DSC_0013-1-1024x682.jpg\" \/><\/a>\n\t\t\t<\/div><\/figure><figure class='gallery-item'>\n\t\t\t<div class='gallery-icon landscape'>\n\t\t\t\t<a href='https:\/\/www.passports.top\/en\/20180804_150134\/'><img loading=\"lazy\" decoding=\"async\" width=\"150\" height=\"150\" src=\"https:\/\/www.passports.top\/en\/wp-content\/uploads\/sites\/2\/2018\/08\/20180804_150134-150x150.jpg\" class=\"attachment-thumbnail size-thumbnail\" alt=\"\" data-attachment-id=\"1875\" data-orig-file=\"https:\/\/www.passports.top\/en\/wp-content\/uploads\/sites\/2\/2018\/08\/20180804_150134.jpg\" data-orig-size=\"2000,1357\" data-comments-opened=\"1\" data-image-meta=\"{&quot;aperture&quot;:&quot;2.2&quot;,&quot;credit&quot;:&quot;&quot;,&quot;camera&quot;:&quot;GT-I9505&quot;,&quot;caption&quot;:&quot;&quot;,&quot;created_timestamp&quot;:&quot;1533394894&quot;,&quot;copyright&quot;:&quot;&quot;,&quot;focal_length&quot;:&quot;4.2&quot;,&quot;iso&quot;:&quot;80&quot;,&quot;shutter_speed&quot;:&quot;0.028571428571429&quot;,&quot;title&quot;:&quot;&quot;,&quot;orientation&quot;:&quot;0&quot;,&quot;keywords&quot;:&quot;Array&quot;}\" data-image-title=\"Schwarzw\u00e4lder Kirschtorte &#8211; P\u0103durea Neagr\u0103\" data-image-description=\"\" data-medium-file=\"https:\/\/www.passports.top\/en\/wp-content\/uploads\/sites\/2\/2018\/08\/20180804_150134-300x204.jpg\" data-large-file=\"https:\/\/www.passports.top\/en\/wp-content\/uploads\/sites\/2\/2018\/08\/20180804_150134-1024x695.jpg\" \/><\/a>\n\t\t\t<\/div><\/figure><figure class='gallery-item'>\n\t\t\t<div class='gallery-icon landscape'>\n\t\t\t\t<a href='https:\/\/www.passports.top\/en\/dsc_0127-3\/'><img loading=\"lazy\" decoding=\"async\" width=\"150\" height=\"150\" src=\"https:\/\/www.passports.top\/en\/wp-content\/uploads\/sites\/2\/2018\/08\/DSC_0127-150x150.jpg\" class=\"attachment-thumbnail size-thumbnail\" alt=\"\" data-attachment-id=\"1909\" data-orig-file=\"https:\/\/www.passports.top\/en\/wp-content\/uploads\/sites\/2\/2018\/08\/DSC_0127.jpg\" data-orig-size=\"2000,1138\" data-comments-opened=\"1\" data-image-meta=\"{&quot;aperture&quot;:&quot;10&quot;,&quot;credit&quot;:&quot;&quot;,&quot;camera&quot;:&quot;NIKON D5300&quot;,&quot;caption&quot;:&quot;&quot;,&quot;created_timestamp&quot;:&quot;1533398628&quot;,&quot;copyright&quot;:&quot;&quot;,&quot;focal_length&quot;:&quot;35&quot;,&quot;iso&quot;:&quot;400&quot;,&quot;shutter_speed&quot;:&quot;0.003125&quot;,&quot;title&quot;:&quot;&quot;,&quot;orientation&quot;:&quot;0&quot;,&quot;keywords&quot;:&quot;Array&quot;}\" data-image-title=\"Izvorul Dunarii &#8211; P\u0103durea Neagr\u0103\" data-image-description=\"\" data-medium-file=\"https:\/\/www.passports.top\/en\/wp-content\/uploads\/sites\/2\/2018\/08\/DSC_0127-300x171.jpg\" data-large-file=\"https:\/\/www.passports.top\/en\/wp-content\/uploads\/sites\/2\/2018\/08\/DSC_0127-1024x583.jpg\" \/><\/a>\n\t\t\t<\/div><\/figure><figure class='gallery-item'>\n\t\t\t<div class='gallery-icon landscape'>\n\t\t\t\t<a href='https:\/\/www.passports.top\/en\/dsc_0116-3\/'><img loading=\"lazy\" decoding=\"async\" width=\"150\" height=\"150\" src=\"https:\/\/www.passports.top\/en\/wp-content\/uploads\/sites\/2\/2018\/08\/DSC_0116-150x150.jpg\" class=\"attachment-thumbnail size-thumbnail\" alt=\"\" data-attachment-id=\"1904\" data-orig-file=\"https:\/\/www.passports.top\/en\/wp-content\/uploads\/sites\/2\/2018\/08\/DSC_0116.jpg\" data-orig-size=\"2000,1333\" data-comments-opened=\"1\" data-image-meta=\"{&quot;aperture&quot;:&quot;10&quot;,&quot;credit&quot;:&quot;&quot;,&quot;camera&quot;:&quot;NIKON D5300&quot;,&quot;caption&quot;:&quot;&quot;,&quot;created_timestamp&quot;:&quot;1533398057&quot;,&quot;copyright&quot;:&quot;&quot;,&quot;focal_length&quot;:&quot;25&quot;,&quot;iso&quot;:&quot;400&quot;,&quot;shutter_speed&quot;:&quot;0.004&quot;,&quot;title&quot;:&quot;&quot;,&quot;orientation&quot;:&quot;0&quot;,&quot;keywords&quot;:&quot;Array&quot;}\" data-image-title=\"Izvorul Dunarii &#8211; P\u0103durea Neagr\u0103\" data-image-description=\"\" data-medium-file=\"https:\/\/www.passports.top\/en\/wp-content\/uploads\/sites\/2\/2018\/08\/DSC_0116-300x200.jpg\" data-large-file=\"https:\/\/www.passports.top\/en\/wp-content\/uploads\/sites\/2\/2018\/08\/DSC_0116-1024x682.jpg\" \/><\/a>\n\t\t\t<\/div><\/figure><figure class='gallery-item'>\n\t\t\t<div class='gallery-icon portrait'>\n\t\t\t\t<a href='https:\/\/www.passports.top\/en\/dsc_0125-2\/'><img loading=\"lazy\" decoding=\"async\" width=\"150\" height=\"150\" src=\"https:\/\/www.passports.top\/en\/wp-content\/uploads\/sites\/2\/2018\/08\/DSC_0125-1-150x150.jpg\" class=\"attachment-thumbnail size-thumbnail\" alt=\"\" data-attachment-id=\"1908\" data-orig-file=\"https:\/\/www.passports.top\/en\/wp-content\/uploads\/sites\/2\/2018\/08\/DSC_0125-1.jpg\" data-orig-size=\"1333,2000\" data-comments-opened=\"1\" data-image-meta=\"{&quot;aperture&quot;:&quot;11&quot;,&quot;credit&quot;:&quot;&quot;,&quot;camera&quot;:&quot;NIKON D5300&quot;,&quot;caption&quot;:&quot;&quot;,&quot;created_timestamp&quot;:&quot;1533398499&quot;,&quot;copyright&quot;:&quot;&quot;,&quot;focal_length&quot;:&quot;30&quot;,&quot;iso&quot;:&quot;200&quot;,&quot;shutter_speed&quot;:&quot;0.002&quot;,&quot;title&quot;:&quot;&quot;,&quot;orientation&quot;:&quot;0&quot;,&quot;keywords&quot;:&quot;Array&quot;}\" data-image-title=\"Izvorul Dunarii &#8211; P\u0103durea Neagr\u0103\" data-image-description=\"\" data-medium-file=\"https:\/\/www.passports.top\/en\/wp-content\/uploads\/sites\/2\/2018\/08\/DSC_0125-1-200x300.jpg\" data-large-file=\"https:\/\/www.passports.top\/en\/wp-content\/uploads\/sites\/2\/2018\/08\/DSC_0125-1-682x1024.jpg\" \/><\/a>\n\t\t\t<\/div><\/figure><figure class='gallery-item'>\n\t\t\t<div class='gallery-icon landscape'>\n\t\t\t\t<a href='https:\/\/www.passports.top\/en\/dsc_0119-3\/'><img loading=\"lazy\" decoding=\"async\" width=\"150\" height=\"150\" src=\"https:\/\/www.passports.top\/en\/wp-content\/uploads\/sites\/2\/2018\/08\/DSC_0119-150x150.jpg\" class=\"attachment-thumbnail size-thumbnail\" alt=\"\" data-attachment-id=\"1906\" data-orig-file=\"https:\/\/www.passports.top\/en\/wp-content\/uploads\/sites\/2\/2018\/08\/DSC_0119.jpg\" data-orig-size=\"2000,1393\" data-comments-opened=\"1\" data-image-meta=\"{&quot;aperture&quot;:&quot;10&quot;,&quot;credit&quot;:&quot;&quot;,&quot;camera&quot;:&quot;NIKON D5300&quot;,&quot;caption&quot;:&quot;&quot;,&quot;created_timestamp&quot;:&quot;1533398265&quot;,&quot;copyright&quot;:&quot;&quot;,&quot;focal_length&quot;:&quot;18&quot;,&quot;iso&quot;:&quot;400&quot;,&quot;shutter_speed&quot;:&quot;0.003125&quot;,&quot;title&quot;:&quot;&quot;,&quot;orientation&quot;:&quot;0&quot;,&quot;keywords&quot;:&quot;Array&quot;}\" data-image-title=\"Izvorul Dunarii &#8211; P\u0103durea Neagr\u0103\" data-image-description=\"\" data-medium-file=\"https:\/\/www.passports.top\/en\/wp-content\/uploads\/sites\/2\/2018\/08\/DSC_0119-300x209.jpg\" data-large-file=\"https:\/\/www.passports.top\/en\/wp-content\/uploads\/sites\/2\/2018\/08\/DSC_0119-1024x713.jpg\" \/><\/a>\n\t\t\t<\/div><\/figure><figure class='gallery-item'>\n\t\t\t<div class='gallery-icon landscape'>\n\t\t\t\t<a href='https:\/\/www.passports.top\/en\/dsc_0122-4\/'><img loading=\"lazy\" decoding=\"async\" width=\"150\" height=\"150\" src=\"https:\/\/www.passports.top\/en\/wp-content\/uploads\/sites\/2\/2018\/08\/DSC_0122-1-150x150.jpg\" class=\"attachment-thumbnail size-thumbnail\" alt=\"\" data-attachment-id=\"1907\" data-orig-file=\"https:\/\/www.passports.top\/en\/wp-content\/uploads\/sites\/2\/2018\/08\/DSC_0122-1.jpg\" data-orig-size=\"2000,1333\" data-comments-opened=\"1\" data-image-meta=\"{&quot;aperture&quot;:&quot;9&quot;,&quot;credit&quot;:&quot;&quot;,&quot;camera&quot;:&quot;NIKON D5300&quot;,&quot;caption&quot;:&quot;&quot;,&quot;created_timestamp&quot;:&quot;1533398338&quot;,&quot;copyright&quot;:&quot;&quot;,&quot;focal_length&quot;:&quot;98&quot;,&quot;iso&quot;:&quot;400&quot;,&quot;shutter_speed&quot;:&quot;0.008&quot;,&quot;title&quot;:&quot;&quot;,&quot;orientation&quot;:&quot;0&quot;,&quot;keywords&quot;:&quot;Array&quot;}\" data-image-title=\"Izvorul Dunarii &#8211; P\u0103durea Neagr\u0103\" data-image-description=\"\" data-medium-file=\"https:\/\/www.passports.top\/en\/wp-content\/uploads\/sites\/2\/2018\/08\/DSC_0122-1-300x200.jpg\" data-large-file=\"https:\/\/www.passports.top\/en\/wp-content\/uploads\/sites\/2\/2018\/08\/DSC_0122-1-1024x682.jpg\" \/><\/a>\n\t\t\t<\/div><\/figure><figure class='gallery-item'>\n\t\t\t<div class='gallery-icon landscape'>\n\t\t\t\t<a href='https:\/\/www.passports.top\/en\/dsc_0118-3\/'><img loading=\"lazy\" decoding=\"async\" width=\"150\" height=\"150\" src=\"https:\/\/www.passports.top\/en\/wp-content\/uploads\/sites\/2\/2018\/08\/DSC_0118-150x150.jpg\" class=\"attachment-thumbnail size-thumbnail\" alt=\"\" data-attachment-id=\"1905\" data-orig-file=\"https:\/\/www.passports.top\/en\/wp-content\/uploads\/sites\/2\/2018\/08\/DSC_0118.jpg\" data-orig-size=\"2000,1333\" data-comments-opened=\"1\" data-image-meta=\"{&quot;aperture&quot;:&quot;10&quot;,&quot;credit&quot;:&quot;&quot;,&quot;camera&quot;:&quot;NIKON D5300&quot;,&quot;caption&quot;:&quot;&quot;,&quot;created_timestamp&quot;:&quot;1533398254&quot;,&quot;copyright&quot;:&quot;&quot;,&quot;focal_length&quot;:&quot;62&quot;,&quot;iso&quot;:&quot;400&quot;,&quot;shutter_speed&quot;:&quot;0.004&quot;,&quot;title&quot;:&quot;&quot;,&quot;orientation&quot;:&quot;0&quot;,&quot;keywords&quot;:&quot;Array&quot;}\" data-image-title=\"Izvorul Dunarii &#8211; P\u0103durea Neagr\u0103\" data-image-description=\"\" data-medium-file=\"https:\/\/www.passports.top\/en\/wp-content\/uploads\/sites\/2\/2018\/08\/DSC_0118-300x200.jpg\" data-large-file=\"https:\/\/www.passports.top\/en\/wp-content\/uploads\/sites\/2\/2018\/08\/DSC_0118-1024x682.jpg\" \/><\/a>\n\t\t\t<\/div><\/figure><figure class='gallery-item'>\n\t\t\t<div class='gallery-icon landscape'>\n\t\t\t\t<a href='https:\/\/www.passports.top\/en\/dsc_0316-2\/'><img loading=\"lazy\" decoding=\"async\" width=\"150\" height=\"150\" src=\"https:\/\/www.passports.top\/en\/wp-content\/uploads\/sites\/2\/2018\/08\/DSC_0316-150x150.jpg\" class=\"attachment-thumbnail size-thumbnail\" alt=\"\" data-attachment-id=\"1953\" data-orig-file=\"https:\/\/www.passports.top\/en\/wp-content\/uploads\/sites\/2\/2018\/08\/DSC_0316.jpg\" data-orig-size=\"2000,956\" data-comments-opened=\"1\" data-image-meta=\"{&quot;aperture&quot;:&quot;11&quot;,&quot;credit&quot;:&quot;&quot;,&quot;camera&quot;:&quot;NIKON D5300&quot;,&quot;caption&quot;:&quot;&quot;,&quot;created_timestamp&quot;:&quot;1533485935&quot;,&quot;copyright&quot;:&quot;&quot;,&quot;focal_length&quot;:&quot;22&quot;,&quot;iso&quot;:&quot;280&quot;,&quot;shutter_speed&quot;:&quot;0.002&quot;,&quot;title&quot;:&quot;&quot;,&quot;orientation&quot;:&quot;0&quot;,&quot;keywords&quot;:&quot;Array&quot;}\" data-image-title=\"Izvorul Dunarii &#8211; Padurea Neagra\" data-image-description=\"\" data-medium-file=\"https:\/\/www.passports.top\/en\/wp-content\/uploads\/sites\/2\/2018\/08\/DSC_0316-300x143.jpg\" data-large-file=\"https:\/\/www.passports.top\/en\/wp-content\/uploads\/sites\/2\/2018\/08\/DSC_0316-1024x489.jpg\" \/><\/a>\n\t\t\t<\/div><\/figure><figure class='gallery-item'>\n\t\t\t<div class='gallery-icon landscape'>\n\t\t\t\t<a href='https:\/\/www.passports.top\/en\/dsc_0304-2\/'><img loading=\"lazy\" decoding=\"async\" width=\"150\" height=\"150\" src=\"https:\/\/www.passports.top\/en\/wp-content\/uploads\/sites\/2\/2018\/08\/DSC_0304-1-150x150.jpg\" class=\"attachment-thumbnail size-thumbnail\" alt=\"\" data-attachment-id=\"1949\" data-orig-file=\"https:\/\/www.passports.top\/en\/wp-content\/uploads\/sites\/2\/2018\/08\/DSC_0304-1.jpg\" data-orig-size=\"2000,1333\" data-comments-opened=\"1\" data-image-meta=\"{&quot;aperture&quot;:&quot;10&quot;,&quot;credit&quot;:&quot;&quot;,&quot;camera&quot;:&quot;NIKON D5300&quot;,&quot;caption&quot;:&quot;&quot;,&quot;created_timestamp&quot;:&quot;1533485201&quot;,&quot;copyright&quot;:&quot;&quot;,&quot;focal_length&quot;:&quot;42&quot;,&quot;iso&quot;:&quot;400&quot;,&quot;shutter_speed&quot;:&quot;0.004&quot;,&quot;title&quot;:&quot;&quot;,&quot;orientation&quot;:&quot;0&quot;,&quot;keywords&quot;:&quot;Array&quot;}\" data-image-title=\"Izvorul Dunarii &#8211; Padurea Neagra\" data-image-description=\"\" data-medium-file=\"https:\/\/www.passports.top\/en\/wp-content\/uploads\/sites\/2\/2018\/08\/DSC_0304-1-300x200.jpg\" data-large-file=\"https:\/\/www.passports.top\/en\/wp-content\/uploads\/sites\/2\/2018\/08\/DSC_0304-1-1024x682.jpg\" \/><\/a>\n\t\t\t<\/div><\/figure><figure class='gallery-item'>\n\t\t\t<div class='gallery-icon landscape'>\n\t\t\t\t<a href='https:\/\/www.passports.top\/en\/dsc_0306\/'><img loading=\"lazy\" decoding=\"async\" width=\"150\" height=\"150\" src=\"https:\/\/www.passports.top\/en\/wp-content\/uploads\/sites\/2\/2018\/08\/DSC_0306-150x150.jpg\" class=\"attachment-thumbnail size-thumbnail\" alt=\"\" data-attachment-id=\"1950\" data-orig-file=\"https:\/\/www.passports.top\/en\/wp-content\/uploads\/sites\/2\/2018\/08\/DSC_0306.jpg\" data-orig-size=\"2000,1539\" data-comments-opened=\"1\" data-image-meta=\"{&quot;aperture&quot;:&quot;10&quot;,&quot;credit&quot;:&quot;&quot;,&quot;camera&quot;:&quot;NIKON D5300&quot;,&quot;caption&quot;:&quot;&quot;,&quot;created_timestamp&quot;:&quot;1533485319&quot;,&quot;copyright&quot;:&quot;&quot;,&quot;focal_length&quot;:&quot;18&quot;,&quot;iso&quot;:&quot;400&quot;,&quot;shutter_speed&quot;:&quot;0.004&quot;,&quot;title&quot;:&quot;&quot;,&quot;orientation&quot;:&quot;0&quot;,&quot;keywords&quot;:&quot;Array&quot;}\" data-image-title=\"Izvorul Dunarii &#8211; Padurea Neagra\" data-image-description=\"\" data-medium-file=\"https:\/\/www.passports.top\/en\/wp-content\/uploads\/sites\/2\/2018\/08\/DSC_0306-300x231.jpg\" data-large-file=\"https:\/\/www.passports.top\/en\/wp-content\/uploads\/sites\/2\/2018\/08\/DSC_0306-1024x788.jpg\" \/><\/a>\n\t\t\t<\/div><\/figure><figure class='gallery-item'>\n\t\t\t<div class='gallery-icon landscape'>\n\t\t\t\t<a href='https:\/\/www.passports.top\/en\/dsc_0309-2\/'><img loading=\"lazy\" decoding=\"async\" width=\"150\" height=\"150\" src=\"https:\/\/www.passports.top\/en\/wp-content\/uploads\/sites\/2\/2018\/08\/DSC_0309-150x150.jpg\" class=\"attachment-thumbnail size-thumbnail\" alt=\"\" data-attachment-id=\"1951\" data-orig-file=\"https:\/\/www.passports.top\/en\/wp-content\/uploads\/sites\/2\/2018\/08\/DSC_0309.jpg\" data-orig-size=\"2000,1333\" data-comments-opened=\"1\" data-image-meta=\"{&quot;aperture&quot;:&quot;11&quot;,&quot;credit&quot;:&quot;&quot;,&quot;camera&quot;:&quot;NIKON D5300&quot;,&quot;caption&quot;:&quot;&quot;,&quot;created_timestamp&quot;:&quot;1533485601&quot;,&quot;copyright&quot;:&quot;&quot;,&quot;focal_length&quot;:&quot;24&quot;,&quot;iso&quot;:&quot;400&quot;,&quot;shutter_speed&quot;:&quot;0.002&quot;,&quot;title&quot;:&quot;&quot;,&quot;orientation&quot;:&quot;0&quot;,&quot;keywords&quot;:&quot;Array&quot;}\" data-image-title=\"Izvorul Dunarii &#8211; Padurea Neagra\" data-image-description=\"\" data-medium-file=\"https:\/\/www.passports.top\/en\/wp-content\/uploads\/sites\/2\/2018\/08\/DSC_0309-300x200.jpg\" data-large-file=\"https:\/\/www.passports.top\/en\/wp-content\/uploads\/sites\/2\/2018\/08\/DSC_0309-1024x682.jpg\" \/><\/a>\n\t\t\t<\/div><\/figure><figure class='gallery-item'>\n\t\t\t<div class='gallery-icon landscape'>\n\t\t\t\t<a href='https:\/\/www.passports.top\/en\/dsc_0311\/'><img loading=\"lazy\" decoding=\"async\" width=\"150\" height=\"150\" src=\"https:\/\/www.passports.top\/en\/wp-content\/uploads\/sites\/2\/2018\/08\/DSC_0311-150x150.jpg\" class=\"attachment-thumbnail size-thumbnail\" alt=\"\" data-attachment-id=\"1952\" data-orig-file=\"https:\/\/www.passports.top\/en\/wp-content\/uploads\/sites\/2\/2018\/08\/DSC_0311.jpg\" data-orig-size=\"2000,1333\" data-comments-opened=\"1\" data-image-meta=\"{&quot;aperture&quot;:&quot;9&quot;,&quot;credit&quot;:&quot;&quot;,&quot;camera&quot;:&quot;NIKON D5300&quot;,&quot;caption&quot;:&quot;&quot;,&quot;created_timestamp&quot;:&quot;1533485824&quot;,&quot;copyright&quot;:&quot;&quot;,&quot;focal_length&quot;:&quot;38&quot;,&quot;iso&quot;:&quot;400&quot;,&quot;shutter_speed&quot;:&quot;0.01&quot;,&quot;title&quot;:&quot;&quot;,&quot;orientation&quot;:&quot;0&quot;,&quot;keywords&quot;:&quot;Array&quot;}\" data-image-title=\"Izvorul Dunarii &#8211; Padurea Neagra\" data-image-description=\"\" data-medium-file=\"https:\/\/www.passports.top\/en\/wp-content\/uploads\/sites\/2\/2018\/08\/DSC_0311-300x200.jpg\" data-large-file=\"https:\/\/www.passports.top\/en\/wp-content\/uploads\/sites\/2\/2018\/08\/DSC_0311-1024x682.jpg\" \/><\/a>\n\t\t\t<\/div><\/figure><figure class='gallery-item'>\n\t\t\t<div class='gallery-icon landscape'>\n\t\t\t\t<a href='https:\/\/www.passports.top\/en\/dsc_0067\/'><img loading=\"lazy\" decoding=\"async\" width=\"150\" height=\"150\" src=\"https:\/\/www.passports.top\/en\/wp-content\/uploads\/sites\/2\/2018\/08\/DSC_0067-150x150.jpg\" class=\"attachment-thumbnail size-thumbnail\" alt=\"\" data-attachment-id=\"1894\" data-orig-file=\"https:\/\/www.passports.top\/en\/wp-content\/uploads\/sites\/2\/2018\/08\/DSC_0067.jpg\" data-orig-size=\"2000,1333\" data-comments-opened=\"1\" data-image-meta=\"{&quot;aperture&quot;:&quot;10&quot;,&quot;credit&quot;:&quot;&quot;,&quot;camera&quot;:&quot;NIKON D5300&quot;,&quot;caption&quot;:&quot;&quot;,&quot;created_timestamp&quot;:&quot;1533389290&quot;,&quot;copyright&quot;:&quot;&quot;,&quot;focal_length&quot;:&quot;24&quot;,&quot;iso&quot;:&quot;400&quot;,&quot;shutter_speed&quot;:&quot;0.004&quot;,&quot;title&quot;:&quot;&quot;,&quot;orientation&quot;:&quot;0&quot;,&quot;keywords&quot;:&quot;Array&quot;}\" data-image-title=\"Triberg &#8211; P\u0103durea Neagr\u0103\" data-image-description=\"\" data-medium-file=\"https:\/\/www.passports.top\/en\/wp-content\/uploads\/sites\/2\/2018\/08\/DSC_0067-300x200.jpg\" data-large-file=\"https:\/\/www.passports.top\/en\/wp-content\/uploads\/sites\/2\/2018\/08\/DSC_0067-1024x682.jpg\" \/><\/a>\n\t\t\t<\/div><\/figure><figure class='gallery-item'>\n\t\t\t<div class='gallery-icon landscape'>\n\t\t\t\t<a href='https:\/\/www.passports.top\/en\/dsc_0077-4\/'><img loading=\"lazy\" decoding=\"async\" width=\"150\" height=\"150\" src=\"https:\/\/www.passports.top\/en\/wp-content\/uploads\/sites\/2\/2018\/08\/DSC_0077-1-150x150.jpg\" class=\"attachment-thumbnail size-thumbnail\" alt=\"\" data-attachment-id=\"1897\" data-orig-file=\"https:\/\/www.passports.top\/en\/wp-content\/uploads\/sites\/2\/2018\/08\/DSC_0077-1.jpg\" data-orig-size=\"2000,1488\" data-comments-opened=\"1\" data-image-meta=\"{&quot;aperture&quot;:&quot;11&quot;,&quot;credit&quot;:&quot;&quot;,&quot;camera&quot;:&quot;NIKON D5300&quot;,&quot;caption&quot;:&quot;&quot;,&quot;created_timestamp&quot;:&quot;1533390243&quot;,&quot;copyright&quot;:&quot;&quot;,&quot;focal_length&quot;:&quot;18&quot;,&quot;iso&quot;:&quot;320&quot;,&quot;shutter_speed&quot;:&quot;0.002&quot;,&quot;title&quot;:&quot;&quot;,&quot;orientation&quot;:&quot;0&quot;,&quot;keywords&quot;:&quot;Array&quot;}\" data-image-title=\"Triberg &#8211; P\u0103durea Neagr\u0103\" data-image-description=\"\" data-medium-file=\"https:\/\/www.passports.top\/en\/wp-content\/uploads\/sites\/2\/2018\/08\/DSC_0077-1-300x223.jpg\" data-large-file=\"https:\/\/www.passports.top\/en\/wp-content\/uploads\/sites\/2\/2018\/08\/DSC_0077-1-1024x762.jpg\" \/><\/a>\n\t\t\t<\/div><\/figure><figure class='gallery-item'>\n\t\t\t<div class='gallery-icon landscape'>\n\t\t\t\t<a href='https:\/\/www.passports.top\/en\/dsc_0105-2\/'><img loading=\"lazy\" decoding=\"async\" width=\"150\" height=\"150\" src=\"https:\/\/www.passports.top\/en\/wp-content\/uploads\/sites\/2\/2018\/08\/DSC_0105-1-150x150.jpg\" class=\"attachment-thumbnail size-thumbnail\" alt=\"\" data-attachment-id=\"1902\" data-orig-file=\"https:\/\/www.passports.top\/en\/wp-content\/uploads\/sites\/2\/2018\/08\/DSC_0105-1.jpg\" data-orig-size=\"2000,1333\" data-comments-opened=\"1\" data-image-meta=\"{&quot;aperture&quot;:&quot;11&quot;,&quot;credit&quot;:&quot;&quot;,&quot;camera&quot;:&quot;NIKON D5300&quot;,&quot;caption&quot;:&quot;&quot;,&quot;created_timestamp&quot;:&quot;1533393482&quot;,&quot;copyright&quot;:&quot;&quot;,&quot;focal_length&quot;:&quot;42&quot;,&quot;iso&quot;:&quot;360&quot;,&quot;shutter_speed&quot;:&quot;0.002&quot;,&quot;title&quot;:&quot;&quot;,&quot;orientation&quot;:&quot;0&quot;,&quot;keywords&quot;:&quot;Array&quot;}\" data-image-title=\"Triberg &#8211; P\u0103durea Neagr\u0103\" data-image-description=\"\" data-medium-file=\"https:\/\/www.passports.top\/en\/wp-content\/uploads\/sites\/2\/2018\/08\/DSC_0105-1-300x200.jpg\" data-large-file=\"https:\/\/www.passports.top\/en\/wp-content\/uploads\/sites\/2\/2018\/08\/DSC_0105-1-1024x682.jpg\" \/><\/a>\n\t\t\t<\/div><\/figure><figure class='gallery-item'>\n\t\t\t<div class='gallery-icon landscape'>\n\t\t\t\t<a href='https:\/\/www.passports.top\/en\/dsc_0109-2\/'><img loading=\"lazy\" decoding=\"async\" width=\"150\" height=\"150\" src=\"https:\/\/www.passports.top\/en\/wp-content\/uploads\/sites\/2\/2018\/08\/DSC_0109-150x150.jpg\" class=\"attachment-thumbnail size-thumbnail\" alt=\"\" data-attachment-id=\"1903\" data-orig-file=\"https:\/\/www.passports.top\/en\/wp-content\/uploads\/sites\/2\/2018\/08\/DSC_0109.jpg\" data-orig-size=\"2000,1333\" data-comments-opened=\"1\" data-image-meta=\"{&quot;aperture&quot;:&quot;11&quot;,&quot;credit&quot;:&quot;&quot;,&quot;camera&quot;:&quot;NIKON D5300&quot;,&quot;caption&quot;:&quot;&quot;,&quot;created_timestamp&quot;:&quot;1533393862&quot;,&quot;copyright&quot;:&quot;&quot;,&quot;focal_length&quot;:&quot;34&quot;,&quot;iso&quot;:&quot;320&quot;,&quot;shutter_speed&quot;:&quot;0.002&quot;,&quot;title&quot;:&quot;&quot;,&quot;orientation&quot;:&quot;0&quot;,&quot;keywords&quot;:&quot;Array&quot;}\" data-image-title=\"Triberg &#8211; P\u0103durea Neagr\u0103\" data-image-description=\"\" data-medium-file=\"https:\/\/www.passports.top\/en\/wp-content\/uploads\/sites\/2\/2018\/08\/DSC_0109-300x200.jpg\" data-large-file=\"https:\/\/www.passports.top\/en\/wp-content\/uploads\/sites\/2\/2018\/08\/DSC_0109-1024x682.jpg\" \/><\/a>\n\t\t\t<\/div><\/figure><figure class='gallery-item'>\n\t\t\t<div class='gallery-icon landscape'>\n\t\t\t\t<a href='https:\/\/www.passports.top\/en\/dsc_0085-6\/'><img loading=\"lazy\" decoding=\"async\" width=\"150\" height=\"150\" src=\"https:\/\/www.passports.top\/en\/wp-content\/uploads\/sites\/2\/2018\/08\/DSC_0085-1-150x150.jpg\" class=\"attachment-thumbnail size-thumbnail\" alt=\"\" data-attachment-id=\"1901\" data-orig-file=\"https:\/\/www.passports.top\/en\/wp-content\/uploads\/sites\/2\/2018\/08\/DSC_0085-1.jpg\" data-orig-size=\"2000,1333\" data-comments-opened=\"1\" data-image-meta=\"{&quot;aperture&quot;:&quot;9&quot;,&quot;credit&quot;:&quot;&quot;,&quot;camera&quot;:&quot;NIKON D5300&quot;,&quot;caption&quot;:&quot;&quot;,&quot;created_timestamp&quot;:&quot;1533391532&quot;,&quot;copyright&quot;:&quot;&quot;,&quot;focal_length&quot;:&quot;22&quot;,&quot;iso&quot;:&quot;400&quot;,&quot;shutter_speed&quot;:&quot;0.008&quot;,&quot;title&quot;:&quot;&quot;,&quot;orientation&quot;:&quot;0&quot;,&quot;keywords&quot;:&quot;Array&quot;}\" data-image-title=\"Cascada Triberg &#8211; P\u0103durea Neagr\u0103\" data-image-description=\"\" data-medium-file=\"https:\/\/www.passports.top\/en\/wp-content\/uploads\/sites\/2\/2018\/08\/DSC_0085-1-300x200.jpg\" data-large-file=\"https:\/\/www.passports.top\/en\/wp-content\/uploads\/sites\/2\/2018\/08\/DSC_0085-1-1024x682.jpg\" \/><\/a>\n\t\t\t<\/div><\/figure><figure class='gallery-item'>\n\t\t\t<div class='gallery-icon landscape'>\n\t\t\t\t<a href='https:\/\/www.passports.top\/en\/dsc_0082-2\/'><img loading=\"lazy\" decoding=\"async\" width=\"150\" height=\"150\" src=\"https:\/\/www.passports.top\/en\/wp-content\/uploads\/sites\/2\/2018\/08\/DSC_0082-150x150.jpg\" class=\"attachment-thumbnail size-thumbnail\" alt=\"\" data-attachment-id=\"1900\" data-orig-file=\"https:\/\/www.passports.top\/en\/wp-content\/uploads\/sites\/2\/2018\/08\/DSC_0082.jpg\" data-orig-size=\"2000,1333\" data-comments-opened=\"1\" data-image-meta=\"{&quot;aperture&quot;:&quot;9&quot;,&quot;credit&quot;:&quot;&quot;,&quot;camera&quot;:&quot;NIKON D5300&quot;,&quot;caption&quot;:&quot;&quot;,&quot;created_timestamp&quot;:&quot;1533391302&quot;,&quot;copyright&quot;:&quot;&quot;,&quot;focal_length&quot;:&quot;22&quot;,&quot;iso&quot;:&quot;400&quot;,&quot;shutter_speed&quot;:&quot;0.01&quot;,&quot;title&quot;:&quot;&quot;,&quot;orientation&quot;:&quot;0&quot;,&quot;keywords&quot;:&quot;Array&quot;}\" data-image-title=\"Cascada Triberg &#8211; P\u0103durea Neagr\u0103\" data-image-description=\"\" data-medium-file=\"https:\/\/www.passports.top\/en\/wp-content\/uploads\/sites\/2\/2018\/08\/DSC_0082-300x200.jpg\" data-large-file=\"https:\/\/www.passports.top\/en\/wp-content\/uploads\/sites\/2\/2018\/08\/DSC_0082-1024x682.jpg\" \/><\/a>\n\t\t\t<\/div><\/figure><figure class='gallery-item'>\n\t\t\t<div class='gallery-icon landscape'>\n\t\t\t\t<a href='https:\/\/www.passports.top\/en\/dsc_0078-4\/'><img loading=\"lazy\" decoding=\"async\" width=\"150\" height=\"150\" src=\"https:\/\/www.passports.top\/en\/wp-content\/uploads\/sites\/2\/2018\/08\/DSC_0078-1-150x150.jpg\" class=\"attachment-thumbnail size-thumbnail\" alt=\"\" data-attachment-id=\"1898\" data-orig-file=\"https:\/\/www.passports.top\/en\/wp-content\/uploads\/sites\/2\/2018\/08\/DSC_0078-1.jpg\" data-orig-size=\"2000,1333\" data-comments-opened=\"1\" data-image-meta=\"{&quot;aperture&quot;:&quot;7.1&quot;,&quot;credit&quot;:&quot;&quot;,&quot;camera&quot;:&quot;NIKON D5300&quot;,&quot;caption&quot;:&quot;&quot;,&quot;created_timestamp&quot;:&quot;1533390869&quot;,&quot;copyright&quot;:&quot;&quot;,&quot;focal_length&quot;:&quot;18&quot;,&quot;iso&quot;:&quot;400&quot;,&quot;shutter_speed&quot;:&quot;0.033333333333333&quot;,&quot;title&quot;:&quot;&quot;,&quot;orientation&quot;:&quot;0&quot;,&quot;keywords&quot;:&quot;Array&quot;}\" data-image-title=\"Triberg &#8211; P\u0103durea Neagr\u0103\" data-image-description=\"\" data-medium-file=\"https:\/\/www.passports.top\/en\/wp-content\/uploads\/sites\/2\/2018\/08\/DSC_0078-1-300x200.jpg\" data-large-file=\"https:\/\/www.passports.top\/en\/wp-content\/uploads\/sites\/2\/2018\/08\/DSC_0078-1-1024x682.jpg\" \/><\/a>\n\t\t\t<\/div><\/figure><figure class='gallery-item'>\n\t\t\t<div class='gallery-icon landscape'>\n\t\t\t\t<a href='https:\/\/www.passports.top\/en\/dsc_0081\/'><img loading=\"lazy\" decoding=\"async\" width=\"150\" height=\"150\" src=\"https:\/\/www.passports.top\/en\/wp-content\/uploads\/sites\/2\/2018\/08\/DSC_0081-150x150.jpg\" class=\"attachment-thumbnail size-thumbnail\" alt=\"\" data-attachment-id=\"1899\" data-orig-file=\"https:\/\/www.passports.top\/en\/wp-content\/uploads\/sites\/2\/2018\/08\/DSC_0081.jpg\" data-orig-size=\"2000,1434\" data-comments-opened=\"1\" data-image-meta=\"{&quot;aperture&quot;:&quot;9&quot;,&quot;credit&quot;:&quot;&quot;,&quot;camera&quot;:&quot;NIKON D5300&quot;,&quot;caption&quot;:&quot;&quot;,&quot;created_timestamp&quot;:&quot;1533391280&quot;,&quot;copyright&quot;:&quot;&quot;,&quot;focal_length&quot;:&quot;18&quot;,&quot;iso&quot;:&quot;400&quot;,&quot;shutter_speed&quot;:&quot;0.01&quot;,&quot;title&quot;:&quot;&quot;,&quot;orientation&quot;:&quot;0&quot;,&quot;keywords&quot;:&quot;Array&quot;}\" data-image-title=\"Cascada Triberg &#8211; P\u0103durea Neagr\u0103\" data-image-description=\"\" data-medium-file=\"https:\/\/www.passports.top\/en\/wp-content\/uploads\/sites\/2\/2018\/08\/DSC_0081-300x215.jpg\" data-large-file=\"https:\/\/www.passports.top\/en\/wp-content\/uploads\/sites\/2\/2018\/08\/DSC_0081-1024x734.jpg\" \/><\/a>\n\t\t\t<\/div><\/figure><figure class='gallery-item'>\n\t\t\t<div class='gallery-icon landscape'>\n\t\t\t\t<a href='https:\/\/www.passports.top\/en\/20180804_113206\/'><img loading=\"lazy\" decoding=\"async\" width=\"150\" height=\"150\" src=\"https:\/\/www.passports.top\/en\/wp-content\/uploads\/sites\/2\/2018\/08\/20180804_113206-150x150.jpg\" class=\"attachment-thumbnail size-thumbnail\" alt=\"\" data-attachment-id=\"1871\" data-orig-file=\"https:\/\/www.passports.top\/en\/wp-content\/uploads\/sites\/2\/2018\/08\/20180804_113206.jpg\" data-orig-size=\"2000,1192\" data-comments-opened=\"1\" data-image-meta=\"{&quot;aperture&quot;:&quot;2.2&quot;,&quot;credit&quot;:&quot;&quot;,&quot;camera&quot;:&quot;GT-I9505&quot;,&quot;caption&quot;:&quot;&quot;,&quot;created_timestamp&quot;:&quot;1533382326&quot;,&quot;copyright&quot;:&quot;&quot;,&quot;focal_length&quot;:&quot;4.2&quot;,&quot;iso&quot;:&quot;160&quot;,&quot;shutter_speed&quot;:&quot;0.058823529411765&quot;,&quot;title&quot;:&quot;&quot;,&quot;orientation&quot;:&quot;0&quot;,&quot;keywords&quot;:&quot;Array&quot;}\" data-image-title=\"P\u0103durea Neagr\u0103\" data-image-description=\"\" data-medium-file=\"https:\/\/www.passports.top\/en\/wp-content\/uploads\/sites\/2\/2018\/08\/20180804_113206-300x179.jpg\" data-large-file=\"https:\/\/www.passports.top\/en\/wp-content\/uploads\/sites\/2\/2018\/08\/20180804_113206-1024x610.jpg\" \/><\/a>\n\t\t\t<\/div><\/figure><figure class='gallery-item'>\n\t\t\t<div class='gallery-icon landscape'>\n\t\t\t\t<a href='https:\/\/www.passports.top\/en\/20180804_113112\/'><img loading=\"lazy\" decoding=\"async\" width=\"150\" height=\"150\" src=\"https:\/\/www.passports.top\/en\/wp-content\/uploads\/sites\/2\/2018\/08\/20180804_113112-150x150.jpg\" class=\"attachment-thumbnail size-thumbnail\" alt=\"\" data-attachment-id=\"1870\" data-orig-file=\"https:\/\/www.passports.top\/en\/wp-content\/uploads\/sites\/2\/2018\/08\/20180804_113112.jpg\" data-orig-size=\"2000,1291\" data-comments-opened=\"1\" data-image-meta=\"{&quot;aperture&quot;:&quot;2.2&quot;,&quot;credit&quot;:&quot;&quot;,&quot;camera&quot;:&quot;GT-I9505&quot;,&quot;caption&quot;:&quot;&quot;,&quot;created_timestamp&quot;:&quot;1533382271&quot;,&quot;copyright&quot;:&quot;&quot;,&quot;focal_length&quot;:&quot;4.2&quot;,&quot;iso&quot;:&quot;125&quot;,&quot;shutter_speed&quot;:&quot;0.04&quot;,&quot;title&quot;:&quot;&quot;,&quot;orientation&quot;:&quot;0&quot;,&quot;keywords&quot;:&quot;Array&quot;}\" data-image-title=\"P\u0103durea Neagr\u0103\" data-image-description=\"\" data-medium-file=\"https:\/\/www.passports.top\/en\/wp-content\/uploads\/sites\/2\/2018\/08\/20180804_113112-300x194.jpg\" data-large-file=\"https:\/\/www.passports.top\/en\/wp-content\/uploads\/sites\/2\/2018\/08\/20180804_113112-1024x661.jpg\" \/><\/a>\n\t\t\t<\/div><\/figure><figure class='gallery-item'>\n\t\t\t<div class='gallery-icon landscape'>\n\t\t\t\t<a href='https:\/\/www.passports.top\/en\/20180804_113326\/'><img loading=\"lazy\" decoding=\"async\" width=\"150\" height=\"150\" src=\"https:\/\/www.passports.top\/en\/wp-content\/uploads\/sites\/2\/2018\/08\/20180804_113326-150x150.jpg\" class=\"attachment-thumbnail size-thumbnail\" alt=\"\" data-attachment-id=\"1872\" data-orig-file=\"https:\/\/www.passports.top\/en\/wp-content\/uploads\/sites\/2\/2018\/08\/20180804_113326.jpg\" data-orig-size=\"2000,1281\" data-comments-opened=\"1\" data-image-meta=\"{&quot;aperture&quot;:&quot;2.2&quot;,&quot;credit&quot;:&quot;&quot;,&quot;camera&quot;:&quot;GT-I9505&quot;,&quot;caption&quot;:&quot;&quot;,&quot;created_timestamp&quot;:&quot;1533382406&quot;,&quot;copyright&quot;:&quot;&quot;,&quot;focal_length&quot;:&quot;4.2&quot;,&quot;iso&quot;:&quot;64&quot;,&quot;shutter_speed&quot;:&quot;0.028571428571429&quot;,&quot;title&quot;:&quot;&quot;,&quot;orientation&quot;:&quot;0&quot;,&quot;keywords&quot;:&quot;Array&quot;}\" data-image-title=\"P\u0103durea Neagr\u0103\" data-image-description=\"\" data-medium-file=\"https:\/\/www.passports.top\/en\/wp-content\/uploads\/sites\/2\/2018\/08\/20180804_113326-300x192.jpg\" data-large-file=\"https:\/\/www.passports.top\/en\/wp-content\/uploads\/sites\/2\/2018\/08\/20180804_113326-1024x656.jpg\" \/><\/a>\n\t\t\t<\/div><\/figure><figure class='gallery-item'>\n\t\t\t<div class='gallery-icon landscape'>\n\t\t\t\t<a href='https:\/\/www.passports.top\/en\/20180804_113346\/'><img loading=\"lazy\" decoding=\"async\" width=\"150\" height=\"150\" src=\"https:\/\/www.passports.top\/en\/wp-content\/uploads\/sites\/2\/2018\/08\/20180804_113346-150x150.jpg\" class=\"attachment-thumbnail size-thumbnail\" alt=\"\" data-attachment-id=\"1873\" data-orig-file=\"https:\/\/www.passports.top\/en\/wp-content\/uploads\/sites\/2\/2018\/08\/20180804_113346.jpg\" data-orig-size=\"2000,1125\" data-comments-opened=\"1\" data-image-meta=\"{&quot;aperture&quot;:&quot;2.2&quot;,&quot;credit&quot;:&quot;&quot;,&quot;camera&quot;:&quot;GT-I9505&quot;,&quot;caption&quot;:&quot;&quot;,&quot;created_timestamp&quot;:&quot;1533382425&quot;,&quot;copyright&quot;:&quot;&quot;,&quot;focal_length&quot;:&quot;4.2&quot;,&quot;iso&quot;:&quot;64&quot;,&quot;shutter_speed&quot;:&quot;0.02&quot;,&quot;title&quot;:&quot;&quot;,&quot;orientation&quot;:&quot;0&quot;,&quot;keywords&quot;:&quot;Array&quot;}\" data-image-title=\"P\u0103durea Neagr\u0103\" data-image-description=\"\" data-medium-file=\"https:\/\/www.passports.top\/en\/wp-content\/uploads\/sites\/2\/2018\/08\/20180804_113346-300x169.jpg\" data-large-file=\"https:\/\/www.passports.top\/en\/wp-content\/uploads\/sites\/2\/2018\/08\/20180804_113346-1024x576.jpg\" \/><\/a>\n\t\t\t<\/div><\/figure><figure class='gallery-item'>\n\t\t\t<div class='gallery-icon landscape'>\n\t\t\t\t<a href='https:\/\/www.passports.top\/en\/20180804_133649\/'><img loading=\"lazy\" decoding=\"async\" width=\"150\" height=\"150\" src=\"https:\/\/www.passports.top\/en\/wp-content\/uploads\/sites\/2\/2018\/08\/20180804_133649-150x150.jpg\" class=\"attachment-thumbnail size-thumbnail\" alt=\"\" data-attachment-id=\"1874\" data-orig-file=\"https:\/\/www.passports.top\/en\/wp-content\/uploads\/sites\/2\/2018\/08\/20180804_133649.jpg\" data-orig-size=\"2000,1125\" data-comments-opened=\"1\" data-image-meta=\"{&quot;aperture&quot;:&quot;2.2&quot;,&quot;credit&quot;:&quot;&quot;,&quot;camera&quot;:&quot;GT-I9505&quot;,&quot;caption&quot;:&quot;&quot;,&quot;created_timestamp&quot;:&quot;1533389809&quot;,&quot;copyright&quot;:&quot;&quot;,&quot;focal_length&quot;:&quot;4.2&quot;,&quot;iso&quot;:&quot;80&quot;,&quot;shutter_speed&quot;:&quot;0.028571428571429&quot;,&quot;title&quot;:&quot;&quot;,&quot;orientation&quot;:&quot;0&quot;,&quot;keywords&quot;:&quot;Array&quot;}\" data-image-title=\"P\u0103durea Neagr\u0103\" data-image-description=\"\" data-medium-file=\"https:\/\/www.passports.top\/en\/wp-content\/uploads\/sites\/2\/2018\/08\/20180804_133649-300x169.jpg\" data-large-file=\"https:\/\/www.passports.top\/en\/wp-content\/uploads\/sites\/2\/2018\/08\/20180804_133649-1024x576.jpg\" \/><\/a>\n\t\t\t<\/div><\/figure><figure class='gallery-item'>\n\t\t\t<div class='gallery-icon landscape'>\n\t\t\t\t<a href='https:\/\/www.passports.top\/en\/20180804_173039\/'><img loading=\"lazy\" decoding=\"async\" width=\"150\" height=\"150\" src=\"https:\/\/www.passports.top\/en\/wp-content\/uploads\/sites\/2\/2018\/08\/20180804_173039-150x150.jpg\" class=\"attachment-thumbnail size-thumbnail\" alt=\"\" data-attachment-id=\"1877\" data-orig-file=\"https:\/\/www.passports.top\/en\/wp-content\/uploads\/sites\/2\/2018\/08\/20180804_173039.jpg\" data-orig-size=\"2000,1163\" data-comments-opened=\"1\" data-image-meta=\"{&quot;aperture&quot;:&quot;2.2&quot;,&quot;credit&quot;:&quot;&quot;,&quot;camera&quot;:&quot;GT-I9505&quot;,&quot;caption&quot;:&quot;&quot;,&quot;created_timestamp&quot;:&quot;1533403839&quot;,&quot;copyright&quot;:&quot;&quot;,&quot;focal_length&quot;:&quot;4.2&quot;,&quot;iso&quot;:&quot;250&quot;,&quot;shutter_speed&quot;:&quot;0.058823529411765&quot;,&quot;title&quot;:&quot;&quot;,&quot;orientation&quot;:&quot;0&quot;,&quot;keywords&quot;:&quot;Array&quot;}\" data-image-title=\"P\u0103durea Neagr\u0103\" data-image-description=\"\" data-medium-file=\"https:\/\/www.passports.top\/en\/wp-content\/uploads\/sites\/2\/2018\/08\/20180804_173039-300x174.jpg\" data-large-file=\"https:\/\/www.passports.top\/en\/wp-content\/uploads\/sites\/2\/2018\/08\/20180804_173039-1024x595.jpg\" \/><\/a>\n\t\t\t<\/div><\/figure><figure class='gallery-item'>\n\t\t\t<div class='gallery-icon landscape'>\n\t\t\t\t<a href='https:\/\/www.passports.top\/en\/20180804_172940\/'><img loading=\"lazy\" decoding=\"async\" width=\"150\" height=\"150\" src=\"https:\/\/www.passports.top\/en\/wp-content\/uploads\/sites\/2\/2018\/08\/20180804_172940-150x150.jpg\" class=\"attachment-thumbnail size-thumbnail\" alt=\"\" data-attachment-id=\"1876\" data-orig-file=\"https:\/\/www.passports.top\/en\/wp-content\/uploads\/sites\/2\/2018\/08\/20180804_172940.jpg\" data-orig-size=\"2000,1125\" data-comments-opened=\"1\" data-image-meta=\"{&quot;aperture&quot;:&quot;2.2&quot;,&quot;credit&quot;:&quot;&quot;,&quot;camera&quot;:&quot;GT-I9505&quot;,&quot;caption&quot;:&quot;&quot;,&quot;created_timestamp&quot;:&quot;1533403780&quot;,&quot;copyright&quot;:&quot;&quot;,&quot;focal_length&quot;:&quot;4.2&quot;,&quot;iso&quot;:&quot;100&quot;,&quot;shutter_speed&quot;:&quot;0.05&quot;,&quot;title&quot;:&quot;&quot;,&quot;orientation&quot;:&quot;0&quot;,&quot;keywords&quot;:&quot;Array&quot;}\" data-image-title=\"P\u0103durea Neagr\u0103\" data-image-description=\"\" data-medium-file=\"https:\/\/www.passports.top\/en\/wp-content\/uploads\/sites\/2\/2018\/08\/20180804_172940-300x169.jpg\" data-large-file=\"https:\/\/www.passports.top\/en\/wp-content\/uploads\/sites\/2\/2018\/08\/20180804_172940-1024x576.jpg\" \/><\/a>\n\t\t\t<\/div><\/figure><figure class='gallery-item'>\n\t\t\t<div class='gallery-icon landscape'>\n\t\t\t\t<a href='https:\/\/www.passports.top\/en\/dsc_0026-8\/'><img loading=\"lazy\" decoding=\"async\" width=\"150\" height=\"150\" src=\"https:\/\/www.passports.top\/en\/wp-content\/uploads\/sites\/2\/2018\/08\/DSC_0026-150x150.jpg\" class=\"attachment-thumbnail size-thumbnail\" alt=\"\" data-attachment-id=\"1885\" data-orig-file=\"https:\/\/www.passports.top\/en\/wp-content\/uploads\/sites\/2\/2018\/08\/DSC_0026.jpg\" data-orig-size=\"2000,1333\" data-comments-opened=\"1\" data-image-meta=\"{&quot;aperture&quot;:&quot;6.3&quot;,&quot;credit&quot;:&quot;&quot;,&quot;camera&quot;:&quot;NIKON D5300&quot;,&quot;caption&quot;:&quot;&quot;,&quot;created_timestamp&quot;:&quot;1533382182&quot;,&quot;copyright&quot;:&quot;&quot;,&quot;focal_length&quot;:&quot;18&quot;,&quot;iso&quot;:&quot;1000&quot;,&quot;shutter_speed&quot;:&quot;0.066666666666667&quot;,&quot;title&quot;:&quot;&quot;,&quot;orientation&quot;:&quot;0&quot;,&quot;keywords&quot;:&quot;Array&quot;}\" data-image-title=\"P\u0103durea Neagr\u0103\" data-image-description=\"\" data-medium-file=\"https:\/\/www.passports.top\/en\/wp-content\/uploads\/sites\/2\/2018\/08\/DSC_0026-300x200.jpg\" data-large-file=\"https:\/\/www.passports.top\/en\/wp-content\/uploads\/sites\/2\/2018\/08\/DSC_0026-1024x682.jpg\" \/><\/a>\n\t\t\t<\/div><\/figure><figure class='gallery-item'>\n\t\t\t<div class='gallery-icon landscape'>\n\t\t\t\t<a href='https:\/\/www.passports.top\/en\/dsc_0075-3\/'><img loading=\"lazy\" decoding=\"async\" width=\"150\" height=\"150\" src=\"https:\/\/www.passports.top\/en\/wp-content\/uploads\/sites\/2\/2018\/08\/DSC_0075-150x150.jpg\" class=\"attachment-thumbnail size-thumbnail\" alt=\"\" data-attachment-id=\"1896\" data-orig-file=\"https:\/\/www.passports.top\/en\/wp-content\/uploads\/sites\/2\/2018\/08\/DSC_0075.jpg\" data-orig-size=\"2000,1333\" data-comments-opened=\"1\" data-image-meta=\"{&quot;aperture&quot;:&quot;7.1&quot;,&quot;credit&quot;:&quot;&quot;,&quot;camera&quot;:&quot;NIKON D5300&quot;,&quot;caption&quot;:&quot;&quot;,&quot;created_timestamp&quot;:&quot;1533389859&quot;,&quot;copyright&quot;:&quot;&quot;,&quot;focal_length&quot;:&quot;18&quot;,&quot;iso&quot;:&quot;400&quot;,&quot;shutter_speed&quot;:&quot;0.04&quot;,&quot;title&quot;:&quot;&quot;,&quot;orientation&quot;:&quot;0&quot;,&quot;keywords&quot;:&quot;Array&quot;}\" data-image-title=\"Triberg &#8211; P\u0103durea Neagr\u0103\" data-image-description=\"\" data-medium-file=\"https:\/\/www.passports.top\/en\/wp-content\/uploads\/sites\/2\/2018\/08\/DSC_0075-300x200.jpg\" data-large-file=\"https:\/\/www.passports.top\/en\/wp-content\/uploads\/sites\/2\/2018\/08\/DSC_0075-1024x682.jpg\" \/><\/a>\n\t\t\t<\/div><\/figure><figure class='gallery-item'>\n\t\t\t<div class='gallery-icon landscape'>\n\t\t\t\t<a href='https:\/\/www.passports.top\/en\/dsc_0069-2\/'><img loading=\"lazy\" decoding=\"async\" width=\"150\" height=\"150\" src=\"https:\/\/www.passports.top\/en\/wp-content\/uploads\/sites\/2\/2018\/08\/DSC_0069-150x150.jpg\" class=\"attachment-thumbnail size-thumbnail\" alt=\"\" data-attachment-id=\"1895\" data-orig-file=\"https:\/\/www.passports.top\/en\/wp-content\/uploads\/sites\/2\/2018\/08\/DSC_0069.jpg\" data-orig-size=\"2000,1333\" data-comments-opened=\"1\" data-image-meta=\"{&quot;aperture&quot;:&quot;9&quot;,&quot;credit&quot;:&quot;&quot;,&quot;camera&quot;:&quot;NIKON D5300&quot;,&quot;caption&quot;:&quot;&quot;,&quot;created_timestamp&quot;:&quot;1533389529&quot;,&quot;copyright&quot;:&quot;&quot;,&quot;focal_length&quot;:&quot;25&quot;,&quot;iso&quot;:&quot;400&quot;,&quot;shutter_speed&quot;:&quot;0.008&quot;,&quot;title&quot;:&quot;&quot;,&quot;orientation&quot;:&quot;0&quot;,&quot;keywords&quot;:&quot;Array&quot;}\" data-image-title=\"Triberg &#8211; P\u0103durea Neagr\u0103\" data-image-description=\"\" data-medium-file=\"https:\/\/www.passports.top\/en\/wp-content\/uploads\/sites\/2\/2018\/08\/DSC_0069-300x200.jpg\" data-large-file=\"https:\/\/www.passports.top\/en\/wp-content\/uploads\/sites\/2\/2018\/08\/DSC_0069-1024x682.jpg\" \/><\/a>\n\t\t\t<\/div><\/figure><figure class='gallery-item'>\n\t\t\t<div class='gallery-icon landscape'>\n\t\t\t\t<a href='https:\/\/www.passports.top\/en\/dsc_0005-11\/'><img loading=\"lazy\" decoding=\"async\" width=\"150\" height=\"150\" src=\"https:\/\/www.passports.top\/en\/wp-content\/uploads\/sites\/2\/2018\/08\/DSC_0005-150x150.jpg\" class=\"attachment-thumbnail size-thumbnail\" alt=\"\" data-attachment-id=\"1879\" data-orig-file=\"https:\/\/www.passports.top\/en\/wp-content\/uploads\/sites\/2\/2018\/08\/DSC_0005.jpg\" data-orig-size=\"2000,1333\" data-comments-opened=\"1\" data-image-meta=\"{&quot;aperture&quot;:&quot;11&quot;,&quot;credit&quot;:&quot;&quot;,&quot;camera&quot;:&quot;NIKON D5300&quot;,&quot;caption&quot;:&quot;&quot;,&quot;created_timestamp&quot;:&quot;1533377700&quot;,&quot;copyright&quot;:&quot;&quot;,&quot;focal_length&quot;:&quot;18&quot;,&quot;iso&quot;:&quot;400&quot;,&quot;shutter_speed&quot;:&quot;0.002&quot;,&quot;title&quot;:&quot;&quot;,&quot;orientation&quot;:&quot;0&quot;,&quot;keywords&quot;:&quot;Array&quot;}\" data-image-title=\"Sommerrodelbahn Gutach &#8211; P\u0103durea Neagr\u0103\" data-image-description=\"\" data-medium-file=\"https:\/\/www.passports.top\/en\/wp-content\/uploads\/sites\/2\/2018\/08\/DSC_0005-300x200.jpg\" data-large-file=\"https:\/\/www.passports.top\/en\/wp-content\/uploads\/sites\/2\/2018\/08\/DSC_0005-1024x682.jpg\" \/><\/a>\n\t\t\t<\/div><\/figure><figure class='gallery-item'>\n\t\t\t<div class='gallery-icon landscape'>\n\t\t\t\t<a href='https:\/\/www.passports.top\/en\/dsc_0009-3\/'><img loading=\"lazy\" decoding=\"async\" width=\"150\" height=\"150\" src=\"https:\/\/www.passports.top\/en\/wp-content\/uploads\/sites\/2\/2018\/08\/DSC_0009-150x150.jpg\" class=\"attachment-thumbnail size-thumbnail\" alt=\"\" data-attachment-id=\"1880\" data-orig-file=\"https:\/\/www.passports.top\/en\/wp-content\/uploads\/sites\/2\/2018\/08\/DSC_0009.jpg\" data-orig-size=\"2000,1333\" data-comments-opened=\"1\" data-image-meta=\"{&quot;aperture&quot;:&quot;11&quot;,&quot;credit&quot;:&quot;&quot;,&quot;camera&quot;:&quot;NIKON D5300&quot;,&quot;caption&quot;:&quot;&quot;,&quot;created_timestamp&quot;:&quot;1533378866&quot;,&quot;copyright&quot;:&quot;&quot;,&quot;focal_length&quot;:&quot;18&quot;,&quot;iso&quot;:&quot;400&quot;,&quot;shutter_speed&quot;:&quot;0.0025&quot;,&quot;title&quot;:&quot;&quot;,&quot;orientation&quot;:&quot;0&quot;,&quot;keywords&quot;:&quot;Array&quot;}\" data-image-title=\"Sommerrodelbahn Gutach &#8211; P\u0103durea Neagr\u0103\" data-image-description=\"\" data-medium-file=\"https:\/\/www.passports.top\/en\/wp-content\/uploads\/sites\/2\/2018\/08\/DSC_0009-300x200.jpg\" data-large-file=\"https:\/\/www.passports.top\/en\/wp-content\/uploads\/sites\/2\/2018\/08\/DSC_0009-1024x682.jpg\" \/><\/a>\n\t\t\t<\/div><\/figure><figure class='gallery-item'>\n\t\t\t<div class='gallery-icon landscape'>\n\t\t\t\t<a href='https:\/\/www.passports.top\/en\/dsc_0011-5\/'><img loading=\"lazy\" decoding=\"async\" width=\"150\" height=\"150\" src=\"https:\/\/www.passports.top\/en\/wp-content\/uploads\/sites\/2\/2018\/08\/DSC_0011-150x150.jpg\" class=\"attachment-thumbnail size-thumbnail\" alt=\"\" data-attachment-id=\"1881\" data-orig-file=\"https:\/\/www.passports.top\/en\/wp-content\/uploads\/sites\/2\/2018\/08\/DSC_0011.jpg\" data-orig-size=\"2000,1333\" data-comments-opened=\"1\" data-image-meta=\"{&quot;aperture&quot;:&quot;11&quot;,&quot;credit&quot;:&quot;&quot;,&quot;camera&quot;:&quot;NIKON D5300&quot;,&quot;caption&quot;:&quot;&quot;,&quot;created_timestamp&quot;:&quot;1533379793&quot;,&quot;copyright&quot;:&quot;&quot;,&quot;focal_length&quot;:&quot;42&quot;,&quot;iso&quot;:&quot;400&quot;,&quot;shutter_speed&quot;:&quot;0.002&quot;,&quot;title&quot;:&quot;&quot;,&quot;orientation&quot;:&quot;0&quot;,&quot;keywords&quot;:&quot;Array&quot;}\" data-image-title=\"Sommerrodelbahn Gutach &#8211; P\u0103durea Neagr\u0103\" data-image-description=\"\" data-medium-file=\"https:\/\/www.passports.top\/en\/wp-content\/uploads\/sites\/2\/2018\/08\/DSC_0011-300x200.jpg\" data-large-file=\"https:\/\/www.passports.top\/en\/wp-content\/uploads\/sites\/2\/2018\/08\/DSC_0011-1024x682.jpg\" \/><\/a>\n\t\t\t<\/div><\/figure><figure class='gallery-item'>\n\t\t\t<div class='gallery-icon landscape'>\n\t\t\t\t<a href='https:\/\/www.passports.top\/en\/dsc_0001-5\/'><img loading=\"lazy\" decoding=\"async\" width=\"150\" height=\"150\" src=\"https:\/\/www.passports.top\/en\/wp-content\/uploads\/sites\/2\/2018\/08\/DSC_0001-150x150.jpg\" class=\"attachment-thumbnail size-thumbnail\" alt=\"\" data-attachment-id=\"1878\" data-orig-file=\"https:\/\/www.passports.top\/en\/wp-content\/uploads\/sites\/2\/2018\/08\/DSC_0001.jpg\" data-orig-size=\"2000,1333\" data-comments-opened=\"1\" data-image-meta=\"{&quot;aperture&quot;:&quot;8&quot;,&quot;credit&quot;:&quot;&quot;,&quot;camera&quot;:&quot;NIKON D5300&quot;,&quot;caption&quot;:&quot;&quot;,&quot;created_timestamp&quot;:&quot;1533377641&quot;,&quot;copyright&quot;:&quot;&quot;,&quot;focal_length&quot;:&quot;50&quot;,&quot;iso&quot;:&quot;200&quot;,&quot;shutter_speed&quot;:&quot;0.004&quot;,&quot;title&quot;:&quot;&quot;,&quot;orientation&quot;:&quot;0&quot;,&quot;keywords&quot;:&quot;Array&quot;}\" data-image-title=\"Sommerrodelbahn Gutach &#8211; P\u0103durea Neagr\u0103\" data-image-description=\"\" data-medium-file=\"https:\/\/www.passports.top\/en\/wp-content\/uploads\/sites\/2\/2018\/08\/DSC_0001-300x200.jpg\" data-large-file=\"https:\/\/www.passports.top\/en\/wp-content\/uploads\/sites\/2\/2018\/08\/DSC_0001-1024x682.jpg\" \/><\/a>\n\t\t\t<\/div><\/figure><figure class='gallery-item'>\n\t\t\t<div class='gallery-icon landscape'>\n\t\t\t\t<a href='https:\/\/www.passports.top\/en\/dsc_0128-4\/'><img loading=\"lazy\" decoding=\"async\" width=\"150\" height=\"150\" src=\"https:\/\/www.passports.top\/en\/wp-content\/uploads\/sites\/2\/2018\/08\/DSC_0128-1-150x150.jpg\" class=\"attachment-thumbnail size-thumbnail\" alt=\"\" data-attachment-id=\"1910\" data-orig-file=\"https:\/\/www.passports.top\/en\/wp-content\/uploads\/sites\/2\/2018\/08\/DSC_0128-1.jpg\" data-orig-size=\"2000,1333\" data-comments-opened=\"1\" data-image-meta=\"{&quot;aperture&quot;:&quot;11&quot;,&quot;credit&quot;:&quot;&quot;,&quot;camera&quot;:&quot;NIKON D5300&quot;,&quot;caption&quot;:&quot;&quot;,&quot;created_timestamp&quot;:&quot;1533403624&quot;,&quot;copyright&quot;:&quot;&quot;,&quot;focal_length&quot;:&quot;18&quot;,&quot;iso&quot;:&quot;400&quot;,&quot;shutter_speed&quot;:&quot;0.002&quot;,&quot;title&quot;:&quot;&quot;,&quot;orientation&quot;:&quot;0&quot;,&quot;keywords&quot;:&quot;Array&quot;}\" data-image-title=\"Titisee &#8211; P\u0103durea Neagr\u0103\" data-image-description=\"\" data-medium-file=\"https:\/\/www.passports.top\/en\/wp-content\/uploads\/sites\/2\/2018\/08\/DSC_0128-1-300x200.jpg\" data-large-file=\"https:\/\/www.passports.top\/en\/wp-content\/uploads\/sites\/2\/2018\/08\/DSC_0128-1-1024x682.jpg\" \/><\/a>\n\t\t\t<\/div><\/figure><figure class='gallery-item'>\n\t\t\t<div class='gallery-icon landscape'>\n\t\t\t\t<a href='https:\/\/www.passports.top\/en\/dsc_0169-5\/'><img loading=\"lazy\" decoding=\"async\" width=\"150\" height=\"150\" src=\"https:\/\/www.passports.top\/en\/wp-content\/uploads\/sites\/2\/2018\/08\/DSC_0169-1-150x150.jpg\" class=\"attachment-thumbnail size-thumbnail\" alt=\"\" data-attachment-id=\"1917\" data-orig-file=\"https:\/\/www.passports.top\/en\/wp-content\/uploads\/sites\/2\/2018\/08\/DSC_0169-1.jpg\" data-orig-size=\"2000,1333\" data-comments-opened=\"1\" data-image-meta=\"{&quot;aperture&quot;:&quot;11&quot;,&quot;credit&quot;:&quot;&quot;,&quot;camera&quot;:&quot;NIKON D5300&quot;,&quot;caption&quot;:&quot;&quot;,&quot;created_timestamp&quot;:&quot;1533406187&quot;,&quot;copyright&quot;:&quot;&quot;,&quot;focal_length&quot;:&quot;40&quot;,&quot;iso&quot;:&quot;400&quot;,&quot;shutter_speed&quot;:&quot;0.0025&quot;,&quot;title&quot;:&quot;&quot;,&quot;orientation&quot;:&quot;0&quot;,&quot;keywords&quot;:&quot;Array&quot;}\" data-image-title=\"Titisee &#8211; P\u0103durea Neagr\u0103\" data-image-description=\"\" data-medium-file=\"https:\/\/www.passports.top\/en\/wp-content\/uploads\/sites\/2\/2018\/08\/DSC_0169-1-300x200.jpg\" data-large-file=\"https:\/\/www.passports.top\/en\/wp-content\/uploads\/sites\/2\/2018\/08\/DSC_0169-1-1024x682.jpg\" \/><\/a>\n\t\t\t<\/div><\/figure><figure class='gallery-item'>\n\t\t\t<div class='gallery-icon landscape'>\n\t\t\t\t<a href='https:\/\/www.passports.top\/en\/dsc_0131\/'><img loading=\"lazy\" decoding=\"async\" width=\"150\" height=\"150\" src=\"https:\/\/www.passports.top\/en\/wp-content\/uploads\/sites\/2\/2018\/08\/DSC_0131-150x150.jpg\" class=\"attachment-thumbnail size-thumbnail\" alt=\"\" data-attachment-id=\"1911\" data-orig-file=\"https:\/\/www.passports.top\/en\/wp-content\/uploads\/sites\/2\/2018\/08\/DSC_0131.jpg\" data-orig-size=\"2000,1333\" data-comments-opened=\"1\" data-image-meta=\"{&quot;aperture&quot;:&quot;11&quot;,&quot;credit&quot;:&quot;&quot;,&quot;camera&quot;:&quot;NIKON D5300&quot;,&quot;caption&quot;:&quot;&quot;,&quot;created_timestamp&quot;:&quot;1533404181&quot;,&quot;copyright&quot;:&quot;&quot;,&quot;focal_length&quot;:&quot;18&quot;,&quot;iso&quot;:&quot;400&quot;,&quot;shutter_speed&quot;:&quot;0.002&quot;,&quot;title&quot;:&quot;&quot;,&quot;orientation&quot;:&quot;0&quot;,&quot;keywords&quot;:&quot;Array&quot;}\" data-image-title=\"Titisee &#8211; P\u0103durea Neagr\u0103\" data-image-description=\"\" data-medium-file=\"https:\/\/www.passports.top\/en\/wp-content\/uploads\/sites\/2\/2018\/08\/DSC_0131-300x200.jpg\" data-large-file=\"https:\/\/www.passports.top\/en\/wp-content\/uploads\/sites\/2\/2018\/08\/DSC_0131-1024x682.jpg\" \/><\/a>\n\t\t\t<\/div><\/figure><figure class='gallery-item'>\n\t\t\t<div class='gallery-icon landscape'>\n\t\t\t\t<a href='https:\/\/www.passports.top\/en\/dsc_0158-4\/'><img loading=\"lazy\" decoding=\"async\" width=\"150\" height=\"150\" src=\"https:\/\/www.passports.top\/en\/wp-content\/uploads\/sites\/2\/2018\/08\/DSC_0158-1-150x150.jpg\" class=\"attachment-thumbnail size-thumbnail\" alt=\"\" data-attachment-id=\"1914\" data-orig-file=\"https:\/\/www.passports.top\/en\/wp-content\/uploads\/sites\/2\/2018\/08\/DSC_0158-1.jpg\" data-orig-size=\"2000,1333\" data-comments-opened=\"1\" data-image-meta=\"{&quot;aperture&quot;:&quot;10&quot;,&quot;credit&quot;:&quot;&quot;,&quot;camera&quot;:&quot;NIKON D5300&quot;,&quot;caption&quot;:&quot;&quot;,&quot;created_timestamp&quot;:&quot;1533405698&quot;,&quot;copyright&quot;:&quot;&quot;,&quot;focal_length&quot;:&quot;26&quot;,&quot;iso&quot;:&quot;400&quot;,&quot;shutter_speed&quot;:&quot;0.004&quot;,&quot;title&quot;:&quot;&quot;,&quot;orientation&quot;:&quot;0&quot;,&quot;keywords&quot;:&quot;Array&quot;}\" data-image-title=\"Titisee &#8211; P\u0103durea Neagr\u0103\" data-image-description=\"\" data-medium-file=\"https:\/\/www.passports.top\/en\/wp-content\/uploads\/sites\/2\/2018\/08\/DSC_0158-1-300x200.jpg\" data-large-file=\"https:\/\/www.passports.top\/en\/wp-content\/uploads\/sites\/2\/2018\/08\/DSC_0158-1-1024x682.jpg\" \/><\/a>\n\t\t\t<\/div><\/figure><figure class='gallery-item'>\n\t\t\t<div class='gallery-icon landscape'>\n\t\t\t\t<a href='https:\/\/www.passports.top\/en\/dsc_0164-3\/'><img loading=\"lazy\" decoding=\"async\" width=\"150\" height=\"150\" src=\"https:\/\/www.passports.top\/en\/wp-content\/uploads\/sites\/2\/2018\/08\/DSC_0164-1-150x150.jpg\" class=\"attachment-thumbnail size-thumbnail\" alt=\"\" data-attachment-id=\"1915\" data-orig-file=\"https:\/\/www.passports.top\/en\/wp-content\/uploads\/sites\/2\/2018\/08\/DSC_0164-1.jpg\" data-orig-size=\"2000,1359\" data-comments-opened=\"1\" data-image-meta=\"{&quot;aperture&quot;:&quot;11&quot;,&quot;credit&quot;:&quot;&quot;,&quot;camera&quot;:&quot;NIKON D5300&quot;,&quot;caption&quot;:&quot;&quot;,&quot;created_timestamp&quot;:&quot;1533405906&quot;,&quot;copyright&quot;:&quot;&quot;,&quot;focal_length&quot;:&quot;24&quot;,&quot;iso&quot;:&quot;400&quot;,&quot;shutter_speed&quot;:&quot;0.0025&quot;,&quot;title&quot;:&quot;&quot;,&quot;orientation&quot;:&quot;0&quot;,&quot;keywords&quot;:&quot;Array&quot;}\" data-image-title=\"Titisee &#8211; P\u0103durea Neagr\u0103\" data-image-description=\"\" data-medium-file=\"https:\/\/www.passports.top\/en\/wp-content\/uploads\/sites\/2\/2018\/08\/DSC_0164-1-300x204.jpg\" data-large-file=\"https:\/\/www.passports.top\/en\/wp-content\/uploads\/sites\/2\/2018\/08\/DSC_0164-1-1024x696.jpg\" \/><\/a>\n\t\t\t<\/div><\/figure><figure class='gallery-item'>\n\t\t\t<div class='gallery-icon landscape'>\n\t\t\t\t<a href='https:\/\/www.passports.top\/en\/dsc_0165-4\/'><img loading=\"lazy\" decoding=\"async\" width=\"150\" height=\"150\" src=\"https:\/\/www.passports.top\/en\/wp-content\/uploads\/sites\/2\/2018\/08\/DSC_0165-1-150x150.jpg\" class=\"attachment-thumbnail size-thumbnail\" alt=\"\" data-attachment-id=\"1916\" data-orig-file=\"https:\/\/www.passports.top\/en\/wp-content\/uploads\/sites\/2\/2018\/08\/DSC_0165-1.jpg\" data-orig-size=\"2000,1333\" data-comments-opened=\"1\" data-image-meta=\"{&quot;aperture&quot;:&quot;11&quot;,&quot;credit&quot;:&quot;&quot;,&quot;camera&quot;:&quot;NIKON D5300&quot;,&quot;caption&quot;:&quot;&quot;,&quot;created_timestamp&quot;:&quot;1533405983&quot;,&quot;copyright&quot;:&quot;&quot;,&quot;focal_length&quot;:&quot;18&quot;,&quot;iso&quot;:&quot;400&quot;,&quot;shutter_speed&quot;:&quot;0.003125&quot;,&quot;title&quot;:&quot;&quot;,&quot;orientation&quot;:&quot;0&quot;,&quot;keywords&quot;:&quot;Array&quot;}\" data-image-title=\"Titisee &#8211; P\u0103durea Neagr\u0103\" data-image-description=\"\" data-medium-file=\"https:\/\/www.passports.top\/en\/wp-content\/uploads\/sites\/2\/2018\/08\/DSC_0165-1-300x200.jpg\" data-large-file=\"https:\/\/www.passports.top\/en\/wp-content\/uploads\/sites\/2\/2018\/08\/DSC_0165-1-1024x682.jpg\" \/><\/a>\n\t\t\t<\/div><\/figure><figure class='gallery-item'>\n\t\t\t<div class='gallery-icon landscape'>\n\t\t\t\t<a href='https:\/\/www.passports.top\/en\/dsc_0151-4\/'><img loading=\"lazy\" decoding=\"async\" width=\"150\" height=\"150\" src=\"https:\/\/www.passports.top\/en\/wp-content\/uploads\/sites\/2\/2018\/08\/DSC_0151-1-150x150.jpg\" class=\"attachment-thumbnail size-thumbnail\" alt=\"\" data-attachment-id=\"1912\" data-orig-file=\"https:\/\/www.passports.top\/en\/wp-content\/uploads\/sites\/2\/2018\/08\/DSC_0151-1.jpg\" data-orig-size=\"2000,1333\" data-comments-opened=\"1\" data-image-meta=\"{&quot;aperture&quot;:&quot;10&quot;,&quot;credit&quot;:&quot;&quot;,&quot;camera&quot;:&quot;NIKON D5300&quot;,&quot;caption&quot;:&quot;&quot;,&quot;created_timestamp&quot;:&quot;1533405292&quot;,&quot;copyright&quot;:&quot;&quot;,&quot;focal_length&quot;:&quot;32&quot;,&quot;iso&quot;:&quot;400&quot;,&quot;shutter_speed&quot;:&quot;0.005&quot;,&quot;title&quot;:&quot;&quot;,&quot;orientation&quot;:&quot;0&quot;,&quot;keywords&quot;:&quot;Array&quot;}\" data-image-title=\"Titisee &#8211; P\u0103durea Neagr\u0103\" data-image-description=\"\" data-medium-file=\"https:\/\/www.passports.top\/en\/wp-content\/uploads\/sites\/2\/2018\/08\/DSC_0151-1-300x200.jpg\" data-large-file=\"https:\/\/www.passports.top\/en\/wp-content\/uploads\/sites\/2\/2018\/08\/DSC_0151-1-1024x682.jpg\" \/><\/a>\n\t\t\t<\/div><\/figure><figure class='gallery-item'>\n\t\t\t<div class='gallery-icon landscape'>\n\t\t\t\t<a href='https:\/\/www.passports.top\/en\/dsc_0154-2\/'><img loading=\"lazy\" decoding=\"async\" width=\"150\" height=\"150\" src=\"https:\/\/www.passports.top\/en\/wp-content\/uploads\/sites\/2\/2018\/08\/DSC_0154-150x150.jpg\" class=\"attachment-thumbnail size-thumbnail\" alt=\"\" data-attachment-id=\"1913\" data-orig-file=\"https:\/\/www.passports.top\/en\/wp-content\/uploads\/sites\/2\/2018\/08\/DSC_0154.jpg\" data-orig-size=\"2000,1333\" data-comments-opened=\"1\" data-image-meta=\"{&quot;aperture&quot;:&quot;11&quot;,&quot;credit&quot;:&quot;&quot;,&quot;camera&quot;:&quot;NIKON D5300&quot;,&quot;caption&quot;:&quot;&quot;,&quot;created_timestamp&quot;:&quot;1533405452&quot;,&quot;copyright&quot;:&quot;&quot;,&quot;focal_length&quot;:&quot;28&quot;,&quot;iso&quot;:&quot;400&quot;,&quot;shutter_speed&quot;:&quot;0.0025&quot;,&quot;title&quot;:&quot;&quot;,&quot;orientation&quot;:&quot;0&quot;,&quot;keywords&quot;:&quot;Array&quot;}\" data-image-title=\"Titisee &#8211; P\u0103durea Neagr\u0103\" data-image-description=\"\" data-medium-file=\"https:\/\/www.passports.top\/en\/wp-content\/uploads\/sites\/2\/2018\/08\/DSC_0154-300x200.jpg\" data-large-file=\"https:\/\/www.passports.top\/en\/wp-content\/uploads\/sites\/2\/2018\/08\/DSC_0154-1024x682.jpg\" \/><\/a>\n\t\t\t<\/div><\/figure><figure class='gallery-item'>\n\t\t\t<div class='gallery-icon landscape'>\n\t\t\t\t<a href='https:\/\/www.passports.top\/en\/dsc_0173-4\/'><img loading=\"lazy\" decoding=\"async\" width=\"150\" height=\"150\" src=\"https:\/\/www.passports.top\/en\/wp-content\/uploads\/sites\/2\/2018\/08\/DSC_0173-1-150x150.jpg\" class=\"attachment-thumbnail size-thumbnail\" alt=\"\" data-attachment-id=\"1918\" data-orig-file=\"https:\/\/www.passports.top\/en\/wp-content\/uploads\/sites\/2\/2018\/08\/DSC_0173-1.jpg\" data-orig-size=\"2000,1333\" data-comments-opened=\"1\" data-image-meta=\"{&quot;aperture&quot;:&quot;11&quot;,&quot;credit&quot;:&quot;&quot;,&quot;camera&quot;:&quot;NIKON D5300&quot;,&quot;caption&quot;:&quot;&quot;,&quot;created_timestamp&quot;:&quot;1533407891&quot;,&quot;copyright&quot;:&quot;&quot;,&quot;focal_length&quot;:&quot;18&quot;,&quot;iso&quot;:&quot;280&quot;,&quot;shutter_speed&quot;:&quot;0.002&quot;,&quot;title&quot;:&quot;&quot;,&quot;orientation&quot;:&quot;0&quot;,&quot;keywords&quot;:&quot;Array&quot;}\" data-image-title=\"Titisee &#8211; P\u0103durea Neagr\u0103\" data-image-description=\"\" data-medium-file=\"https:\/\/www.passports.top\/en\/wp-content\/uploads\/sites\/2\/2018\/08\/DSC_0173-1-300x200.jpg\" data-large-file=\"https:\/\/www.passports.top\/en\/wp-content\/uploads\/sites\/2\/2018\/08\/DSC_0173-1-1024x682.jpg\" \/><\/a>\n\t\t\t<\/div><\/figure><figure class='gallery-item'>\n\t\t\t<div class='gallery-icon landscape'>\n\t\t\t\t<a href='https:\/\/www.passports.top\/en\/dsc_0244-3\/'><img loading=\"lazy\" decoding=\"async\" width=\"150\" height=\"150\" src=\"https:\/\/www.passports.top\/en\/wp-content\/uploads\/sites\/2\/2018\/08\/DSC_0244-150x150.jpg\" class=\"attachment-thumbnail size-thumbnail\" alt=\"\" data-attachment-id=\"1940\" data-orig-file=\"https:\/\/www.passports.top\/en\/wp-content\/uploads\/sites\/2\/2018\/08\/DSC_0244.jpg\" data-orig-size=\"2000,1333\" data-comments-opened=\"1\" data-image-meta=\"{&quot;aperture&quot;:&quot;11&quot;,&quot;credit&quot;:&quot;&quot;,&quot;camera&quot;:&quot;NIKON D5300&quot;,&quot;caption&quot;:&quot;&quot;,&quot;created_timestamp&quot;:&quot;1533471593&quot;,&quot;copyright&quot;:&quot;&quot;,&quot;focal_length&quot;:&quot;38&quot;,&quot;iso&quot;:&quot;320&quot;,&quot;shutter_speed&quot;:&quot;0.002&quot;,&quot;title&quot;:&quot;&quot;,&quot;orientation&quot;:&quot;0&quot;,&quot;keywords&quot;:&quot;Array&quot;}\" data-image-title=\"Freiburg im Breisgau &#8211; P\u0103durea Neagr\u0103\" data-image-description=\"\" data-medium-file=\"https:\/\/www.passports.top\/en\/wp-content\/uploads\/sites\/2\/2018\/08\/DSC_0244-300x200.jpg\" data-large-file=\"https:\/\/www.passports.top\/en\/wp-content\/uploads\/sites\/2\/2018\/08\/DSC_0244-1024x682.jpg\" \/><\/a>\n\t\t\t<\/div><\/figure><figure class='gallery-item'>\n\t\t\t<div class='gallery-icon landscape'>\n\t\t\t\t<a href='https:\/\/www.passports.top\/en\/dsc_0175\/'><img loading=\"lazy\" decoding=\"async\" width=\"150\" height=\"150\" src=\"https:\/\/www.passports.top\/en\/wp-content\/uploads\/sites\/2\/2018\/08\/DSC_0175-150x150.jpg\" class=\"attachment-thumbnail size-thumbnail\" alt=\"\" data-attachment-id=\"1920\" data-orig-file=\"https:\/\/www.passports.top\/en\/wp-content\/uploads\/sites\/2\/2018\/08\/DSC_0175.jpg\" data-orig-size=\"2000,1333\" data-comments-opened=\"1\" data-image-meta=\"{&quot;aperture&quot;:&quot;11&quot;,&quot;credit&quot;:&quot;&quot;,&quot;camera&quot;:&quot;NIKON D5300&quot;,&quot;caption&quot;:&quot;&quot;,&quot;created_timestamp&quot;:&quot;1533464447&quot;,&quot;copyright&quot;:&quot;&quot;,&quot;focal_length&quot;:&quot;40&quot;,&quot;iso&quot;:&quot;400&quot;,&quot;shutter_speed&quot;:&quot;0.002&quot;,&quot;title&quot;:&quot;&quot;,&quot;orientation&quot;:&quot;0&quot;,&quot;keywords&quot;:&quot;Array&quot;}\" data-image-title=\"Freiburg im Breisgau &#8211; P\u0103durea Neagr\u0103\" data-image-description=\"\" data-medium-file=\"https:\/\/www.passports.top\/en\/wp-content\/uploads\/sites\/2\/2018\/08\/DSC_0175-300x200.jpg\" data-large-file=\"https:\/\/www.passports.top\/en\/wp-content\/uploads\/sites\/2\/2018\/08\/DSC_0175-1024x682.jpg\" \/><\/a>\n\t\t\t<\/div><\/figure><figure class='gallery-item'>\n\t\t\t<div class='gallery-icon landscape'>\n\t\t\t\t<a href='https:\/\/www.passports.top\/en\/dsc_0177-8\/'><img loading=\"lazy\" decoding=\"async\" width=\"150\" height=\"150\" src=\"https:\/\/www.passports.top\/en\/wp-content\/uploads\/sites\/2\/2018\/08\/DSC_0177-1-150x150.jpg\" class=\"attachment-thumbnail size-thumbnail\" alt=\"\" data-attachment-id=\"1921\" data-orig-file=\"https:\/\/www.passports.top\/en\/wp-content\/uploads\/sites\/2\/2018\/08\/DSC_0177-1.jpg\" data-orig-size=\"2000,1333\" data-comments-opened=\"1\" data-image-meta=\"{&quot;aperture&quot;:&quot;11&quot;,&quot;credit&quot;:&quot;&quot;,&quot;camera&quot;:&quot;NIKON D5300&quot;,&quot;caption&quot;:&quot;&quot;,&quot;created_timestamp&quot;:&quot;1533464616&quot;,&quot;copyright&quot;:&quot;&quot;,&quot;focal_length&quot;:&quot;18&quot;,&quot;iso&quot;:&quot;400&quot;,&quot;shutter_speed&quot;:&quot;0.002&quot;,&quot;title&quot;:&quot;&quot;,&quot;orientation&quot;:&quot;0&quot;,&quot;keywords&quot;:&quot;Array&quot;}\" data-image-title=\"Freiburg im Breisgau &#8211; P\u0103durea Neagr\u0103\" data-image-description=\"\" data-medium-file=\"https:\/\/www.passports.top\/en\/wp-content\/uploads\/sites\/2\/2018\/08\/DSC_0177-1-300x200.jpg\" data-large-file=\"https:\/\/www.passports.top\/en\/wp-content\/uploads\/sites\/2\/2018\/08\/DSC_0177-1-1024x682.jpg\" \/><\/a>\n\t\t\t<\/div><\/figure><figure class='gallery-item'>\n\t\t\t<div class='gallery-icon landscape'>\n\t\t\t\t<a href='https:\/\/www.passports.top\/en\/dsc_0195-3\/'><img loading=\"lazy\" decoding=\"async\" width=\"150\" height=\"150\" src=\"https:\/\/www.passports.top\/en\/wp-content\/uploads\/sites\/2\/2018\/08\/DSC_0195-150x150.jpg\" class=\"attachment-thumbnail size-thumbnail\" alt=\"\" data-attachment-id=\"1923\" data-orig-file=\"https:\/\/www.passports.top\/en\/wp-content\/uploads\/sites\/2\/2018\/08\/DSC_0195.jpg\" data-orig-size=\"2000,1333\" data-comments-opened=\"1\" data-image-meta=\"{&quot;aperture&quot;:&quot;11&quot;,&quot;credit&quot;:&quot;&quot;,&quot;camera&quot;:&quot;NIKON D5300&quot;,&quot;caption&quot;:&quot;&quot;,&quot;created_timestamp&quot;:&quot;1533465142&quot;,&quot;copyright&quot;:&quot;&quot;,&quot;focal_length&quot;:&quot;25&quot;,&quot;iso&quot;:&quot;320&quot;,&quot;shutter_speed&quot;:&quot;0.002&quot;,&quot;title&quot;:&quot;&quot;,&quot;orientation&quot;:&quot;0&quot;,&quot;keywords&quot;:&quot;Array&quot;}\" data-image-title=\"Freiburg im Breisgau &#8211; P\u0103durea Neagr\u0103\" data-image-description=\"\" data-medium-file=\"https:\/\/www.passports.top\/en\/wp-content\/uploads\/sites\/2\/2018\/08\/DSC_0195-300x200.jpg\" data-large-file=\"https:\/\/www.passports.top\/en\/wp-content\/uploads\/sites\/2\/2018\/08\/DSC_0195-1024x682.jpg\" \/><\/a>\n\t\t\t<\/div><\/figure><figure class='gallery-item'>\n\t\t\t<div class='gallery-icon portrait'>\n\t\t\t\t<a href='https:\/\/www.passports.top\/en\/dsc_0190-3\/'><img loading=\"lazy\" decoding=\"async\" width=\"150\" height=\"150\" src=\"https:\/\/www.passports.top\/en\/wp-content\/uploads\/sites\/2\/2018\/08\/DSC_0190-150x150.jpg\" class=\"attachment-thumbnail size-thumbnail\" alt=\"\" data-attachment-id=\"1922\" data-orig-file=\"https:\/\/www.passports.top\/en\/wp-content\/uploads\/sites\/2\/2018\/08\/DSC_0190.jpg\" data-orig-size=\"1333,2000\" data-comments-opened=\"1\" data-image-meta=\"{&quot;aperture&quot;:&quot;11&quot;,&quot;credit&quot;:&quot;&quot;,&quot;camera&quot;:&quot;NIKON D5300&quot;,&quot;caption&quot;:&quot;&quot;,&quot;created_timestamp&quot;:&quot;1533464981&quot;,&quot;copyright&quot;:&quot;&quot;,&quot;focal_length&quot;:&quot;18&quot;,&quot;iso&quot;:&quot;360&quot;,&quot;shutter_speed&quot;:&quot;0.002&quot;,&quot;title&quot;:&quot;&quot;,&quot;orientation&quot;:&quot;0&quot;,&quot;keywords&quot;:&quot;Array&quot;}\" data-image-title=\"Freiburg im Breisgau &#8211; P\u0103durea Neagr\u0103\" data-image-description=\"\" data-medium-file=\"https:\/\/www.passports.top\/en\/wp-content\/uploads\/sites\/2\/2018\/08\/DSC_0190-200x300.jpg\" data-large-file=\"https:\/\/www.passports.top\/en\/wp-content\/uploads\/sites\/2\/2018\/08\/DSC_0190-682x1024.jpg\" \/><\/a>\n\t\t\t<\/div><\/figure><figure class='gallery-item'>\n\t\t\t<div class='gallery-icon landscape'>\n\t\t\t\t<a href='https:\/\/www.passports.top\/en\/dsc_0174-6\/'><img loading=\"lazy\" decoding=\"async\" width=\"150\" height=\"150\" src=\"https:\/\/www.passports.top\/en\/wp-content\/uploads\/sites\/2\/2018\/08\/DSC_0174-1-150x150.jpg\" class=\"attachment-thumbnail size-thumbnail\" alt=\"\" data-attachment-id=\"1919\" data-orig-file=\"https:\/\/www.passports.top\/en\/wp-content\/uploads\/sites\/2\/2018\/08\/DSC_0174-1.jpg\" data-orig-size=\"2000,1333\" data-comments-opened=\"1\" data-image-meta=\"{&quot;aperture&quot;:&quot;11&quot;,&quot;credit&quot;:&quot;&quot;,&quot;camera&quot;:&quot;NIKON D5300&quot;,&quot;caption&quot;:&quot;&quot;,&quot;created_timestamp&quot;:&quot;1533464367&quot;,&quot;copyright&quot;:&quot;&quot;,&quot;focal_length&quot;:&quot;26&quot;,&quot;iso&quot;:&quot;400&quot;,&quot;shutter_speed&quot;:&quot;0.002&quot;,&quot;title&quot;:&quot;&quot;,&quot;orientation&quot;:&quot;0&quot;,&quot;keywords&quot;:&quot;Array&quot;}\" data-image-title=\"Freiburg im Breisgau &#8211; P\u0103durea Neagr\u0103\" data-image-description=\"\" data-medium-file=\"https:\/\/www.passports.top\/en\/wp-content\/uploads\/sites\/2\/2018\/08\/DSC_0174-1-300x200.jpg\" data-large-file=\"https:\/\/www.passports.top\/en\/wp-content\/uploads\/sites\/2\/2018\/08\/DSC_0174-1-1024x682.jpg\" \/><\/a>\n\t\t\t<\/div><\/figure><figure class='gallery-item'>\n\t\t\t<div class='gallery-icon landscape'>\n\t\t\t\t<a href='https:\/\/www.passports.top\/en\/dsc_0200-3\/'><img loading=\"lazy\" decoding=\"async\" width=\"150\" height=\"150\" src=\"https:\/\/www.passports.top\/en\/wp-content\/uploads\/sites\/2\/2018\/08\/DSC_0200-150x150.jpg\" class=\"attachment-thumbnail size-thumbnail\" alt=\"\" data-attachment-id=\"1924\" data-orig-file=\"https:\/\/www.passports.top\/en\/wp-content\/uploads\/sites\/2\/2018\/08\/DSC_0200.jpg\" data-orig-size=\"2000,1670\" data-comments-opened=\"1\" data-image-meta=\"{&quot;aperture&quot;:&quot;8&quot;,&quot;credit&quot;:&quot;&quot;,&quot;camera&quot;:&quot;NIKON D5300&quot;,&quot;caption&quot;:&quot;&quot;,&quot;created_timestamp&quot;:&quot;1533465435&quot;,&quot;copyright&quot;:&quot;&quot;,&quot;focal_length&quot;:&quot;18&quot;,&quot;iso&quot;:&quot;400&quot;,&quot;shutter_speed&quot;:&quot;0.0125&quot;,&quot;title&quot;:&quot;&quot;,&quot;orientation&quot;:&quot;0&quot;,&quot;keywords&quot;:&quot;Array&quot;}\" data-image-title=\"Freiburg im Breisgau &#8211; P\u0103durea Neagr\u0103\" data-image-description=\"\" data-medium-file=\"https:\/\/www.passports.top\/en\/wp-content\/uploads\/sites\/2\/2018\/08\/DSC_0200-300x251.jpg\" data-large-file=\"https:\/\/www.passports.top\/en\/wp-content\/uploads\/sites\/2\/2018\/08\/DSC_0200-1024x855.jpg\" \/><\/a>\n\t\t\t<\/div><\/figure><figure class='gallery-item'>\n\t\t\t<div class='gallery-icon landscape'>\n\t\t\t\t<a href='https:\/\/www.passports.top\/en\/dsc_0207-3\/'><img loading=\"lazy\" decoding=\"async\" width=\"150\" height=\"150\" src=\"https:\/\/www.passports.top\/en\/wp-content\/uploads\/sites\/2\/2018\/08\/DSC_0207-1-150x150.jpg\" class=\"attachment-thumbnail size-thumbnail\" alt=\"\" data-attachment-id=\"1929\" data-orig-file=\"https:\/\/www.passports.top\/en\/wp-content\/uploads\/sites\/2\/2018\/08\/DSC_0207-1.jpg\" data-orig-size=\"2000,1333\" data-comments-opened=\"1\" data-image-meta=\"{&quot;aperture&quot;:&quot;9&quot;,&quot;credit&quot;:&quot;&quot;,&quot;camera&quot;:&quot;NIKON D5300&quot;,&quot;caption&quot;:&quot;&quot;,&quot;created_timestamp&quot;:&quot;1533466687&quot;,&quot;copyright&quot;:&quot;&quot;,&quot;focal_length&quot;:&quot;18&quot;,&quot;iso&quot;:&quot;400&quot;,&quot;shutter_speed&quot;:&quot;0.01&quot;,&quot;title&quot;:&quot;&quot;,&quot;orientation&quot;:&quot;0&quot;,&quot;keywords&quot;:&quot;Array&quot;}\" data-image-title=\"Freiburg im Breisgau &#8211; P\u0103durea Neagr\u0103\" data-image-description=\"\" data-medium-file=\"https:\/\/www.passports.top\/en\/wp-content\/uploads\/sites\/2\/2018\/08\/DSC_0207-1-300x200.jpg\" data-large-file=\"https:\/\/www.passports.top\/en\/wp-content\/uploads\/sites\/2\/2018\/08\/DSC_0207-1-1024x682.jpg\" \/><\/a>\n\t\t\t<\/div><\/figure><figure class='gallery-item'>\n\t\t\t<div class='gallery-icon landscape'>\n\t\t\t\t<a href='https:\/\/www.passports.top\/en\/dsc_0208-2\/'><img loading=\"lazy\" decoding=\"async\" width=\"150\" height=\"150\" src=\"https:\/\/www.passports.top\/en\/wp-content\/uploads\/sites\/2\/2018\/08\/DSC_0208-1-150x150.jpg\" class=\"attachment-thumbnail size-thumbnail\" alt=\"\" data-attachment-id=\"1930\" data-orig-file=\"https:\/\/www.passports.top\/en\/wp-content\/uploads\/sites\/2\/2018\/08\/DSC_0208-1.jpg\" data-orig-size=\"2000,1333\" data-comments-opened=\"1\" data-image-meta=\"{&quot;aperture&quot;:&quot;11&quot;,&quot;credit&quot;:&quot;&quot;,&quot;camera&quot;:&quot;NIKON D5300&quot;,&quot;caption&quot;:&quot;&quot;,&quot;created_timestamp&quot;:&quot;1533466861&quot;,&quot;copyright&quot;:&quot;&quot;,&quot;focal_length&quot;:&quot;18&quot;,&quot;iso&quot;:&quot;280&quot;,&quot;shutter_speed&quot;:&quot;0.002&quot;,&quot;title&quot;:&quot;&quot;,&quot;orientation&quot;:&quot;0&quot;,&quot;keywords&quot;:&quot;Array&quot;}\" data-image-title=\"Freiburg im Breisgau &#8211; P\u0103durea Neagr\u0103\" data-image-description=\"\" data-medium-file=\"https:\/\/www.passports.top\/en\/wp-content\/uploads\/sites\/2\/2018\/08\/DSC_0208-1-300x200.jpg\" data-large-file=\"https:\/\/www.passports.top\/en\/wp-content\/uploads\/sites\/2\/2018\/08\/DSC_0208-1-1024x682.jpg\" \/><\/a>\n\t\t\t<\/div><\/figure><figure class='gallery-item'>\n\t\t\t<div class='gallery-icon landscape'>\n\t\t\t\t<a href='https:\/\/www.passports.top\/en\/dsc_0203\/'><img loading=\"lazy\" decoding=\"async\" width=\"150\" height=\"150\" src=\"https:\/\/www.passports.top\/en\/wp-content\/uploads\/sites\/2\/2018\/08\/DSC_0203-150x150.jpg\" class=\"attachment-thumbnail size-thumbnail\" alt=\"\" data-attachment-id=\"1926\" data-orig-file=\"https:\/\/www.passports.top\/en\/wp-content\/uploads\/sites\/2\/2018\/08\/DSC_0203.jpg\" data-orig-size=\"2000,1333\" data-comments-opened=\"1\" data-image-meta=\"{&quot;aperture&quot;:&quot;11&quot;,&quot;credit&quot;:&quot;&quot;,&quot;camera&quot;:&quot;NIKON D5300&quot;,&quot;caption&quot;:&quot;&quot;,&quot;created_timestamp&quot;:&quot;1533466359&quot;,&quot;copyright&quot;:&quot;&quot;,&quot;focal_length&quot;:&quot;18&quot;,&quot;iso&quot;:&quot;280&quot;,&quot;shutter_speed&quot;:&quot;0.002&quot;,&quot;title&quot;:&quot;&quot;,&quot;orientation&quot;:&quot;0&quot;,&quot;keywords&quot;:&quot;Array&quot;}\" data-image-title=\"Freiburg im Breisgau &#8211; P\u0103durea Neagr\u0103\" data-image-description=\"\" data-medium-file=\"https:\/\/www.passports.top\/en\/wp-content\/uploads\/sites\/2\/2018\/08\/DSC_0203-300x200.jpg\" data-large-file=\"https:\/\/www.passports.top\/en\/wp-content\/uploads\/sites\/2\/2018\/08\/DSC_0203-1024x682.jpg\" \/><\/a>\n\t\t\t<\/div><\/figure><figure class='gallery-item'>\n\t\t\t<div class='gallery-icon landscape'>\n\t\t\t\t<a href='https:\/\/www.passports.top\/en\/dsc_0201-4\/'><img loading=\"lazy\" decoding=\"async\" width=\"150\" height=\"150\" src=\"https:\/\/www.passports.top\/en\/wp-content\/uploads\/sites\/2\/2018\/08\/DSC_0201-1-150x150.jpg\" class=\"attachment-thumbnail size-thumbnail\" alt=\"\" data-attachment-id=\"1925\" data-orig-file=\"https:\/\/www.passports.top\/en\/wp-content\/uploads\/sites\/2\/2018\/08\/DSC_0201-1.jpg\" data-orig-size=\"2000,1359\" data-comments-opened=\"1\" data-image-meta=\"{&quot;aperture&quot;:&quot;10&quot;,&quot;credit&quot;:&quot;&quot;,&quot;camera&quot;:&quot;NIKON D5300&quot;,&quot;caption&quot;:&quot;&quot;,&quot;created_timestamp&quot;:&quot;1533465483&quot;,&quot;copyright&quot;:&quot;&quot;,&quot;focal_length&quot;:&quot;18&quot;,&quot;iso&quot;:&quot;400&quot;,&quot;shutter_speed&quot;:&quot;0.004&quot;,&quot;title&quot;:&quot;&quot;,&quot;orientation&quot;:&quot;0&quot;,&quot;keywords&quot;:&quot;Array&quot;}\" data-image-title=\"Freiburg im Breisgau &#8211; P\u0103durea Neagr\u0103\" data-image-description=\"\" data-medium-file=\"https:\/\/www.passports.top\/en\/wp-content\/uploads\/sites\/2\/2018\/08\/DSC_0201-1-300x204.jpg\" data-large-file=\"https:\/\/www.passports.top\/en\/wp-content\/uploads\/sites\/2\/2018\/08\/DSC_0201-1-1024x696.jpg\" \/><\/a>\n\t\t\t<\/div><\/figure><figure class='gallery-item'>\n\t\t\t<div class='gallery-icon landscape'>\n\t\t\t\t<a href='https:\/\/www.passports.top\/en\/dsc_0210-2\/'><img loading=\"lazy\" decoding=\"async\" width=\"150\" height=\"150\" src=\"https:\/\/www.passports.top\/en\/wp-content\/uploads\/sites\/2\/2018\/08\/DSC_0210-150x150.jpg\" class=\"attachment-thumbnail size-thumbnail\" alt=\"\" data-attachment-id=\"1931\" data-orig-file=\"https:\/\/www.passports.top\/en\/wp-content\/uploads\/sites\/2\/2018\/08\/DSC_0210.jpg\" data-orig-size=\"2000,1333\" data-comments-opened=\"1\" data-image-meta=\"{&quot;aperture&quot;:&quot;11&quot;,&quot;credit&quot;:&quot;&quot;,&quot;camera&quot;:&quot;NIKON D5300&quot;,&quot;caption&quot;:&quot;&quot;,&quot;created_timestamp&quot;:&quot;1533466892&quot;,&quot;copyright&quot;:&quot;&quot;,&quot;focal_length&quot;:&quot;26&quot;,&quot;iso&quot;:&quot;320&quot;,&quot;shutter_speed&quot;:&quot;0.002&quot;,&quot;title&quot;:&quot;&quot;,&quot;orientation&quot;:&quot;0&quot;,&quot;keywords&quot;:&quot;Array&quot;}\" data-image-title=\"Freiburg im Breisgau &#8211; P\u0103durea Neagr\u0103\" data-image-description=\"\" data-medium-file=\"https:\/\/www.passports.top\/en\/wp-content\/uploads\/sites\/2\/2018\/08\/DSC_0210-300x200.jpg\" data-large-file=\"https:\/\/www.passports.top\/en\/wp-content\/uploads\/sites\/2\/2018\/08\/DSC_0210-1024x682.jpg\" \/><\/a>\n\t\t\t<\/div><\/figure><figure class='gallery-item'>\n\t\t\t<div class='gallery-icon landscape'>\n\t\t\t\t<a href='https:\/\/www.passports.top\/en\/dsc_0212-5\/'><img loading=\"lazy\" decoding=\"async\" width=\"150\" height=\"150\" src=\"https:\/\/www.passports.top\/en\/wp-content\/uploads\/sites\/2\/2018\/08\/DSC_0212-1-150x150.jpg\" class=\"attachment-thumbnail size-thumbnail\" alt=\"\" data-attachment-id=\"1932\" data-orig-file=\"https:\/\/www.passports.top\/en\/wp-content\/uploads\/sites\/2\/2018\/08\/DSC_0212-1.jpg\" data-orig-size=\"2000,1333\" data-comments-opened=\"1\" data-image-meta=\"{&quot;aperture&quot;:&quot;11&quot;,&quot;credit&quot;:&quot;&quot;,&quot;camera&quot;:&quot;NIKON D5300&quot;,&quot;caption&quot;:&quot;&quot;,&quot;created_timestamp&quot;:&quot;1533467068&quot;,&quot;copyright&quot;:&quot;&quot;,&quot;focal_length&quot;:&quot;24&quot;,&quot;iso&quot;:&quot;320&quot;,&quot;shutter_speed&quot;:&quot;0.002&quot;,&quot;title&quot;:&quot;&quot;,&quot;orientation&quot;:&quot;0&quot;,&quot;keywords&quot;:&quot;Array&quot;}\" data-image-title=\"Freiburg im Breisgau &#8211; P\u0103durea Neagr\u0103\" data-image-description=\"\" data-medium-file=\"https:\/\/www.passports.top\/en\/wp-content\/uploads\/sites\/2\/2018\/08\/DSC_0212-1-300x200.jpg\" data-large-file=\"https:\/\/www.passports.top\/en\/wp-content\/uploads\/sites\/2\/2018\/08\/DSC_0212-1-1024x682.jpg\" \/><\/a>\n\t\t\t<\/div><\/figure><figure class='gallery-item'>\n\t\t\t<div class='gallery-icon landscape'>\n\t\t\t\t<a href='https:\/\/www.passports.top\/en\/dsc_0204-4\/'><img loading=\"lazy\" decoding=\"async\" width=\"150\" height=\"150\" src=\"https:\/\/www.passports.top\/en\/wp-content\/uploads\/sites\/2\/2018\/08\/DSC_0204-1-150x150.jpg\" class=\"attachment-thumbnail size-thumbnail\" alt=\"\" data-attachment-id=\"1927\" data-orig-file=\"https:\/\/www.passports.top\/en\/wp-content\/uploads\/sites\/2\/2018\/08\/DSC_0204-1.jpg\" data-orig-size=\"2000,1333\" data-comments-opened=\"1\" data-image-meta=\"{&quot;aperture&quot;:&quot;11&quot;,&quot;credit&quot;:&quot;&quot;,&quot;camera&quot;:&quot;NIKON D5300&quot;,&quot;caption&quot;:&quot;&quot;,&quot;created_timestamp&quot;:&quot;1533466436&quot;,&quot;copyright&quot;:&quot;&quot;,&quot;focal_length&quot;:&quot;18&quot;,&quot;iso&quot;:&quot;400&quot;,&quot;shutter_speed&quot;:&quot;0.002&quot;,&quot;title&quot;:&quot;&quot;,&quot;orientation&quot;:&quot;0&quot;,&quot;keywords&quot;:&quot;Array&quot;}\" data-image-title=\"Freiburg im Breisgau &#8211; P\u0103durea Neagr\u0103\" data-image-description=\"\" data-medium-file=\"https:\/\/www.passports.top\/en\/wp-content\/uploads\/sites\/2\/2018\/08\/DSC_0204-1-300x200.jpg\" data-large-file=\"https:\/\/www.passports.top\/en\/wp-content\/uploads\/sites\/2\/2018\/08\/DSC_0204-1-1024x682.jpg\" \/><\/a>\n\t\t\t<\/div><\/figure><figure class='gallery-item'>\n\t\t\t<div class='gallery-icon landscape'>\n\t\t\t\t<a href='https:\/\/www.passports.top\/en\/dsc_0206-2\/'><img loading=\"lazy\" decoding=\"async\" width=\"150\" height=\"150\" src=\"https:\/\/www.passports.top\/en\/wp-content\/uploads\/sites\/2\/2018\/08\/DSC_0206-150x150.jpg\" class=\"attachment-thumbnail size-thumbnail\" alt=\"\" data-attachment-id=\"1928\" data-orig-file=\"https:\/\/www.passports.top\/en\/wp-content\/uploads\/sites\/2\/2018\/08\/DSC_0206.jpg\" data-orig-size=\"2000,1333\" data-comments-opened=\"1\" data-image-meta=\"{&quot;aperture&quot;:&quot;11&quot;,&quot;credit&quot;:&quot;&quot;,&quot;camera&quot;:&quot;NIKON D5300&quot;,&quot;caption&quot;:&quot;&quot;,&quot;created_timestamp&quot;:&quot;1533466493&quot;,&quot;copyright&quot;:&quot;&quot;,&quot;focal_length&quot;:&quot;22&quot;,&quot;iso&quot;:&quot;360&quot;,&quot;shutter_speed&quot;:&quot;0.002&quot;,&quot;title&quot;:&quot;&quot;,&quot;orientation&quot;:&quot;0&quot;,&quot;keywords&quot;:&quot;Array&quot;}\" data-image-title=\"Freiburg im Breisgau &#8211; P\u0103durea Neagr\u0103\" data-image-description=\"\" data-medium-file=\"https:\/\/www.passports.top\/en\/wp-content\/uploads\/sites\/2\/2018\/08\/DSC_0206-300x200.jpg\" data-large-file=\"https:\/\/www.passports.top\/en\/wp-content\/uploads\/sites\/2\/2018\/08\/DSC_0206-1024x682.jpg\" \/><\/a>\n\t\t\t<\/div><\/figure><figure class='gallery-item'>\n\t\t\t<div class='gallery-icon portrait'>\n\t\t\t\t<a href='https:\/\/www.passports.top\/en\/dsc_0215-2\/'><img loading=\"lazy\" decoding=\"async\" width=\"150\" height=\"150\" src=\"https:\/\/www.passports.top\/en\/wp-content\/uploads\/sites\/2\/2018\/08\/DSC_0215-1-150x150.jpg\" class=\"attachment-thumbnail size-thumbnail\" alt=\"\" data-attachment-id=\"1933\" data-orig-file=\"https:\/\/www.passports.top\/en\/wp-content\/uploads\/sites\/2\/2018\/08\/DSC_0215-1.jpg\" data-orig-size=\"1383,2000\" data-comments-opened=\"1\" data-image-meta=\"{&quot;aperture&quot;:&quot;11&quot;,&quot;credit&quot;:&quot;&quot;,&quot;camera&quot;:&quot;NIKON D5300&quot;,&quot;caption&quot;:&quot;&quot;,&quot;created_timestamp&quot;:&quot;1533467186&quot;,&quot;copyright&quot;:&quot;&quot;,&quot;focal_length&quot;:&quot;18&quot;,&quot;iso&quot;:&quot;280&quot;,&quot;shutter_speed&quot;:&quot;0.002&quot;,&quot;title&quot;:&quot;&quot;,&quot;orientation&quot;:&quot;0&quot;,&quot;keywords&quot;:&quot;Array&quot;}\" data-image-title=\"Freiburg im Breisgau &#8211; P\u0103durea Neagr\u0103\" data-image-description=\"\" data-medium-file=\"https:\/\/www.passports.top\/en\/wp-content\/uploads\/sites\/2\/2018\/08\/DSC_0215-1-207x300.jpg\" data-large-file=\"https:\/\/www.passports.top\/en\/wp-content\/uploads\/sites\/2\/2018\/08\/DSC_0215-1-708x1024.jpg\" \/><\/a>\n\t\t\t<\/div><\/figure><figure class='gallery-item'>\n\t\t\t<div class='gallery-icon landscape'>\n\t\t\t\t<a href='https:\/\/www.passports.top\/en\/dsc_0232\/'><img loading=\"lazy\" decoding=\"async\" width=\"150\" height=\"150\" src=\"https:\/\/www.passports.top\/en\/wp-content\/uploads\/sites\/2\/2018\/08\/DSC_0232-150x150.jpg\" class=\"attachment-thumbnail size-thumbnail\" alt=\"\" data-attachment-id=\"1938\" data-orig-file=\"https:\/\/www.passports.top\/en\/wp-content\/uploads\/sites\/2\/2018\/08\/DSC_0232.jpg\" data-orig-size=\"2000,1370\" data-comments-opened=\"1\" data-image-meta=\"{&quot;aperture&quot;:&quot;11&quot;,&quot;credit&quot;:&quot;&quot;,&quot;camera&quot;:&quot;NIKON D5300&quot;,&quot;caption&quot;:&quot;&quot;,&quot;created_timestamp&quot;:&quot;1533469623&quot;,&quot;copyright&quot;:&quot;&quot;,&quot;focal_length&quot;:&quot;18&quot;,&quot;iso&quot;:&quot;250&quot;,&quot;shutter_speed&quot;:&quot;0.002&quot;,&quot;title&quot;:&quot;&quot;,&quot;orientation&quot;:&quot;0&quot;,&quot;keywords&quot;:&quot;Array&quot;}\" data-image-title=\"Freiburg im Breisgau &#8211; P\u0103durea Neagr\u0103\" data-image-description=\"\" data-medium-file=\"https:\/\/www.passports.top\/en\/wp-content\/uploads\/sites\/2\/2018\/08\/DSC_0232-300x206.jpg\" data-large-file=\"https:\/\/www.passports.top\/en\/wp-content\/uploads\/sites\/2\/2018\/08\/DSC_0232-1024x701.jpg\" \/><\/a>\n\t\t\t<\/div><\/figure><figure class='gallery-item'>\n\t\t\t<div class='gallery-icon landscape'>\n\t\t\t\t<a href='https:\/\/www.passports.top\/en\/dsc_0231-4\/'><img loading=\"lazy\" decoding=\"async\" width=\"150\" height=\"150\" src=\"https:\/\/www.passports.top\/en\/wp-content\/uploads\/sites\/2\/2018\/08\/DSC_0231-1-150x150.jpg\" class=\"attachment-thumbnail size-thumbnail\" alt=\"\" data-attachment-id=\"1937\" data-orig-file=\"https:\/\/www.passports.top\/en\/wp-content\/uploads\/sites\/2\/2018\/08\/DSC_0231-1.jpg\" data-orig-size=\"2000,1333\" data-comments-opened=\"1\" data-image-meta=\"{&quot;aperture&quot;:&quot;9&quot;,&quot;credit&quot;:&quot;&quot;,&quot;camera&quot;:&quot;NIKON D5300&quot;,&quot;caption&quot;:&quot;&quot;,&quot;created_timestamp&quot;:&quot;1533469480&quot;,&quot;copyright&quot;:&quot;&quot;,&quot;focal_length&quot;:&quot;18&quot;,&quot;iso&quot;:&quot;400&quot;,&quot;shutter_speed&quot;:&quot;0.01&quot;,&quot;title&quot;:&quot;&quot;,&quot;orientation&quot;:&quot;0&quot;,&quot;keywords&quot;:&quot;Array&quot;}\" data-image-title=\"Freiburg im Breisgau &#8211; P\u0103durea Neagr\u0103\" data-image-description=\"\" data-medium-file=\"https:\/\/www.passports.top\/en\/wp-content\/uploads\/sites\/2\/2018\/08\/DSC_0231-1-300x200.jpg\" data-large-file=\"https:\/\/www.passports.top\/en\/wp-content\/uploads\/sites\/2\/2018\/08\/DSC_0231-1-1024x682.jpg\" \/><\/a>\n\t\t\t<\/div><\/figure><figure class='gallery-item'>\n\t\t\t<div class='gallery-icon landscape'>\n\t\t\t\t<a href='https:\/\/www.passports.top\/en\/dsc_0228-3\/'><img loading=\"lazy\" decoding=\"async\" width=\"150\" height=\"150\" src=\"https:\/\/www.passports.top\/en\/wp-content\/uploads\/sites\/2\/2018\/08\/DSC_0228-150x150.jpg\" class=\"attachment-thumbnail size-thumbnail\" alt=\"\" data-attachment-id=\"1936\" data-orig-file=\"https:\/\/www.passports.top\/en\/wp-content\/uploads\/sites\/2\/2018\/08\/DSC_0228.jpg\" data-orig-size=\"2000,1333\" data-comments-opened=\"1\" data-image-meta=\"{&quot;aperture&quot;:&quot;8&quot;,&quot;credit&quot;:&quot;&quot;,&quot;camera&quot;:&quot;NIKON D5300&quot;,&quot;caption&quot;:&quot;&quot;,&quot;created_timestamp&quot;:&quot;1533469409&quot;,&quot;copyright&quot;:&quot;&quot;,&quot;focal_length&quot;:&quot;30&quot;,&quot;iso&quot;:&quot;400&quot;,&quot;shutter_speed&quot;:&quot;0.0125&quot;,&quot;title&quot;:&quot;&quot;,&quot;orientation&quot;:&quot;0&quot;,&quot;keywords&quot;:&quot;Array&quot;}\" data-image-title=\"Freiburg im Breisgau &#8211; P\u0103durea Neagr\u0103\" data-image-description=\"\" data-medium-file=\"https:\/\/www.passports.top\/en\/wp-content\/uploads\/sites\/2\/2018\/08\/DSC_0228-300x200.jpg\" data-large-file=\"https:\/\/www.passports.top\/en\/wp-content\/uploads\/sites\/2\/2018\/08\/DSC_0228-1024x682.jpg\" \/><\/a>\n\t\t\t<\/div><\/figure><figure class='gallery-item'>\n\t\t\t<div class='gallery-icon landscape'>\n\t\t\t\t<a href='https:\/\/www.passports.top\/en\/dsc_0224-6\/'><img loading=\"lazy\" decoding=\"async\" width=\"150\" height=\"150\" src=\"https:\/\/www.passports.top\/en\/wp-content\/uploads\/sites\/2\/2018\/08\/DSC_0224-150x150.jpg\" class=\"attachment-thumbnail size-thumbnail\" alt=\"\" data-attachment-id=\"1935\" data-orig-file=\"https:\/\/www.passports.top\/en\/wp-content\/uploads\/sites\/2\/2018\/08\/DSC_0224.jpg\" data-orig-size=\"2000,1465\" data-comments-opened=\"1\" data-image-meta=\"{&quot;aperture&quot;:&quot;11&quot;,&quot;credit&quot;:&quot;&quot;,&quot;camera&quot;:&quot;NIKON D5300&quot;,&quot;caption&quot;:&quot;&quot;,&quot;created_timestamp&quot;:&quot;1533467366&quot;,&quot;copyright&quot;:&quot;&quot;,&quot;focal_length&quot;:&quot;28&quot;,&quot;iso&quot;:&quot;250&quot;,&quot;shutter_speed&quot;:&quot;0.002&quot;,&quot;title&quot;:&quot;&quot;,&quot;orientation&quot;:&quot;0&quot;,&quot;keywords&quot;:&quot;Array&quot;}\" data-image-title=\"Freiburg im Breisgau &#8211; P\u0103durea Neagr\u0103\" data-image-description=\"\" data-medium-file=\"https:\/\/www.passports.top\/en\/wp-content\/uploads\/sites\/2\/2018\/08\/DSC_0224-300x220.jpg\" data-large-file=\"https:\/\/www.passports.top\/en\/wp-content\/uploads\/sites\/2\/2018\/08\/DSC_0224-1024x750.jpg\" \/><\/a>\n\t\t\t<\/div><\/figure><figure class='gallery-item'>\n\t\t\t<div class='gallery-icon landscape'>\n\t\t\t\t<a href='https:\/\/www.passports.top\/en\/dsc_0239-4\/'><img loading=\"lazy\" decoding=\"async\" width=\"150\" height=\"150\" src=\"https:\/\/www.passports.top\/en\/wp-content\/uploads\/sites\/2\/2018\/08\/DSC_0239-1-150x150.jpg\" class=\"attachment-thumbnail size-thumbnail\" alt=\"\" data-attachment-id=\"1939\" data-orig-file=\"https:\/\/www.passports.top\/en\/wp-content\/uploads\/sites\/2\/2018\/08\/DSC_0239-1.jpg\" data-orig-size=\"2000,1333\" data-comments-opened=\"1\" data-image-meta=\"{&quot;aperture&quot;:&quot;11&quot;,&quot;credit&quot;:&quot;&quot;,&quot;camera&quot;:&quot;NIKON D5300&quot;,&quot;caption&quot;:&quot;&quot;,&quot;created_timestamp&quot;:&quot;1533471446&quot;,&quot;copyright&quot;:&quot;&quot;,&quot;focal_length&quot;:&quot;32&quot;,&quot;iso&quot;:&quot;280&quot;,&quot;shutter_speed&quot;:&quot;0.002&quot;,&quot;title&quot;:&quot;&quot;,&quot;orientation&quot;:&quot;0&quot;,&quot;keywords&quot;:&quot;Array&quot;}\" data-image-title=\"Freiburg im Breisgau &#8211; P\u0103durea Neagr\u0103\" data-image-description=\"\" data-medium-file=\"https:\/\/www.passports.top\/en\/wp-content\/uploads\/sites\/2\/2018\/08\/DSC_0239-1-300x200.jpg\" data-large-file=\"https:\/\/www.passports.top\/en\/wp-content\/uploads\/sites\/2\/2018\/08\/DSC_0239-1-1024x682.jpg\" \/><\/a>\n\t\t\t<\/div><\/figure><figure class='gallery-item'>\n\t\t\t<div class='gallery-icon landscape'>\n\t\t\t\t<a href='https:\/\/www.passports.top\/en\/dsc_0251-3\/'><img loading=\"lazy\" decoding=\"async\" width=\"150\" height=\"150\" src=\"https:\/\/www.passports.top\/en\/wp-content\/uploads\/sites\/2\/2018\/08\/DSC_0251-1-150x150.jpg\" class=\"attachment-thumbnail size-thumbnail\" alt=\"\" data-attachment-id=\"1941\" data-orig-file=\"https:\/\/www.passports.top\/en\/wp-content\/uploads\/sites\/2\/2018\/08\/DSC_0251-1.jpg\" data-orig-size=\"2000,1333\" data-comments-opened=\"1\" data-image-meta=\"{&quot;aperture&quot;:&quot;11&quot;,&quot;credit&quot;:&quot;&quot;,&quot;camera&quot;:&quot;NIKON D5300&quot;,&quot;caption&quot;:&quot;&quot;,&quot;created_timestamp&quot;:&quot;1533476944&quot;,&quot;copyright&quot;:&quot;&quot;,&quot;focal_length&quot;:&quot;18&quot;,&quot;iso&quot;:&quot;320&quot;,&quot;shutter_speed&quot;:&quot;0.002&quot;,&quot;title&quot;:&quot;&quot;,&quot;orientation&quot;:&quot;0&quot;,&quot;keywords&quot;:&quot;Array&quot;}\" data-image-title=\"Feldberg &#8211; P\u0103durea Neagr\u0103\" data-image-description=\"&lt;p&gt;Feldberg este cel mai \u00eenalt v\u00e2rf din Muntii P\u0103durea Neagr\u0103 (1493 metri)&lt;\/p&gt;\n\" data-medium-file=\"https:\/\/www.passports.top\/en\/wp-content\/uploads\/sites\/2\/2018\/08\/DSC_0251-1-300x200.jpg\" data-large-file=\"https:\/\/www.passports.top\/en\/wp-content\/uploads\/sites\/2\/2018\/08\/DSC_0251-1-1024x682.jpg\" \/><\/a>\n\t\t\t<\/div><\/figure><figure class='gallery-item'>\n\t\t\t<div class='gallery-icon landscape'>\n\t\t\t\t<a href='https:\/\/www.passports.top\/en\/dsc_0255-3\/'><img loading=\"lazy\" decoding=\"async\" width=\"150\" height=\"150\" src=\"https:\/\/www.passports.top\/en\/wp-content\/uploads\/sites\/2\/2018\/08\/DSC_0255-1-150x150.jpg\" class=\"attachment-thumbnail size-thumbnail\" alt=\"\" data-attachment-id=\"1942\" data-orig-file=\"https:\/\/www.passports.top\/en\/wp-content\/uploads\/sites\/2\/2018\/08\/DSC_0255-1.jpg\" data-orig-size=\"2000,1333\" data-comments-opened=\"1\" data-image-meta=\"{&quot;aperture&quot;:&quot;11&quot;,&quot;credit&quot;:&quot;&quot;,&quot;camera&quot;:&quot;NIKON D5300&quot;,&quot;caption&quot;:&quot;&quot;,&quot;created_timestamp&quot;:&quot;1533478056&quot;,&quot;copyright&quot;:&quot;&quot;,&quot;focal_length&quot;:&quot;28&quot;,&quot;iso&quot;:&quot;400&quot;,&quot;shutter_speed&quot;:&quot;0.0025&quot;,&quot;title&quot;:&quot;&quot;,&quot;orientation&quot;:&quot;0&quot;,&quot;keywords&quot;:&quot;Array&quot;}\" data-image-title=\"Feldberg &#8211; P\u0103durea Neagr\u0103\" data-image-description=\"&lt;p&gt;Feldberg este cel mai \u00eenalt v\u00e2rf din Muntii P\u0103durea Neagr\u0103 (1493 metri)&lt;\/p&gt;\n\" data-medium-file=\"https:\/\/www.passports.top\/en\/wp-content\/uploads\/sites\/2\/2018\/08\/DSC_0255-1-300x200.jpg\" data-large-file=\"https:\/\/www.passports.top\/en\/wp-content\/uploads\/sites\/2\/2018\/08\/DSC_0255-1-1024x682.jpg\" \/><\/a>\n\t\t\t<\/div><\/figure><figure class='gallery-item'>\n\t\t\t<div class='gallery-icon landscape'>\n\t\t\t\t<a href='https:\/\/www.passports.top\/en\/dsc_0260-3\/'><img loading=\"lazy\" decoding=\"async\" width=\"150\" height=\"150\" src=\"https:\/\/www.passports.top\/en\/wp-content\/uploads\/sites\/2\/2018\/08\/DSC_0260-1-150x150.jpg\" class=\"attachment-thumbnail size-thumbnail\" alt=\"\" data-attachment-id=\"1943\" data-orig-file=\"https:\/\/www.passports.top\/en\/wp-content\/uploads\/sites\/2\/2018\/08\/DSC_0260-1.jpg\" data-orig-size=\"2000,1333\" data-comments-opened=\"1\" data-image-meta=\"{&quot;aperture&quot;:&quot;10&quot;,&quot;credit&quot;:&quot;&quot;,&quot;camera&quot;:&quot;NIKON D5300&quot;,&quot;caption&quot;:&quot;&quot;,&quot;created_timestamp&quot;:&quot;1533478117&quot;,&quot;copyright&quot;:&quot;&quot;,&quot;focal_length&quot;:&quot;35&quot;,&quot;iso&quot;:&quot;400&quot;,&quot;shutter_speed&quot;:&quot;0.004&quot;,&quot;title&quot;:&quot;&quot;,&quot;orientation&quot;:&quot;0&quot;,&quot;keywords&quot;:&quot;Array&quot;}\" data-image-title=\"Feldberg &#8211; P\u0103durea Neagr\u0103\" data-image-description=\"&lt;p&gt;Feldberg este cel mai \u00eenalt v\u00e2rf din Muntii P\u0103durea Neagr\u0103 (1493 metri)&lt;\/p&gt;\n\" data-medium-file=\"https:\/\/www.passports.top\/en\/wp-content\/uploads\/sites\/2\/2018\/08\/DSC_0260-1-300x200.jpg\" data-large-file=\"https:\/\/www.passports.top\/en\/wp-content\/uploads\/sites\/2\/2018\/08\/DSC_0260-1-1024x682.jpg\" \/><\/a>\n\t\t\t<\/div><\/figure><figure class='gallery-item'>\n\t\t\t<div class='gallery-icon landscape'>\n\t\t\t\t<a href='https:\/\/www.passports.top\/en\/dsc_0302\/'><img loading=\"lazy\" decoding=\"async\" width=\"150\" height=\"150\" src=\"https:\/\/www.passports.top\/en\/wp-content\/uploads\/sites\/2\/2018\/08\/DSC_0302-150x150.jpg\" class=\"attachment-thumbnail size-thumbnail\" alt=\"\" data-attachment-id=\"1948\" data-orig-file=\"https:\/\/www.passports.top\/en\/wp-content\/uploads\/sites\/2\/2018\/08\/DSC_0302.jpg\" data-orig-size=\"2000,1333\" data-comments-opened=\"1\" data-image-meta=\"{&quot;aperture&quot;:&quot;11&quot;,&quot;credit&quot;:&quot;&quot;,&quot;camera&quot;:&quot;NIKON D5300&quot;,&quot;caption&quot;:&quot;&quot;,&quot;created_timestamp&quot;:&quot;1533479927&quot;,&quot;copyright&quot;:&quot;&quot;,&quot;focal_length&quot;:&quot;21&quot;,&quot;iso&quot;:&quot;400&quot;,&quot;shutter_speed&quot;:&quot;0.002&quot;,&quot;title&quot;:&quot;&quot;,&quot;orientation&quot;:&quot;0&quot;,&quot;keywords&quot;:&quot;Array&quot;}\" data-image-title=\"Feldberg &#8211; P\u0103durea Neagr\u0103\" data-image-description=\"&lt;p&gt;Feldberg este cel mai \u00eenalt v\u00e2rf din Muntii P\u0103durea Neagr\u0103 (1493 metri)&lt;\/p&gt;\n\" data-medium-file=\"https:\/\/www.passports.top\/en\/wp-content\/uploads\/sites\/2\/2018\/08\/DSC_0302-300x200.jpg\" data-large-file=\"https:\/\/www.passports.top\/en\/wp-content\/uploads\/sites\/2\/2018\/08\/DSC_0302-1024x682.jpg\" \/><\/a>\n\t\t\t<\/div><\/figure><figure class='gallery-item'>\n\t\t\t<div class='gallery-icon landscape'>\n\t\t\t\t<a href='https:\/\/www.passports.top\/en\/dsc_0279\/'><img loading=\"lazy\" decoding=\"async\" width=\"150\" height=\"150\" src=\"https:\/\/www.passports.top\/en\/wp-content\/uploads\/sites\/2\/2018\/08\/DSC_0279-150x150.jpg\" class=\"attachment-thumbnail size-thumbnail\" alt=\"\" data-attachment-id=\"1946\" data-orig-file=\"https:\/\/www.passports.top\/en\/wp-content\/uploads\/sites\/2\/2018\/08\/DSC_0279.jpg\" data-orig-size=\"2000,1333\" data-comments-opened=\"1\" data-image-meta=\"{&quot;aperture&quot;:&quot;11&quot;,&quot;credit&quot;:&quot;&quot;,&quot;camera&quot;:&quot;NIKON D5300&quot;,&quot;caption&quot;:&quot;&quot;,&quot;created_timestamp&quot;:&quot;1533478786&quot;,&quot;copyright&quot;:&quot;&quot;,&quot;focal_length&quot;:&quot;18&quot;,&quot;iso&quot;:&quot;220&quot;,&quot;shutter_speed&quot;:&quot;0.002&quot;,&quot;title&quot;:&quot;&quot;,&quot;orientation&quot;:&quot;0&quot;,&quot;keywords&quot;:&quot;Array&quot;}\" data-image-title=\"Feldberg &#8211; P\u0103durea Neagr\u0103\" data-image-description=\"&lt;p&gt;Feldberg este cel mai \u00eenalt v\u00e2rf din Muntii P\u0103durea Neagr\u0103 (1493 metri)&lt;\/p&gt;\n\" data-medium-file=\"https:\/\/www.passports.top\/en\/wp-content\/uploads\/sites\/2\/2018\/08\/DSC_0279-300x200.jpg\" data-large-file=\"https:\/\/www.passports.top\/en\/wp-content\/uploads\/sites\/2\/2018\/08\/DSC_0279-1024x682.jpg\" \/><\/a>\n\t\t\t<\/div><\/figure><figure class='gallery-item'>\n\t\t\t<div class='gallery-icon landscape'>\n\t\t\t\t<a href='https:\/\/www.passports.top\/en\/dsc_0292\/'><img loading=\"lazy\" decoding=\"async\" width=\"150\" height=\"150\" src=\"https:\/\/www.passports.top\/en\/wp-content\/uploads\/sites\/2\/2018\/08\/DSC_0292-150x150.jpg\" class=\"attachment-thumbnail size-thumbnail\" alt=\"\" data-attachment-id=\"1947\" data-orig-file=\"https:\/\/www.passports.top\/en\/wp-content\/uploads\/sites\/2\/2018\/08\/DSC_0292.jpg\" data-orig-size=\"2000,1333\" data-comments-opened=\"1\" data-image-meta=\"{&quot;aperture&quot;:&quot;11&quot;,&quot;credit&quot;:&quot;&quot;,&quot;camera&quot;:&quot;NIKON D5300&quot;,&quot;caption&quot;:&quot;&quot;,&quot;created_timestamp&quot;:&quot;1533479652&quot;,&quot;copyright&quot;:&quot;&quot;,&quot;focal_length&quot;:&quot;21&quot;,&quot;iso&quot;:&quot;400&quot;,&quot;shutter_speed&quot;:&quot;0.002&quot;,&quot;title&quot;:&quot;&quot;,&quot;orientation&quot;:&quot;0&quot;,&quot;keywords&quot;:&quot;Array&quot;}\" data-image-title=\"Feldberg &#8211; P\u0103durea Neagr\u0103\" data-image-description=\"&lt;p&gt;Feldberg este cel mai \u00eenalt v\u00e2rf din Muntii P\u0103durea Neagr\u0103 (1493 metri)&lt;\/p&gt;\n\" data-medium-file=\"https:\/\/www.passports.top\/en\/wp-content\/uploads\/sites\/2\/2018\/08\/DSC_0292-300x200.jpg\" data-large-file=\"https:\/\/www.passports.top\/en\/wp-content\/uploads\/sites\/2\/2018\/08\/DSC_0292-1024x682.jpg\" \/><\/a>\n\t\t\t<\/div><\/figure><figure class='gallery-item'>\n\t\t\t<div class='gallery-icon landscape'>\n\t\t\t\t<a href='https:\/\/www.passports.top\/en\/dsc_0275-2\/'><img loading=\"lazy\" decoding=\"async\" width=\"150\" height=\"150\" src=\"https:\/\/www.passports.top\/en\/wp-content\/uploads\/sites\/2\/2018\/08\/DSC_0275-150x150.jpg\" class=\"attachment-thumbnail size-thumbnail\" alt=\"\" data-attachment-id=\"1945\" data-orig-file=\"https:\/\/www.passports.top\/en\/wp-content\/uploads\/sites\/2\/2018\/08\/DSC_0275.jpg\" data-orig-size=\"2000,1333\" data-comments-opened=\"1\" data-image-meta=\"{&quot;aperture&quot;:&quot;11&quot;,&quot;credit&quot;:&quot;&quot;,&quot;camera&quot;:&quot;NIKON D5300&quot;,&quot;caption&quot;:&quot;&quot;,&quot;created_timestamp&quot;:&quot;1533478604&quot;,&quot;copyright&quot;:&quot;&quot;,&quot;focal_length&quot;:&quot;34&quot;,&quot;iso&quot;:&quot;400&quot;,&quot;shutter_speed&quot;:&quot;0.0025&quot;,&quot;title&quot;:&quot;&quot;,&quot;orientation&quot;:&quot;0&quot;,&quot;keywords&quot;:&quot;Array&quot;}\" data-image-title=\"Feldberg &#8211; P\u0103durea Neagr\u0103\" data-image-description=\"&lt;p&gt;Feldberg este cel mai \u00eenalt v\u00e2rf din Muntii P\u0103durea Neagr\u0103 (1493 metri)&lt;\/p&gt;\n\" data-medium-file=\"https:\/\/www.passports.top\/en\/wp-content\/uploads\/sites\/2\/2018\/08\/DSC_0275-300x200.jpg\" data-large-file=\"https:\/\/www.passports.top\/en\/wp-content\/uploads\/sites\/2\/2018\/08\/DSC_0275-1024x682.jpg\" \/><\/a>\n\t\t\t<\/div><\/figure><figure class='gallery-item'>\n\t\t\t<div class='gallery-icon landscape'>\n\t\t\t\t<a href='https:\/\/www.passports.top\/en\/dsc_0270-2\/'><img loading=\"lazy\" decoding=\"async\" width=\"150\" height=\"150\" src=\"https:\/\/www.passports.top\/en\/wp-content\/uploads\/sites\/2\/2018\/08\/DSC_0270-150x150.jpg\" class=\"attachment-thumbnail size-thumbnail\" alt=\"\" data-attachment-id=\"1944\" data-orig-file=\"https:\/\/www.passports.top\/en\/wp-content\/uploads\/sites\/2\/2018\/08\/DSC_0270.jpg\" data-orig-size=\"2000,1333\" data-comments-opened=\"1\" data-image-meta=\"{&quot;aperture&quot;:&quot;11&quot;,&quot;credit&quot;:&quot;&quot;,&quot;camera&quot;:&quot;NIKON D5300&quot;,&quot;caption&quot;:&quot;&quot;,&quot;created_timestamp&quot;:&quot;1533478459&quot;,&quot;copyright&quot;:&quot;&quot;,&quot;focal_length&quot;:&quot;18&quot;,&quot;iso&quot;:&quot;320&quot;,&quot;shutter_speed&quot;:&quot;0.002&quot;,&quot;title&quot;:&quot;&quot;,&quot;orientation&quot;:&quot;0&quot;,&quot;keywords&quot;:&quot;Array&quot;}\" data-image-title=\"Feldberg &#8211; P\u0103durea Neagr\u0103\" data-image-description=\"&lt;p&gt;Feldberg este cel mai \u00eenalt v\u00e2rf din Muntii P\u0103durea Neagr\u0103 (1493 metri)&lt;\/p&gt;\n\" data-medium-file=\"https:\/\/www.passports.top\/en\/wp-content\/uploads\/sites\/2\/2018\/08\/DSC_0270-300x200.jpg\" data-large-file=\"https:\/\/www.passports.top\/en\/wp-content\/uploads\/sites\/2\/2018\/08\/DSC_0270-1024x682.jpg\" \/><\/a>\n\t\t\t<\/div><\/figure><figure class='gallery-item'>\n\t\t\t<div class='gallery-icon landscape'>\n\t\t\t\t<a href='https:\/\/www.passports.top\/en\/dsc_0053-4\/'><img loading=\"lazy\" decoding=\"async\" width=\"150\" height=\"150\" src=\"https:\/\/www.passports.top\/en\/wp-content\/uploads\/sites\/2\/2018\/08\/DSC_0053-150x150.jpg\" class=\"attachment-thumbnail size-thumbnail\" alt=\"\" data-attachment-id=\"1891\" data-orig-file=\"https:\/\/www.passports.top\/en\/wp-content\/uploads\/sites\/2\/2018\/08\/DSC_0053.jpg\" data-orig-size=\"2000,1808\" data-comments-opened=\"1\" data-image-meta=\"{&quot;aperture&quot;:&quot;9&quot;,&quot;credit&quot;:&quot;&quot;,&quot;camera&quot;:&quot;NIKON D5300&quot;,&quot;caption&quot;:&quot;&quot;,&quot;created_timestamp&quot;:&quot;1533384356&quot;,&quot;copyright&quot;:&quot;&quot;,&quot;focal_length&quot;:&quot;22&quot;,&quot;iso&quot;:&quot;400&quot;,&quot;shutter_speed&quot;:&quot;0.01&quot;,&quot;title&quot;:&quot;&quot;,&quot;orientation&quot;:&quot;0&quot;,&quot;keywords&quot;:&quot;Array&quot;}\" data-image-title=\"P\u0103durea Neagr\u0103\" data-image-description=\"\" data-medium-file=\"https:\/\/www.passports.top\/en\/wp-content\/uploads\/sites\/2\/2018\/08\/DSC_0053-300x271.jpg\" data-large-file=\"https:\/\/www.passports.top\/en\/wp-content\/uploads\/sites\/2\/2018\/08\/DSC_0053-1024x926.jpg\" \/><\/a>\n\t\t\t<\/div><\/figure><figure class='gallery-item'>\n\t\t\t<div class='gallery-icon landscape'>\n\t\t\t\t<a href='https:\/\/www.passports.top\/en\/dsc_0033-4\/'><img loading=\"lazy\" decoding=\"async\" width=\"150\" height=\"150\" src=\"https:\/\/www.passports.top\/en\/wp-content\/uploads\/sites\/2\/2018\/08\/DSC_0033-150x150.jpg\" class=\"attachment-thumbnail size-thumbnail\" alt=\"\" data-attachment-id=\"1887\" data-orig-file=\"https:\/\/www.passports.top\/en\/wp-content\/uploads\/sites\/2\/2018\/08\/DSC_0033.jpg\" data-orig-size=\"2000,1333\" data-comments-opened=\"1\" data-image-meta=\"{&quot;aperture&quot;:&quot;9&quot;,&quot;credit&quot;:&quot;&quot;,&quot;camera&quot;:&quot;NIKON D5300&quot;,&quot;caption&quot;:&quot;&quot;,&quot;created_timestamp&quot;:&quot;1533383369&quot;,&quot;copyright&quot;:&quot;&quot;,&quot;focal_length&quot;:&quot;18&quot;,&quot;iso&quot;:&quot;400&quot;,&quot;shutter_speed&quot;:&quot;0.01&quot;,&quot;title&quot;:&quot;&quot;,&quot;orientation&quot;:&quot;0&quot;,&quot;keywords&quot;:&quot;Array&quot;}\" data-image-title=\"P\u0103durea Neagr\u0103\" data-image-description=\"\" data-medium-file=\"https:\/\/www.passports.top\/en\/wp-content\/uploads\/sites\/2\/2018\/08\/DSC_0033-300x200.jpg\" data-large-file=\"https:\/\/www.passports.top\/en\/wp-content\/uploads\/sites\/2\/2018\/08\/DSC_0033-1024x682.jpg\" \/><\/a>\n\t\t\t<\/div><\/figure><figure class='gallery-item'>\n\t\t\t<div class='gallery-icon landscape'>\n\t\t\t\t<a href='https:\/\/www.passports.top\/en\/dsc_0032-5\/'><img loading=\"lazy\" decoding=\"async\" width=\"150\" height=\"150\" src=\"https:\/\/www.passports.top\/en\/wp-content\/uploads\/sites\/2\/2018\/08\/DSC_0032-150x150.jpg\" class=\"attachment-thumbnail size-thumbnail\" alt=\"\" data-attachment-id=\"1886\" data-orig-file=\"https:\/\/www.passports.top\/en\/wp-content\/uploads\/sites\/2\/2018\/08\/DSC_0032.jpg\" data-orig-size=\"2000,1333\" data-comments-opened=\"1\" data-image-meta=\"{&quot;aperture&quot;:&quot;9&quot;,&quot;credit&quot;:&quot;&quot;,&quot;camera&quot;:&quot;NIKON D5300&quot;,&quot;caption&quot;:&quot;&quot;,&quot;created_timestamp&quot;:&quot;1533383333&quot;,&quot;copyright&quot;:&quot;&quot;,&quot;focal_length&quot;:&quot;40&quot;,&quot;iso&quot;:&quot;400&quot;,&quot;shutter_speed&quot;:&quot;0.008&quot;,&quot;title&quot;:&quot;&quot;,&quot;orientation&quot;:&quot;0&quot;,&quot;keywords&quot;:&quot;Array&quot;}\" data-image-title=\"P\u0103durea Neagr\u0103\" data-image-description=\"\" data-medium-file=\"https:\/\/www.passports.top\/en\/wp-content\/uploads\/sites\/2\/2018\/08\/DSC_0032-300x200.jpg\" data-large-file=\"https:\/\/www.passports.top\/en\/wp-content\/uploads\/sites\/2\/2018\/08\/DSC_0032-1024x682.jpg\" \/><\/a>\n\t\t\t<\/div><\/figure><figure class='gallery-item'>\n\t\t\t<div class='gallery-icon landscape'>\n\t\t\t\t<a href='https:\/\/www.passports.top\/en\/dsc_0051-2-2\/'><img loading=\"lazy\" decoding=\"async\" width=\"150\" height=\"150\" src=\"https:\/\/www.passports.top\/en\/wp-content\/uploads\/sites\/2\/2018\/08\/DSC_0051-2-150x150.jpg\" class=\"attachment-thumbnail size-thumbnail\" alt=\"\" data-attachment-id=\"1889\" data-orig-file=\"https:\/\/www.passports.top\/en\/wp-content\/uploads\/sites\/2\/2018\/08\/DSC_0051-2.jpg\" data-orig-size=\"2000,1333\" data-comments-opened=\"1\" data-image-meta=\"{&quot;aperture&quot;:&quot;9&quot;,&quot;credit&quot;:&quot;&quot;,&quot;camera&quot;:&quot;NIKON D5300&quot;,&quot;caption&quot;:&quot;&quot;,&quot;created_timestamp&quot;:&quot;1533384214&quot;,&quot;copyright&quot;:&quot;&quot;,&quot;focal_length&quot;:&quot;58&quot;,&quot;iso&quot;:&quot;400&quot;,&quot;shutter_speed&quot;:&quot;0.01&quot;,&quot;title&quot;:&quot;&quot;,&quot;orientation&quot;:&quot;0&quot;,&quot;keywords&quot;:&quot;Array&quot;}\" data-image-title=\"P\u0103durea Neagr\u0103\" data-image-description=\"\" data-medium-file=\"https:\/\/www.passports.top\/en\/wp-content\/uploads\/sites\/2\/2018\/08\/DSC_0051-2-300x200.jpg\" data-large-file=\"https:\/\/www.passports.top\/en\/wp-content\/uploads\/sites\/2\/2018\/08\/DSC_0051-2-1024x682.jpg\" \/><\/a>\n\t\t\t<\/div><\/figure><figure class='gallery-item'>\n\t\t\t<div class='gallery-icon landscape'>\n\t\t\t\t<a href='https:\/\/www.passports.top\/en\/dsc_0035-4\/'><img loading=\"lazy\" decoding=\"async\" width=\"150\" height=\"150\" src=\"https:\/\/www.passports.top\/en\/wp-content\/uploads\/sites\/2\/2018\/08\/DSC_0035-150x150.jpg\" class=\"attachment-thumbnail size-thumbnail\" alt=\"\" data-attachment-id=\"1888\" data-orig-file=\"https:\/\/www.passports.top\/en\/wp-content\/uploads\/sites\/2\/2018\/08\/DSC_0035.jpg\" data-orig-size=\"2000,1333\" data-comments-opened=\"1\" data-image-meta=\"{&quot;aperture&quot;:&quot;11&quot;,&quot;credit&quot;:&quot;&quot;,&quot;camera&quot;:&quot;NIKON D5300&quot;,&quot;caption&quot;:&quot;&quot;,&quot;created_timestamp&quot;:&quot;1533383705&quot;,&quot;copyright&quot;:&quot;&quot;,&quot;focal_length&quot;:&quot;35&quot;,&quot;iso&quot;:&quot;400&quot;,&quot;shutter_speed&quot;:&quot;0.0025&quot;,&quot;title&quot;:&quot;&quot;,&quot;orientation&quot;:&quot;0&quot;,&quot;keywords&quot;:&quot;Array&quot;}\" data-image-title=\"P\u0103durea Neagr\u0103\" data-image-description=\"\" data-medium-file=\"https:\/\/www.passports.top\/en\/wp-content\/uploads\/sites\/2\/2018\/08\/DSC_0035-300x200.jpg\" data-large-file=\"https:\/\/www.passports.top\/en\/wp-content\/uploads\/sites\/2\/2018\/08\/DSC_0035-1024x682.jpg\" \/><\/a>\n\t\t\t<\/div><\/figure><figure class='gallery-item'>\n\t\t\t<div class='gallery-icon landscape'>\n\t\t\t\t<a href='https:\/\/www.passports.top\/en\/dsc_0059-4\/'><img loading=\"lazy\" decoding=\"async\" width=\"150\" height=\"150\" src=\"https:\/\/www.passports.top\/en\/wp-content\/uploads\/sites\/2\/2018\/08\/DSC_0059-150x150.jpg\" class=\"attachment-thumbnail size-thumbnail\" alt=\"\" data-attachment-id=\"1892\" data-orig-file=\"https:\/\/www.passports.top\/en\/wp-content\/uploads\/sites\/2\/2018\/08\/DSC_0059.jpg\" data-orig-size=\"2000,1333\" data-comments-opened=\"1\" data-image-meta=\"{&quot;aperture&quot;:&quot;11&quot;,&quot;credit&quot;:&quot;&quot;,&quot;camera&quot;:&quot;NIKON D5300&quot;,&quot;caption&quot;:&quot;&quot;,&quot;created_timestamp&quot;:&quot;1533384567&quot;,&quot;copyright&quot;:&quot;&quot;,&quot;focal_length&quot;:&quot;18&quot;,&quot;iso&quot;:&quot;400&quot;,&quot;shutter_speed&quot;:&quot;0.002&quot;,&quot;title&quot;:&quot;&quot;,&quot;orientation&quot;:&quot;0&quot;,&quot;keywords&quot;:&quot;Array&quot;}\" data-image-title=\"P\u0103durea Neagr\u0103\" data-image-description=\"\" data-medium-file=\"https:\/\/www.passports.top\/en\/wp-content\/uploads\/sites\/2\/2018\/08\/DSC_0059-300x200.jpg\" data-large-file=\"https:\/\/www.passports.top\/en\/wp-content\/uploads\/sites\/2\/2018\/08\/DSC_0059-1024x682.jpg\" \/><\/a>\n\t\t\t<\/div><\/figure>\n\t\t<\/div>\n\r\n<p><span style=\"font-family: arial, helvetica, sans-serif\"><\/span><\/p>","protected":false},"excerpt":{"rendered":"<div class=\"mh-excerpt\"><p>When we hear about the\u00a0Black Forest, we all think of the geography lessons where we learned that the\u00a0Danube originates from there.\u00a0But it is more than <a class=\"mh-excerpt-more\" href=\"https:\/\/www.passports.top\/en\/black-forest\/\" title=\"Black Forest | Schwarzwald\"><span>Read More<\/span><\/a><\/p>\n<\/div>","protected":false},"author":2,"featured_media":1885,"comment_status":"open","ping_status":"open","sticky":false,"template":"","format":"standard","meta":{"footnotes":""},"categories":[6],"tags":[75,80,83,122,124,125,126,137,142,148,330,343,345,411,451,452,487,525,628,792,1121,1129,1130,1131,1132,1164,1255,1261,1262,1270,1271,1272,1273,1274,1275,1277,1283,1285,1293,1396],"class_list":["post-7376","post","type-post","status-publish","format-standard","has-post-thumbnail","hentry","category-travel","tag-augustinerplatz","tag-baden-baden","tag-baden-wurttemberg","tag-best-at-travel","tag-best-travel","tag-best-travel-destinations","tag-best-travel-website","tag-black-forest","tag-blogger","tag-bollenhut","tag-deutschland","tag-donaueschingen","tag-donauquelle","tag-feldberg","tag-freiburg-im-breisgau","tag-freiburger-munster","tag-germany","tag-guinness-book","tag-kirschwasser","tag-mummelsee","tag-schluchsee","tag-schwarzwald","tag-schwarzwaldbahn","tag-schwarzwalder-kirchtorte","tag-schwarzwaldmuseum","tag-sommerrodelbahn-gutach","tag-titisee","tag-tourims","tag-tourism","tag-travel","tag-travel-around-the-world","tag-travel-blog","tag-travel-blogger","tag-travel-channel","tag-travel-consultant","tag-travel-news","tag-triberg","tag-trip","tag-turism-in-germania","tag-weltgroste-kuckucksuhr"],"aioseo_notices":[],"_links":{"self":[{"href":"https:\/\/www.passports.top\/en\/wp-json\/wp\/v2\/posts\/7376","targetHints":{"allow":["GET"]}}],"collection":[{"href":"https:\/\/www.passports.top\/en\/wp-json\/wp\/v2\/posts"}],"about":[{"href":"https:\/\/www.passports.top\/en\/wp-json\/wp\/v2\/types\/post"}],"author":[{"embeddable":true,"href":"https:\/\/www.passports.top\/en\/wp-json\/wp\/v2\/users\/2"}],"replies":[{"embeddable":true,"href":"https:\/\/www.passports.top\/en\/wp-json\/wp\/v2\/comments?post=7376"}],"version-history":[{"count":2,"href":"https:\/\/www.passports.top\/en\/wp-json\/wp\/v2\/posts\/7376\/revisions"}],"predecessor-version":[{"id":11178,"href":"https:\/\/www.passports.top\/en\/wp-json\/wp\/v2\/posts\/7376\/revisions\/11178"}],"wp:featuredmedia":[{"embeddable":true,"href":"https:\/\/www.passports.top\/en\/wp-json\/wp\/v2\/media\/1885"}],"wp:attachment":[{"href":"https:\/\/www.passports.top\/en\/wp-json\/wp\/v2\/media?parent=7376"}],"wp:term":[{"taxonomy":"category","embeddable":true,"href":"https:\/\/www.passports.top\/en\/wp-json\/wp\/v2\/categories?post=7376"},{"taxonomy":"post_tag","embeddable":true,"href":"https:\/\/www.passports.top\/en\/wp-json\/wp\/v2\/tags?post=7376"}],"curies":[{"name":"wp","href":"https:\/\/api.w.org\/{rel}","templated":true}]}}